{"id":71930,"date":"2020-12-26T12:23:24","date_gmt":"2020-12-26T15:23:24","guid":{"rendered":"http:\/\/infoecos.com.ar\/?p=71930"},"modified":"2020-12-26T12:23:27","modified_gmt":"2020-12-26T15:23:27","slug":"este-domingo-competencia-de-aguas-abiertas-en-la-laguna-cuero-de-zorro-de-trenque-lauquen","status":"publish","type":"post","link":"https:\/\/infoecos.com.ar\/index.php\/este-domingo-competencia-de-aguas-abiertas-en-la-laguna-cuero-de-zorro-de-trenque-lauquen\/","title":{"rendered":"Este domingo competencia de Aguas Abiertas en la laguna Cuero de Zorro de Trenque Lauquen"},"content":{"rendered":"\n<p class=\"wp-block-paragraph\">Este domingo 27, a partir de las 14, se realizar\u00e1 una competencia de Aguas Abiertas en la laguna Cuero de Zorro, sobre las distancias 500 metros (participativa), 1.000 metros (intermedia) y 3.000 metros (competitiva), siguiendo un estricto protocolo de seguridad debido la pandemia provocada por el Covid-19.<\/p>\n\n\n\n<div class=\"wp-block-image\"><figure class=\"aligncenter size-medium\"><img loading=\"lazy\" decoding=\"async\" width=\"460\" height=\"307\" src=\"http:\/\/infoecos.com.ar\/wp-content\/uploads\/2020\/12\/aguas-abiertas-460x307.jpeg\" alt=\"\" class=\"wp-image-71931\" srcset=\"https:\/\/infoecos.com.ar\/wp-content\/uploads\/2020\/12\/aguas-abiertas-460x307.jpeg 460w, https:\/\/infoecos.com.ar\/wp-content\/uploads\/2020\/12\/aguas-abiertas-768x512.jpeg 768w, https:\/\/infoecos.com.ar\/wp-content\/uploads\/2020\/12\/aguas-abiertas-675x450.jpeg 675w, https:\/\/infoecos.com.ar\/wp-content\/uploads\/2020\/12\/aguas-abiertas.jpeg 852w\" sizes=\"auto, (max-width: 460px) 100vw, 460px\" \/><\/figure><\/div>\n\n\n\n<p class=\"wp-block-paragraph\">\u201cAguas Abiertas es el primer evento del verano, hay unos cuantos inscriptos y afortunadamente podemos recibir a algunas personas de la zona que siempre participan\u201d, coment\u00f3 el director de Deportes del Municipio, Sergio Barbas.<\/p>\n\n\n\n<p class=\"wp-block-paragraph\">Acerca de la prueba Barbas explic\u00f3 que \u201cson tres competencias, la primera es participativa, despu\u00e9s la segunda de 1.000 metros y el plato fuerte de la tarde que son los 3.000 metros\u201d, y agreg\u00f3 que \u201cse va a premiar la general y para la competencia de los 500 metros habr\u00e1 una medalla para todos\u201d.<\/p>\n\n\n\n<p class=\"wp-block-paragraph\">La prueba est\u00e1 dividida en tres categor\u00edas: hasta 29 a\u00f1os, de 30 a 49 a\u00f1os y mayores de 50 a\u00f1os.<\/p>\n\n\n\n<p class=\"wp-block-paragraph\">\u201cEsperemos que el tiempo nos acompa\u00f1e ya que es fundamental para el desarrollo de la actividad\u201d, se\u00f1al\u00f3 Barbas, para marcar que \u201chay dos factores que podr\u00edan suspender la prueba: el viento y las tormentas el\u00e9ctricas\u201d.<\/p>\n\n\n\n<p class=\"wp-block-paragraph\">El funcionario destac\u00f3 \u201cla ayuda de la gente de Jugo de Canoa, que realiza el control, y tambi\u00e9n de los encargados de la concesi\u00f3n de Cuero de Zorro, que tambi\u00e9n colaboran mucho con el tema de las lanchas\u201d.<\/p>\n\n\n\n<p class=\"wp-block-paragraph\">Barbas asegur\u00f3 que est\u00e1 todo preparado para garantizar la seguridad en la laguna, y en este sentido est\u00e1 prevista la presencia de una ambulancia en el lugar y de los guardavidas.<\/p>\n\n\n\n<p class=\"wp-block-paragraph\">Respecto de la organizaci\u00f3n en el predio Barbas inform\u00f3 que \u201cva a estar dividido en dos sectores, por un lado los que compiten y por otro los que est\u00e9n en el camping ese d\u00eda, por una cuesti\u00f3n de protocolo, y la actividad se va a desarrollar por categor\u00eda, incluso con la entrega de premios incluida\u201d.<\/p>\n","protected":false},"excerpt":{"rendered":"<p>Sobre las distancias 500 metros (participativa), 1.000 metros (intermedia) y 3.000 metros (competitiva)<\/p>\n","protected":false},"author":2,"featured_media":71931,"comment_status":"closed","ping_status":"open","sticky":false,"template":"","format":"standard","meta":{"footnotes":""},"categories":[45],"tags":[1622],"class_list":["post-71930","post","type-post","status-publish","format-standard","has-post-thumbnail","hentry","category-c1nota2","tag-deporte-y-recreacion"],"featured_image_urls":{"full":["https:\/\/infoecos.com.ar\/wp-content\/uploads\/2020\/12\/aguas-abiertas.jpeg",852,568,false],"thumbnail":["https:\/\/infoecos.com.ar\/wp-content\/uploads\/2020\/12\/aguas-abiertas-150x150.jpeg",150,150,true],"medium":["https:\/\/infoecos.com.ar\/wp-content\/uploads\/2020\/12\/aguas-abiertas-460x307.jpeg",460,307,true],"medium_large":["https:\/\/infoecos.com.ar\/wp-content\/uploads\/2020\/12\/aguas-abiertas-768x512.jpeg",640,427,true],"large":["https:\/\/infoecos.com.ar\/wp-content\/uploads\/2020\/12\/aguas-abiertas.jpeg",640,427,false],"1536x1536":["https:\/\/infoecos.com.ar\/wp-content\/uploads\/2020\/12\/aguas-abiertas.jpeg",852,568,false],"2048x2048":["https:\/\/infoecos.com.ar\/wp-content\/uploads\/2020\/12\/aguas-abiertas.jpeg",852,568,false],"covernews-slider-full":["https:\/\/infoecos.com.ar\/wp-content\/uploads\/2020\/12\/aguas-abiertas.jpeg",852,568,false],"covernews-slider-center":["https:\/\/infoecos.com.ar\/wp-content\/uploads\/2020\/12\/aguas-abiertas.jpeg",750,500,false],"covernews-featured":["https:\/\/infoecos.com.ar\/wp-content\/uploads\/2020\/12\/aguas-abiertas.jpeg",852,568,false],"covernews-medium":["https:\/\/infoecos.com.ar\/wp-content\/uploads\/2020\/12\/aguas-abiertas-720x380.jpeg",540,285,true],"covernews-medium-square":["https:\/\/infoecos.com.ar\/wp-content\/uploads\/2020\/12\/aguas-abiertas-675x450.jpeg",375,250,true]},"author_info":{"info":["Jorge Matheus"]},"category_info":"<a href=\"https:\/\/infoecos.com.ar\/index.php\/category\/c1nota2\/\" rel=\"category tag\">C1 N2<\/a>","tag_info":"C1 N2","comment_count":"0","_links":{"self":[{"href":"https:\/\/infoecos.com.ar\/index.php\/wp-json\/wp\/v2\/posts\/71930","targetHints":{"allow":["GET"]}}],"collection":[{"href":"https:\/\/infoecos.com.ar\/index.php\/wp-json\/wp\/v2\/posts"}],"about":[{"href":"https:\/\/infoecos.com.ar\/index.php\/wp-json\/wp\/v2\/types\/post"}],"author":[{"embeddable":true,"href":"https:\/\/infoecos.com.ar\/index.php\/wp-json\/wp\/v2\/users\/2"}],"replies":[{"embeddable":true,"href":"https:\/\/infoecos.com.ar\/index.php\/wp-json\/wp\/v2\/comments?post=71930"}],"version-history":[{"count":1,"href":"https:\/\/infoecos.com.ar\/index.php\/wp-json\/wp\/v2\/posts\/71930\/revisions"}],"predecessor-version":[{"id":71932,"href":"https:\/\/infoecos.com.ar\/index.php\/wp-json\/wp\/v2\/posts\/71930\/revisions\/71932"}],"wp:featuredmedia":[{"embeddable":true,"href":"https:\/\/infoecos.com.ar\/index.php\/wp-json\/wp\/v2\/media\/71931"}],"wp:attachment":[{"href":"https:\/\/infoecos.com.ar\/index.php\/wp-json\/wp\/v2\/media?parent=71930"}],"wp:term":[{"taxonomy":"category","embeddable":true,"href":"https:\/\/infoecos.com.ar\/index.php\/wp-json\/wp\/v2\/categories?post=71930"},{"taxonomy":"post_tag","embeddable":true,"href":"https:\/\/infoecos.com.ar\/index.php\/wp-json\/wp\/v2\/tags?post=71930"}],"curies":[{"name":"wp","href":"https:\/\/api.w.org\/{rel}","templated":true}]}}