{"id":71948,"date":"2020-12-28T00:34:34","date_gmt":"2020-12-28T03:34:34","guid":{"rendered":"http:\/\/infoecos.com.ar\/?p=71948"},"modified":"2020-12-28T00:34:38","modified_gmt":"2020-12-28T03:34:38","slug":"este-domingo-se-reporto-otra-leve-baja-en-el-numero-de-casos-activos-de-covid-19-en-trenque-lauquen","status":"publish","type":"post","link":"https:\/\/infoecos.com.ar\/index.php\/este-domingo-se-reporto-otra-leve-baja-en-el-numero-de-casos-activos-de-covid-19-en-trenque-lauquen\/","title":{"rendered":"Este domingo se report\u00f3 otra leve baja en el n\u00famero de casos activos de Covid-19 en Trenque Lauquen"},"content":{"rendered":"\n<p class=\"wp-block-paragraph\">La subsecretar\u00eda de Salud municipal de Trenque Lauquen report\u00f3 este domingo otra leve baja en el n\u00famero de casos activos de Covid-19, que ahora pasaron de 81 a 77, tras confirmarse seis (6) nuevos casos y recuperarse diez (10) personas m\u00e1s. Tambi\u00e9n fueron descartados 12 casos y hasta el momento quedan 14 casos sospechosos.<\/p>\n\n\n\n<div class=\"wp-block-image\"><figure class=\"aligncenter size-medium\"><img loading=\"lazy\" decoding=\"async\" width=\"460\" height=\"460\" src=\"http:\/\/infoecos.com.ar\/wp-content\/uploads\/2020\/12\/reportedomingo-1-460x460.jpg\" alt=\"\" class=\"wp-image-71949\" srcset=\"https:\/\/infoecos.com.ar\/wp-content\/uploads\/2020\/12\/reportedomingo-1-460x460.jpg 460w, https:\/\/infoecos.com.ar\/wp-content\/uploads\/2020\/12\/reportedomingo-1-920x920.jpg 920w, https:\/\/infoecos.com.ar\/wp-content\/uploads\/2020\/12\/reportedomingo-1-150x150.jpg 150w, https:\/\/infoecos.com.ar\/wp-content\/uploads\/2020\/12\/reportedomingo-1-768x769.jpg 768w, https:\/\/infoecos.com.ar\/wp-content\/uploads\/2020\/12\/reportedomingo-1-1024x1025.jpg 1024w, https:\/\/infoecos.com.ar\/wp-content\/uploads\/2020\/12\/reportedomingo-1.jpg 1279w\" sizes=\"auto, (max-width: 460px) 100vw, 460px\" \/><\/figure><\/div>\n\n\n\n<p class=\"wp-block-paragraph\">De los seis (6) nuevos casos, tres (3) fueron por hisopado y los restantes tres (3) por criterio o nexo epidemiol\u00f3gico de acuerdo al protocolo actualizado vigente, y tres (3) corresponden a Trenque Lauquen \u2013dos (2) por testeo y uno (1) por nexo- y tres (3) a Treinta de Agosto \u2013uno (1) por hisopado y dos (2) por nexo-.<\/p>\n\n\n\n<p class=\"wp-block-paragraph\">Los 77 casos activos a la fecha se distribuyen del siguiente modo: 60 en la ciudad cabecera y 17 en Treinta de Agosto, y del total tres (3) se encuentran en el Hospital Municipal, tres (3) en el Centro Extrahospitalario que funciona en el ex Hotel Pailla Hu\u00e9 y 71 en sus domicilios particulares.<br><\/p>\n\n\n\n<p class=\"wp-block-paragraph\">Nueve (9) de los diez (10) recuperados pertenecen a Trenque Lauquen y uno 1) a Treinta de Agosto, ascendiendo a 1.129 los que recibieron el alta desde el comienzo dela pandemia, en marzo pasado, mientras que tambi\u00e9n en ese per\u00edodo fueron descartados 2.537 casos, ya sumados los 12 de las \u00faltimas 24hs., ocho (8) de Trenque Lauquen y cuatro (4) de Treinta de Agosto.<\/p>\n\n\n\n<p class=\"wp-block-paragraph\">Con respecto a los 14 casos sospechosos, nueve (9) son de Trenque Lauquen y cinco (5) de Treinta de Agosto, y hay adem\u00e1s 166 personas en aislamiento, 114 en la ciudad cabecera y 52 en Treinta de Agosto.<\/p>\n","protected":false},"excerpt":{"rendered":"<p>De los seis (6) nuevos casos, tres (3) fueron por hisopado y los restantes tres (3) por criterio o nexo epidemiol\u00f3gico de acuerdo al protocolo actualizado vigente, y tres (3) corresponden a Trenque Lauquen \u2013dos (2) por testeo y uno (1) por nexo- y tres (3) a Treinta de Agosto \u2013uno (1) por hisopado y dos (2) por nexo-.<\/p>\n","protected":false},"author":2,"featured_media":60374,"comment_status":"closed","ping_status":"open","sticky":false,"template":"","format":"standard","meta":{"footnotes":""},"categories":[1613],"tags":[156],"class_list":["post-71948","post","type-post","status-publish","format-standard","has-post-thumbnail","hentry","category-noticia-secundaria","tag-salud"],"featured_image_urls":{"full":["https:\/\/infoecos.com.ar\/wp-content\/uploads\/tl45guardiahospital-2.jpg",912,608,false],"thumbnail":["https:\/\/infoecos.com.ar\/wp-content\/uploads\/tl45guardiahospital-2-150x150.jpg",150,150,true],"medium":["https:\/\/infoecos.com.ar\/wp-content\/uploads\/tl45guardiahospital-2-460x307.jpg",460,307,true],"medium_large":["https:\/\/infoecos.com.ar\/wp-content\/uploads\/tl45guardiahospital-2-768x512.jpg",640,427,true],"large":["https:\/\/infoecos.com.ar\/wp-content\/uploads\/tl45guardiahospital-2.jpg",640,427,false],"1536x1536":["https:\/\/infoecos.com.ar\/wp-content\/uploads\/tl45guardiahospital-2.jpg",912,608,false],"2048x2048":["https:\/\/infoecos.com.ar\/wp-content\/uploads\/tl45guardiahospital-2.jpg",912,608,false],"covernews-slider-full":["https:\/\/infoecos.com.ar\/wp-content\/uploads\/tl45guardiahospital-2.jpg",912,608,false],"covernews-slider-center":["https:\/\/infoecos.com.ar\/wp-content\/uploads\/tl45guardiahospital-2.jpg",750,500,false],"covernews-featured":["https:\/\/infoecos.com.ar\/wp-content\/uploads\/tl45guardiahospital-2.jpg",912,608,false],"covernews-medium":["https:\/\/infoecos.com.ar\/wp-content\/uploads\/tl45guardiahospital-2-720x380.jpg",540,285,true],"covernews-medium-square":["https:\/\/infoecos.com.ar\/wp-content\/uploads\/tl45guardiahospital-2-675x450.jpg",375,250,true]},"author_info":{"info":["Jorge Matheus"]},"category_info":"<a href=\"https:\/\/infoecos.com.ar\/index.php\/category\/noticia-secundaria\/\" rel=\"category tag\">Noticia Secundaria<\/a>","tag_info":"Noticia Secundaria","comment_count":"0","_links":{"self":[{"href":"https:\/\/infoecos.com.ar\/index.php\/wp-json\/wp\/v2\/posts\/71948","targetHints":{"allow":["GET"]}}],"collection":[{"href":"https:\/\/infoecos.com.ar\/index.php\/wp-json\/wp\/v2\/posts"}],"about":[{"href":"https:\/\/infoecos.com.ar\/index.php\/wp-json\/wp\/v2\/types\/post"}],"author":[{"embeddable":true,"href":"https:\/\/infoecos.com.ar\/index.php\/wp-json\/wp\/v2\/users\/2"}],"replies":[{"embeddable":true,"href":"https:\/\/infoecos.com.ar\/index.php\/wp-json\/wp\/v2\/comments?post=71948"}],"version-history":[{"count":1,"href":"https:\/\/infoecos.com.ar\/index.php\/wp-json\/wp\/v2\/posts\/71948\/revisions"}],"predecessor-version":[{"id":71950,"href":"https:\/\/infoecos.com.ar\/index.php\/wp-json\/wp\/v2\/posts\/71948\/revisions\/71950"}],"wp:featuredmedia":[{"embeddable":true,"href":"https:\/\/infoecos.com.ar\/index.php\/wp-json\/wp\/v2\/media\/60374"}],"wp:attachment":[{"href":"https:\/\/infoecos.com.ar\/index.php\/wp-json\/wp\/v2\/media?parent=71948"}],"wp:term":[{"taxonomy":"category","embeddable":true,"href":"https:\/\/infoecos.com.ar\/index.php\/wp-json\/wp\/v2\/categories?post=71948"},{"taxonomy":"post_tag","embeddable":true,"href":"https:\/\/infoecos.com.ar\/index.php\/wp-json\/wp\/v2\/tags?post=71948"}],"curies":[{"name":"wp","href":"https:\/\/api.w.org\/{rel}","templated":true}]}}