{"id":71954,"date":"2020-12-28T00:50:04","date_gmt":"2020-12-28T03:50:04","guid":{"rendered":"http:\/\/infoecos.com.ar\/?p=71954"},"modified":"2020-12-28T00:50:14","modified_gmt":"2020-12-28T03:50:14","slug":"salliquelo-tambien-con-un-alto-registro-de-contagios","status":"publish","type":"post","link":"https:\/\/infoecos.com.ar\/index.php\/salliquelo-tambien-con-un-alto-registro-de-contagios\/","title":{"rendered":"Salliquel\u00f3 tambi\u00e9n con un alto registro de contagios"},"content":{"rendered":"\n<p class=\"wp-block-paragraph\">El distrito de Salliquel\u00f3 tambi\u00e9n muestra un crecimiento exponencial de casos positivos de corovonavirus.<\/p>\n\n\n\n<p class=\"wp-block-paragraph\">El reporte de este domingo proporcionado por las autoridades indic\u00f3 que se registraron 22 nuevos casos.<\/p>\n\n\n\n<p class=\"wp-block-paragraph\">Hay 70 positivos, 41 de ellos diagnosticados mediante an\u00e1lisis y 29 por nexo cl\u00ednico epidemiol\u00f3gico. <\/p>\n\n\n\n<div class=\"wp-block-image\"><figure class=\"aligncenter size-medium\"><img loading=\"lazy\" decoding=\"async\" width=\"460\" height=\"386\" src=\"http:\/\/infoecos.com.ar\/wp-content\/uploads\/2020\/12\/REPORTESALLIQJELO-460x386.png\" alt=\"\" class=\"wp-image-71955\" srcset=\"https:\/\/infoecos.com.ar\/wp-content\/uploads\/2020\/12\/REPORTESALLIQJELO-460x386.png 460w, https:\/\/infoecos.com.ar\/wp-content\/uploads\/2020\/12\/REPORTESALLIQJELO-920x771.png 920w, https:\/\/infoecos.com.ar\/wp-content\/uploads\/2020\/12\/REPORTESALLIQJELO-768x644.png 768w, https:\/\/infoecos.com.ar\/wp-content\/uploads\/2020\/12\/REPORTESALLIQJELO-936x788.png 936w, https:\/\/infoecos.com.ar\/wp-content\/uploads\/2020\/12\/REPORTESALLIQJELO.png 940w\" sizes=\"auto, (max-width: 460px) 100vw, 460px\" \/><\/figure><\/div>\n","protected":false},"excerpt":{"rendered":"<p>El reporte de este domingo proporcionado por las autoridades indic\u00f3 que se registraron 22 nuevos casos<\/p>\n","protected":false},"author":2,"featured_media":49047,"comment_status":"closed","ping_status":"open","sticky":false,"template":"","format":"standard","meta":{"footnotes":""},"categories":[1613],"tags":[1785],"class_list":["post-71954","post","type-post","status-publish","format-standard","has-post-thumbnail","hentry","category-noticia-secundaria","tag-coronavirus"],"featured_image_urls":{"full":"","thumbnail":"","medium":"","medium_large":"","large":"","1536x1536":"","2048x2048":"","covernews-slider-full":"","covernews-slider-center":"","covernews-featured":"","covernews-medium":"","covernews-medium-square":""},"author_info":{"info":["Jorge Matheus"]},"category_info":"<a href=\"https:\/\/infoecos.com.ar\/index.php\/category\/noticia-secundaria\/\" rel=\"category tag\">Noticia Secundaria<\/a>","tag_info":"Noticia Secundaria","comment_count":"0","_links":{"self":[{"href":"https:\/\/infoecos.com.ar\/index.php\/wp-json\/wp\/v2\/posts\/71954","targetHints":{"allow":["GET"]}}],"collection":[{"href":"https:\/\/infoecos.com.ar\/index.php\/wp-json\/wp\/v2\/posts"}],"about":[{"href":"https:\/\/infoecos.com.ar\/index.php\/wp-json\/wp\/v2\/types\/post"}],"author":[{"embeddable":true,"href":"https:\/\/infoecos.com.ar\/index.php\/wp-json\/wp\/v2\/users\/2"}],"replies":[{"embeddable":true,"href":"https:\/\/infoecos.com.ar\/index.php\/wp-json\/wp\/v2\/comments?post=71954"}],"version-history":[{"count":1,"href":"https:\/\/infoecos.com.ar\/index.php\/wp-json\/wp\/v2\/posts\/71954\/revisions"}],"predecessor-version":[{"id":71956,"href":"https:\/\/infoecos.com.ar\/index.php\/wp-json\/wp\/v2\/posts\/71954\/revisions\/71956"}],"wp:attachment":[{"href":"https:\/\/infoecos.com.ar\/index.php\/wp-json\/wp\/v2\/media?parent=71954"}],"wp:term":[{"taxonomy":"category","embeddable":true,"href":"https:\/\/infoecos.com.ar\/index.php\/wp-json\/wp\/v2\/categories?post=71954"},{"taxonomy":"post_tag","embeddable":true,"href":"https:\/\/infoecos.com.ar\/index.php\/wp-json\/wp\/v2\/tags?post=71954"}],"curies":[{"name":"wp","href":"https:\/\/api.w.org\/{rel}","templated":true}]}}