{"id":71972,"date":"2020-12-28T01:46:47","date_gmt":"2020-12-28T04:46:47","guid":{"rendered":"http:\/\/infoecos.com.ar\/?p=71972"},"modified":"2020-12-28T01:46:49","modified_gmt":"2020-12-28T04:46:49","slug":"aparecio-el-joven-de-ameghino-que-se-encontraba-desaparecido-en-lanus-desde-el-25-de-diciembre","status":"publish","type":"post","link":"https:\/\/infoecos.com.ar\/index.php\/aparecio-el-joven-de-ameghino-que-se-encontraba-desaparecido-en-lanus-desde-el-25-de-diciembre\/","title":{"rendered":"Apareci\u00f3 el joven de Ameghino que se encontraba desaparecido en Lan\u00fas, desde el 25 de diciembre"},"content":{"rendered":"\n<p class=\"wp-block-paragraph\">Apareci\u00f3 Marcelo Carballido, el joven de Ameghino que se encontraba desaparecido en Lanus, desde las primeras horas del 25 de diciembre.<\/p>\n\n\n\n<div class=\"wp-block-image\"><figure class=\"aligncenter size-medium\"><img loading=\"lazy\" decoding=\"async\" width=\"460\" height=\"306\" src=\"http:\/\/infoecos.com.ar\/wp-content\/uploads\/2020\/12\/busca-desesperada-un-joven-que-desaparecio-nochebuena-460x306.jpg\" alt=\"\" class=\"wp-image-71973\" srcset=\"https:\/\/infoecos.com.ar\/wp-content\/uploads\/2020\/12\/busca-desesperada-un-joven-que-desaparecio-nochebuena-460x306.jpg 460w, https:\/\/infoecos.com.ar\/wp-content\/uploads\/2020\/12\/busca-desesperada-un-joven-que-desaparecio-nochebuena-768x511.jpg 768w, https:\/\/infoecos.com.ar\/wp-content\/uploads\/2020\/12\/busca-desesperada-un-joven-que-desaparecio-nochebuena-675x450.jpg 675w, https:\/\/infoecos.com.ar\/wp-content\/uploads\/2020\/12\/busca-desesperada-un-joven-que-desaparecio-nochebuena.jpg 887w\" sizes=\"auto, (max-width: 460px) 100vw, 460px\" \/><figcaption>Carballido, Marcelo<\/figcaption><\/figure><\/div>\n\n\n\n<p class=\"wp-block-paragraph\">Hab\u00eda salido de la casa de su abuela en esa ciudad del conurbano, despu\u00e9s del brindis de Nochebuena y no se sab\u00eda nada de \u00e9l. <\/p>\n\n\n\n<p class=\"wp-block-paragraph\">Se registr\u00f3 una fuerte movilizaci\u00f3n medi\u00e1tica desde su ciudad de residencia y los medios de CABA, como as\u00ed tambi\u00e9n de La Plata, se hicieron eco de la situaci\u00f3n.<\/p>\n\n\n\n<p class=\"wp-block-paragraph\">La informaci\u00f3n sobre su aparici\u00f3n no contiene otros detalles. Se sabe, eso s\u00ed, que se registr\u00f3 en horas de la noche del domingo. <\/p>\n\n\n\n<p class=\"wp-block-paragraph\"><\/p>\n","protected":false},"excerpt":{"rendered":"<p>La informaci\u00f3n sobre su aparici\u00f3n no contiene otros detalles. Se sabe, eso s\u00ed, que se registr\u00f3 en horas de la noche del domingo<\/p>\n","protected":false},"author":2,"featured_media":71973,"comment_status":"closed","ping_status":"open","sticky":false,"template":"","format":"standard","meta":{"footnotes":""},"categories":[49],"tags":[1928],"class_list":["post-71972","post","type-post","status-publish","format-standard","has-post-thumbnail","hentry","category-c3nota3","tag-buena-noticia"],"featured_image_urls":{"full":["https:\/\/infoecos.com.ar\/wp-content\/uploads\/2020\/12\/busca-desesperada-un-joven-que-desaparecio-nochebuena.jpg",887,590,false],"thumbnail":["https:\/\/infoecos.com.ar\/wp-content\/uploads\/2020\/12\/busca-desesperada-un-joven-que-desaparecio-nochebuena-150x150.jpg",150,150,true],"medium":["https:\/\/infoecos.com.ar\/wp-content\/uploads\/2020\/12\/busca-desesperada-un-joven-que-desaparecio-nochebuena-460x306.jpg",460,306,true],"medium_large":["https:\/\/infoecos.com.ar\/wp-content\/uploads\/2020\/12\/busca-desesperada-un-joven-que-desaparecio-nochebuena-768x511.jpg",640,426,true],"large":["https:\/\/infoecos.com.ar\/wp-content\/uploads\/2020\/12\/busca-desesperada-un-joven-que-desaparecio-nochebuena.jpg",640,426,false],"1536x1536":["https:\/\/infoecos.com.ar\/wp-content\/uploads\/2020\/12\/busca-desesperada-un-joven-que-desaparecio-nochebuena.jpg",887,590,false],"2048x2048":["https:\/\/infoecos.com.ar\/wp-content\/uploads\/2020\/12\/busca-desesperada-un-joven-que-desaparecio-nochebuena.jpg",887,590,false],"covernews-slider-full":["https:\/\/infoecos.com.ar\/wp-content\/uploads\/2020\/12\/busca-desesperada-un-joven-que-desaparecio-nochebuena.jpg",887,590,false],"covernews-slider-center":["https:\/\/infoecos.com.ar\/wp-content\/uploads\/2020\/12\/busca-desesperada-un-joven-que-desaparecio-nochebuena.jpg",752,500,false],"covernews-featured":["https:\/\/infoecos.com.ar\/wp-content\/uploads\/2020\/12\/busca-desesperada-un-joven-que-desaparecio-nochebuena.jpg",887,590,false],"covernews-medium":["https:\/\/infoecos.com.ar\/wp-content\/uploads\/2020\/12\/busca-desesperada-un-joven-que-desaparecio-nochebuena-720x380.jpg",540,285,true],"covernews-medium-square":["https:\/\/infoecos.com.ar\/wp-content\/uploads\/2020\/12\/busca-desesperada-un-joven-que-desaparecio-nochebuena-675x450.jpg",375,250,true]},"author_info":{"info":["Jorge Matheus"]},"category_info":"<a href=\"https:\/\/infoecos.com.ar\/index.php\/category\/c3nota3\/\" rel=\"category tag\">C3 N3<\/a>","tag_info":"C3 N3","comment_count":"0","_links":{"self":[{"href":"https:\/\/infoecos.com.ar\/index.php\/wp-json\/wp\/v2\/posts\/71972","targetHints":{"allow":["GET"]}}],"collection":[{"href":"https:\/\/infoecos.com.ar\/index.php\/wp-json\/wp\/v2\/posts"}],"about":[{"href":"https:\/\/infoecos.com.ar\/index.php\/wp-json\/wp\/v2\/types\/post"}],"author":[{"embeddable":true,"href":"https:\/\/infoecos.com.ar\/index.php\/wp-json\/wp\/v2\/users\/2"}],"replies":[{"embeddable":true,"href":"https:\/\/infoecos.com.ar\/index.php\/wp-json\/wp\/v2\/comments?post=71972"}],"version-history":[{"count":1,"href":"https:\/\/infoecos.com.ar\/index.php\/wp-json\/wp\/v2\/posts\/71972\/revisions"}],"predecessor-version":[{"id":71974,"href":"https:\/\/infoecos.com.ar\/index.php\/wp-json\/wp\/v2\/posts\/71972\/revisions\/71974"}],"wp:featuredmedia":[{"embeddable":true,"href":"https:\/\/infoecos.com.ar\/index.php\/wp-json\/wp\/v2\/media\/71973"}],"wp:attachment":[{"href":"https:\/\/infoecos.com.ar\/index.php\/wp-json\/wp\/v2\/media?parent=71972"}],"wp:term":[{"taxonomy":"category","embeddable":true,"href":"https:\/\/infoecos.com.ar\/index.php\/wp-json\/wp\/v2\/categories?post=71972"},{"taxonomy":"post_tag","embeddable":true,"href":"https:\/\/infoecos.com.ar\/index.php\/wp-json\/wp\/v2\/tags?post=71972"}],"curies":[{"name":"wp","href":"https:\/\/api.w.org\/{rel}","templated":true}]}}