{"id":71981,"date":"2020-12-28T02:15:12","date_gmt":"2020-12-28T05:15:12","guid":{"rendered":"http:\/\/infoecos.com.ar\/?p=71981"},"modified":"2020-12-28T15:07:19","modified_gmt":"2020-12-28T18:07:19","slug":"ferraresi-el-gobierno-aspira-a-darle-una-solucion-habitacional-a-264-mil-familias","status":"publish","type":"post","link":"https:\/\/infoecos.com.ar\/index.php\/ferraresi-el-gobierno-aspira-a-darle-una-solucion-habitacional-a-264-mil-familias\/","title":{"rendered":"Ferraresi: \u00abel Gobierno aspira a darle una soluci\u00f3n habitacional a 264 mil familias\u00bb"},"content":{"rendered":"\n<p class=\"wp-block-paragraph\">El ministro de Desarrollo Territorial y H\u00e1bitat, Jorge Ferraresi, afirm\u00f3 que las viviendas sociales, atadas a viejos conceptos arquitect\u00f3nicos, \u00abno permiten crecer\u00bb y, por eso, el plan Casa Propia con el que el Gobierno aspira a darle una soluci\u00f3n habitacional a 264 mil familias tiene como bandera la \u00abfilosof\u00eda peronista de generar clases sociales ascendentes\u00bb.<\/p>\n\n\n\n<div class=\"wp-block-image\"><figure class=\"aligncenter size-medium\"><img loading=\"lazy\" decoding=\"async\" width=\"460\" height=\"259\" src=\"http:\/\/infoecos.com.ar\/wp-content\/uploads\/2020\/12\/5fe21a036b018_1004x565-460x259.jpg\" alt=\"\" class=\"wp-image-71982\" srcset=\"https:\/\/infoecos.com.ar\/wp-content\/uploads\/2020\/12\/5fe21a036b018_1004x565-460x259.jpg 460w, https:\/\/infoecos.com.ar\/wp-content\/uploads\/2020\/12\/5fe21a036b018_1004x565-920x518.jpg 920w, https:\/\/infoecos.com.ar\/wp-content\/uploads\/2020\/12\/5fe21a036b018_1004x565-768x432.jpg 768w, https:\/\/infoecos.com.ar\/wp-content\/uploads\/2020\/12\/5fe21a036b018_1004x565.jpg 1004w\" sizes=\"auto, (max-width: 460px) 100vw, 460px\" \/><\/figure><\/div>\n\n\n\n<p class=\"wp-block-paragraph\"><strong>\u00abUna vivienda que se entrega a una persona que se encuentra en una situaci\u00f3n econ\u00f3mica mala, desde un Gobierno peronista, aspira a que el d\u00eda de ma\u00f1ana tenga una situaci\u00f3n mejor. Y entonces tenga la posibilidad de ampliar un dormitorio, de tener un auto y poder guardarlo, de invitar a su familia o a sus amigos a comer un asado\u00bb<\/strong>, reflexion\u00f3 Ferraresi.<\/p>\n\n\n\n<p class=\"wp-block-paragraph\">En una entrevista que public\u00f3 este domingo el diario Tiempo Argentino, el ministro aclar\u00f3 que el proyecto plantea que \u00abtodos, absolutamente todos, van a pagar un porcentaje de sus ingresos para generar un fondo solidario que nos permita seguir construyendo viviendas\u00bb.<\/p>\n\n\n\n<p class=\"wp-block-paragraph\"><strong>\u00abNosotros no creemos que haya dos clases de argentinas\u00bb<\/strong>, advirti\u00f3 Ferraresi, para quien este tipo de soluciones no deben estar atadas \u00aba una cuesti\u00f3n de recupero financiero, sino de recupero social\u00bb.<\/p>\n","protected":false},"excerpt":{"rendered":"<p>En una entrevista que public\u00f3 este domingo el diario Tiempo Argentino, el ministro aclar\u00f3 que el proyecto plantea que \u00abtodos, absolutamente todos, van a pagar un porcentaje de sus ingresos\u00bb<\/p>\n","protected":false},"author":2,"featured_media":71982,"comment_status":"closed","ping_status":"open","sticky":false,"template":"","format":"standard","meta":{"footnotes":""},"categories":[51],"tags":[498],"class_list":["post-71981","post","type-post","status-publish","format-standard","has-post-thumbnail","hentry","category-c2nota4","tag-viviendas"],"featured_image_urls":{"full":["https:\/\/infoecos.com.ar\/wp-content\/uploads\/2020\/12\/5fe21a036b018_1004x565.jpg",1004,565,false],"thumbnail":["https:\/\/infoecos.com.ar\/wp-content\/uploads\/2020\/12\/5fe21a036b018_1004x565-150x150.jpg",150,150,true],"medium":["https:\/\/infoecos.com.ar\/wp-content\/uploads\/2020\/12\/5fe21a036b018_1004x565-460x259.jpg",460,259,true],"medium_large":["https:\/\/infoecos.com.ar\/wp-content\/uploads\/2020\/12\/5fe21a036b018_1004x565-768x432.jpg",640,360,true],"large":["https:\/\/infoecos.com.ar\/wp-content\/uploads\/2020\/12\/5fe21a036b018_1004x565-920x518.jpg",640,360,true],"1536x1536":["https:\/\/infoecos.com.ar\/wp-content\/uploads\/2020\/12\/5fe21a036b018_1004x565.jpg",1004,565,false],"2048x2048":["https:\/\/infoecos.com.ar\/wp-content\/uploads\/2020\/12\/5fe21a036b018_1004x565.jpg",1004,565,false],"covernews-slider-full":["https:\/\/infoecos.com.ar\/wp-content\/uploads\/2020\/12\/5fe21a036b018_1004x565.jpg",1004,565,false],"covernews-slider-center":["https:\/\/infoecos.com.ar\/wp-content\/uploads\/2020\/12\/5fe21a036b018_1004x565-936x565.jpg",800,483,true],"covernews-featured":["https:\/\/infoecos.com.ar\/wp-content\/uploads\/2020\/12\/5fe21a036b018_1004x565.jpg",1004,565,false],"covernews-medium":["https:\/\/infoecos.com.ar\/wp-content\/uploads\/2020\/12\/5fe21a036b018_1004x565-720x380.jpg",540,285,true],"covernews-medium-square":["https:\/\/infoecos.com.ar\/wp-content\/uploads\/2020\/12\/5fe21a036b018_1004x565-675x450.jpg",375,250,true]},"author_info":{"info":["Jorge Matheus"]},"category_info":"<a href=\"https:\/\/infoecos.com.ar\/index.php\/category\/c2nota4\/\" rel=\"category tag\">C2 N4<\/a>","tag_info":"C2 N4","comment_count":"0","_links":{"self":[{"href":"https:\/\/infoecos.com.ar\/index.php\/wp-json\/wp\/v2\/posts\/71981","targetHints":{"allow":["GET"]}}],"collection":[{"href":"https:\/\/infoecos.com.ar\/index.php\/wp-json\/wp\/v2\/posts"}],"about":[{"href":"https:\/\/infoecos.com.ar\/index.php\/wp-json\/wp\/v2\/types\/post"}],"author":[{"embeddable":true,"href":"https:\/\/infoecos.com.ar\/index.php\/wp-json\/wp\/v2\/users\/2"}],"replies":[{"embeddable":true,"href":"https:\/\/infoecos.com.ar\/index.php\/wp-json\/wp\/v2\/comments?post=71981"}],"version-history":[{"count":1,"href":"https:\/\/infoecos.com.ar\/index.php\/wp-json\/wp\/v2\/posts\/71981\/revisions"}],"predecessor-version":[{"id":71983,"href":"https:\/\/infoecos.com.ar\/index.php\/wp-json\/wp\/v2\/posts\/71981\/revisions\/71983"}],"wp:featuredmedia":[{"embeddable":true,"href":"https:\/\/infoecos.com.ar\/index.php\/wp-json\/wp\/v2\/media\/71982"}],"wp:attachment":[{"href":"https:\/\/infoecos.com.ar\/index.php\/wp-json\/wp\/v2\/media?parent=71981"}],"wp:term":[{"taxonomy":"category","embeddable":true,"href":"https:\/\/infoecos.com.ar\/index.php\/wp-json\/wp\/v2\/categories?post=71981"},{"taxonomy":"post_tag","embeddable":true,"href":"https:\/\/infoecos.com.ar\/index.php\/wp-json\/wp\/v2\/tags?post=71981"}],"curies":[{"name":"wp","href":"https:\/\/api.w.org\/{rel}","templated":true}]}}