{"id":71988,"date":"2020-12-28T16:05:43","date_gmt":"2020-12-28T19:05:43","guid":{"rendered":"http:\/\/infoecos.com.ar\/?p=71988"},"modified":"2020-12-28T16:05:46","modified_gmt":"2020-12-28T19:05:46","slug":"78-casos-activos-de-coronavirus-en-el-distrito-de-trenque-lauquen","status":"publish","type":"post","link":"https:\/\/infoecos.com.ar\/index.php\/78-casos-activos-de-coronavirus-en-el-distrito-de-trenque-lauquen\/","title":{"rendered":"78 casos activos de coronavirus en el distrito de Trenque Lauquen"},"content":{"rendered":"\n<p class=\"wp-block-paragraph\">Cinco (5) nuevos casos de Covid-19 confirmados -cuatro (4) por testeo y uno (1) por criterio o nexo epidemiol\u00f3gico de acuerdo al protocolo actualizado vigente-, todos de Trenque Lauquen; cuatro (4) personas recuperadas m\u00e1s y 19 casos descartados fueron reportados este lunes por la subsecretar\u00eda de Salud municipal, sufriendo una alteraci\u00f3n m\u00ednima el n\u00famero de casos activos, que en la fecha subi\u00f3 de 77 a 78.<\/p>\n\n\n\n<div class=\"wp-block-image\"><figure class=\"aligncenter size-medium\"><img loading=\"lazy\" decoding=\"async\" width=\"460\" height=\"288\" src=\"http:\/\/infoecos.com.ar\/wp-content\/uploads\/Hospital-1080x675-1-460x288.jpg\" alt=\"\" class=\"wp-image-61882\" srcset=\"https:\/\/infoecos.com.ar\/wp-content\/uploads\/Hospital-1080x675-1-460x288.jpg 460w, https:\/\/infoecos.com.ar\/wp-content\/uploads\/Hospital-1080x675-1-920x575.jpg 920w, https:\/\/infoecos.com.ar\/wp-content\/uploads\/Hospital-1080x675-1-768x480.jpg 768w, https:\/\/infoecos.com.ar\/wp-content\/uploads\/Hospital-1080x675-1-1024x640.jpg 1024w, https:\/\/infoecos.com.ar\/wp-content\/uploads\/Hospital-1080x675-1.jpg 1080w\" sizes=\"auto, (max-width: 460px) 100vw, 460px\" \/><\/figure><\/div>\n\n\n\n<p class=\"wp-block-paragraph\">De los 78 casos, 61 corresponden a Trenque Lauquen y 17 a Treinta de Agosto: 73 se encuentran en sus domicilios particulares, dos (2) en el Hospital Municipal y tres (3) en el Centro Extrahospitalario que funciona en el ex Hotel Pailla Hu\u00e9.<\/p>\n\n\n\n<p class=\"wp-block-paragraph\">Las cuatro (4) personas recuperadas tambi\u00e9n pertenecen a la ciudad cabecera ascendiendo a 1.133 las que recibieron el alta desde el comienzo de la pandemia, en marzo pasado, mientras que tambi\u00e9n en ese per\u00edodo fueron descartados 2.556 casos, ya sumados los 19 de las \u00faltimas 24hs.: 17 de Trenque Lauquen y dos (2) de Treinta de Agosto.<\/p>\n\n\n\n<div class=\"wp-block-image\"><figure class=\"aligncenter size-medium\"><img loading=\"lazy\" decoding=\"async\" width=\"460\" height=\"460\" src=\"http:\/\/infoecos.com.ar\/wp-content\/uploads\/2020\/12\/reportelunes-2-460x460.jpg\" alt=\"\" class=\"wp-image-71989\" srcset=\"https:\/\/infoecos.com.ar\/wp-content\/uploads\/2020\/12\/reportelunes-2-460x460.jpg 460w, https:\/\/infoecos.com.ar\/wp-content\/uploads\/2020\/12\/reportelunes-2-920x920.jpg 920w, https:\/\/infoecos.com.ar\/wp-content\/uploads\/2020\/12\/reportelunes-2-150x150.jpg 150w, https:\/\/infoecos.com.ar\/wp-content\/uploads\/2020\/12\/reportelunes-2-768x768.jpg 768w, https:\/\/infoecos.com.ar\/wp-content\/uploads\/2020\/12\/reportelunes-2-1024x1024.jpg 1024w, https:\/\/infoecos.com.ar\/wp-content\/uploads\/2020\/12\/reportelunes-2.jpg 1280w\" sizes=\"auto, (max-width: 460px) 100vw, 460px\" \/><\/figure><\/div>\n\n\n\n<p class=\"wp-block-paragraph\">En la fecha se registran 43 casos sospechosos, 32 son de Trenque Lauquen y 11 de Treinta de Agosto, y hay adem\u00e1s 169 personas en aislamiento, 111 en la ciudad cabecera y 58 en Treinta de Agosto.<\/p>\n","protected":false},"excerpt":{"rendered":"<p>De los 78 casos, 61 corresponden a Trenque Lauquen y 17 a Treinta de Agosto: 73 se encuentran en sus domicilios particulares, dos (2) en el Hospital Municipal y tres (3) en el Centro Extrahospitalario que funciona en el ex Hotel Pailla Hu\u00e9<\/p>\n","protected":false},"author":2,"featured_media":61882,"comment_status":"closed","ping_status":"open","sticky":false,"template":"","format":"standard","meta":{"footnotes":""},"categories":[1613],"tags":[156],"class_list":["post-71988","post","type-post","status-publish","format-standard","has-post-thumbnail","hentry","category-noticia-secundaria","tag-salud"],"featured_image_urls":{"full":["https:\/\/infoecos.com.ar\/wp-content\/uploads\/Hospital-1080x675-1.jpg",1080,675,false],"thumbnail":["https:\/\/infoecos.com.ar\/wp-content\/uploads\/Hospital-1080x675-1-150x150.jpg",150,150,true],"medium":["https:\/\/infoecos.com.ar\/wp-content\/uploads\/Hospital-1080x675-1-460x288.jpg",460,288,true],"medium_large":["https:\/\/infoecos.com.ar\/wp-content\/uploads\/Hospital-1080x675-1-768x480.jpg",640,400,true],"large":["https:\/\/infoecos.com.ar\/wp-content\/uploads\/Hospital-1080x675-1-920x575.jpg",640,400,true],"1536x1536":["https:\/\/infoecos.com.ar\/wp-content\/uploads\/Hospital-1080x675-1.jpg",1080,675,false],"2048x2048":["https:\/\/infoecos.com.ar\/wp-content\/uploads\/Hospital-1080x675-1.jpg",1080,675,false],"covernews-slider-full":["https:\/\/infoecos.com.ar\/wp-content\/uploads\/Hospital-1080x675-1.jpg",1080,675,false],"covernews-slider-center":["https:\/\/infoecos.com.ar\/wp-content\/uploads\/Hospital-1080x675-1-936x675.jpg",693,500,true],"covernews-featured":["https:\/\/infoecos.com.ar\/wp-content\/uploads\/Hospital-1080x675-1-1024x640.jpg",1024,640,true],"covernews-medium":["https:\/\/infoecos.com.ar\/wp-content\/uploads\/Hospital-1080x675-1-720x380.jpg",540,285,true],"covernews-medium-square":["https:\/\/infoecos.com.ar\/wp-content\/uploads\/Hospital-1080x675-1-675x450.jpg",375,250,true]},"author_info":{"info":["Jorge Matheus"]},"category_info":"<a href=\"https:\/\/infoecos.com.ar\/index.php\/category\/noticia-secundaria\/\" rel=\"category tag\">Noticia Secundaria<\/a>","tag_info":"Noticia Secundaria","comment_count":"0","_links":{"self":[{"href":"https:\/\/infoecos.com.ar\/index.php\/wp-json\/wp\/v2\/posts\/71988","targetHints":{"allow":["GET"]}}],"collection":[{"href":"https:\/\/infoecos.com.ar\/index.php\/wp-json\/wp\/v2\/posts"}],"about":[{"href":"https:\/\/infoecos.com.ar\/index.php\/wp-json\/wp\/v2\/types\/post"}],"author":[{"embeddable":true,"href":"https:\/\/infoecos.com.ar\/index.php\/wp-json\/wp\/v2\/users\/2"}],"replies":[{"embeddable":true,"href":"https:\/\/infoecos.com.ar\/index.php\/wp-json\/wp\/v2\/comments?post=71988"}],"version-history":[{"count":1,"href":"https:\/\/infoecos.com.ar\/index.php\/wp-json\/wp\/v2\/posts\/71988\/revisions"}],"predecessor-version":[{"id":71990,"href":"https:\/\/infoecos.com.ar\/index.php\/wp-json\/wp\/v2\/posts\/71988\/revisions\/71990"}],"wp:featuredmedia":[{"embeddable":true,"href":"https:\/\/infoecos.com.ar\/index.php\/wp-json\/wp\/v2\/media\/61882"}],"wp:attachment":[{"href":"https:\/\/infoecos.com.ar\/index.php\/wp-json\/wp\/v2\/media?parent=71988"}],"wp:term":[{"taxonomy":"category","embeddable":true,"href":"https:\/\/infoecos.com.ar\/index.php\/wp-json\/wp\/v2\/categories?post=71988"},{"taxonomy":"post_tag","embeddable":true,"href":"https:\/\/infoecos.com.ar\/index.php\/wp-json\/wp\/v2\/tags?post=71988"}],"curies":[{"name":"wp","href":"https:\/\/api.w.org\/{rel}","templated":true}]}}