{"id":72001,"date":"2020-12-28T17:15:20","date_gmt":"2020-12-28T20:15:20","guid":{"rendered":"http:\/\/infoecos.com.ar\/?p=72001"},"modified":"2020-12-30T01:04:25","modified_gmt":"2020-12-30T04:04:25","slug":"se-oficializo-el-bono-de-fin-de-ano-para-los-trabajadores-rurales","status":"publish","type":"post","link":"https:\/\/infoecos.com.ar\/index.php\/se-oficializo-el-bono-de-fin-de-ano-para-los-trabajadores-rurales\/","title":{"rendered":"Se oficializ\u00f3 el bono de fin de a\u00f1o para los trabajadores rurales"},"content":{"rendered":"\n<p class=\"wp-block-paragraph\">La Uni\u00f3n Argentina de Trabajadores Rurales y Estibadores (UATRE) inform\u00f3 que la Comisi\u00f3n Nacional de Trabajo Agrario (CNTA) oficializ\u00f3 mediante la&nbsp;<strong>Resoluci\u00f3n 200\/2020<\/strong>&nbsp;el bono de fin de a\u00f1o para los trabajadores rurales.<\/p>\n\n\n\n<div class=\"wp-block-image\"><figure class=\"aligncenter size-large\"><img decoding=\"async\" src=\"http:\/\/infoecos.com.ar\/wp-content\/uploads\/UATRE.png\" alt=\"\" class=\"wp-image-56806\"\/><\/figure><\/div>\n\n\n\n<p class=\"wp-block-paragraph\">La asignaci\u00f3n extraordinaria de diez mil pesos es de car\u00e1cter \u201cno remunerativo\u201d para el personal que se desempe\u00f1a en las actividades av\u00edcola, porcina, conductor tractorista, maquinista de cosechadoras y agr\u00edcolas que se desempe\u00f1an exclusivamente en las tareas de recolecci\u00f3n y cosecha de granos y oleaginosas, aplicaci\u00f3n de productos fitosanitarios, y el personal permanente de prestaci\u00f3n continua comprendido en el R\u00e9gimen de Trabajo Agrario, instituido por la ley 26 727 y su decreto reglamentario 301\/13, en el \u00e1mbito de todo el pa\u00eds. <\/p>\n\n\n\n<p class=\"wp-block-paragraph\">La suma ser\u00e1 abonada en tres cuotas iguales y consecutivas en los meses de diciembre de 2020 y enero y febrero de 2021.<\/p>\n","protected":false},"excerpt":{"rendered":"<p>La suma ser\u00e1 abonada en tres cuotas iguales y consecutivas en los meses de diciembre de 2020 y enero y febrero de 2021<\/p>\n","protected":false},"author":2,"featured_media":56806,"comment_status":"closed","ping_status":"open","sticky":false,"template":"","format":"standard","meta":{"footnotes":""},"categories":[1326],"tags":[2508],"class_list":["post-72001","post","type-post","status-publish","format-standard","has-post-thumbnail","hentry","category-c2nota6","tag-no-remunerativo"],"featured_image_urls":{"full":"","thumbnail":"","medium":"","medium_large":"","large":"","1536x1536":"","2048x2048":"","covernews-slider-full":"","covernews-slider-center":"","covernews-featured":"","covernews-medium":"","covernews-medium-square":""},"author_info":{"info":["Jorge Matheus"]},"category_info":"<a href=\"https:\/\/infoecos.com.ar\/index.php\/category\/c2nota6\/\" rel=\"category tag\">C2 N6<\/a>","tag_info":"C2 N6","comment_count":"0","_links":{"self":[{"href":"https:\/\/infoecos.com.ar\/index.php\/wp-json\/wp\/v2\/posts\/72001","targetHints":{"allow":["GET"]}}],"collection":[{"href":"https:\/\/infoecos.com.ar\/index.php\/wp-json\/wp\/v2\/posts"}],"about":[{"href":"https:\/\/infoecos.com.ar\/index.php\/wp-json\/wp\/v2\/types\/post"}],"author":[{"embeddable":true,"href":"https:\/\/infoecos.com.ar\/index.php\/wp-json\/wp\/v2\/users\/2"}],"replies":[{"embeddable":true,"href":"https:\/\/infoecos.com.ar\/index.php\/wp-json\/wp\/v2\/comments?post=72001"}],"version-history":[{"count":2,"href":"https:\/\/infoecos.com.ar\/index.php\/wp-json\/wp\/v2\/posts\/72001\/revisions"}],"predecessor-version":[{"id":72128,"href":"https:\/\/infoecos.com.ar\/index.php\/wp-json\/wp\/v2\/posts\/72001\/revisions\/72128"}],"wp:attachment":[{"href":"https:\/\/infoecos.com.ar\/index.php\/wp-json\/wp\/v2\/media?parent=72001"}],"wp:term":[{"taxonomy":"category","embeddable":true,"href":"https:\/\/infoecos.com.ar\/index.php\/wp-json\/wp\/v2\/categories?post=72001"},{"taxonomy":"post_tag","embeddable":true,"href":"https:\/\/infoecos.com.ar\/index.php\/wp-json\/wp\/v2\/tags?post=72001"}],"curies":[{"name":"wp","href":"https:\/\/api.w.org\/{rel}","templated":true}]}}