{"id":72003,"date":"2020-12-28T17:27:10","date_gmt":"2020-12-28T20:27:10","guid":{"rendered":"http:\/\/infoecos.com.ar\/?p=72003"},"modified":"2020-12-28T17:27:13","modified_gmt":"2020-12-28T20:27:13","slug":"se-reunio-el-comite-de-emergencia-de-tres-lomas-y-reitero-recomendaciones","status":"publish","type":"post","link":"https:\/\/infoecos.com.ar\/index.php\/se-reunio-el-comite-de-emergencia-de-tres-lomas-y-reitero-recomendaciones\/","title":{"rendered":"Se reuni\u00f3 el Comit\u00e9 de Emergencia de Tres Lomas y reiter\u00f3 recomendaciones"},"content":{"rendered":"\n<p class=\"wp-block-paragraph\">Se reuni\u00f3 el Comit\u00e9 de Emergencia de Tres Lomas y reiter\u00f3 la necesidad de respetar las medidas adoptadas oportunamente para el distrito, en el marco de la pandemia por el coronavirus.<\/p>\n\n\n\n<ul class=\"wp-block-list\"><li>Se solicita a los se\u00f1ores comerciantes, extremar las medidas preventivas\u00a0 establecidos hasta ahora, (Distanciamiento, Barbijos, Alcohol)\u00a0 y conforme a los espacios permitidos por las dimensiones de cada edificio (1 persona por cada 2 mts.\u00a0 cuadrados), como una manera m\u00e1s de mejorar la situaci\u00f3n actual.<\/li><\/ul>\n\n\n\n<ul class=\"wp-block-list\"><li>Se recuerda la obligaci\u00f3n del uso de barbijo en todos los lugares cerrados y tambi\u00e9n en los espacios al aire libre donde haya aglomeraci\u00f3n de gente.<\/li><\/ul>\n\n\n\n<ul class=\"wp-block-list\"><li>Desde la Secretar\u00eda de Salud se dio a conocer que al d\u00eda de la fecha se registran: <strong>73 casos positivos activos \u2013 16 en estudio \u2013 2 pacientes fueron trasladados a centros de alta complejidad\u00a0 &#8211; 17 recuperados y 237 \u00a0aislados, y record\u00f3 la importancia de evitar la automedicaci\u00f3n ante la aparici\u00f3n de s\u00edntomas sospechosos. EN TAL CASO, LLAMAR DE MANERA INMEDIATA A LA GUARDIA DEL HOSPITAL MUNICIPAL (430277 \u2013 430278).<\/strong><\/li><\/ul>\n\n\n\n<ul class=\"wp-block-list\"><li>Estas medidas se mantendr\u00e1n vigentes hasta el 04\/01\/2021 inclusive y luego este Comit\u00e9 de Emergencia evaluar\u00e1 la situaci\u00f3n epidemiol\u00f3gica para determinar las medidas a tomar en el futuro.<\/li><\/ul>\n\n\n\n<ul class=\"wp-block-list\"><li>La polic\u00eda local realiz\u00f3 una infracci\u00f3n por el incumplimiento a las normas establecidas para prevenci\u00f3n de COVID en la localidad de Ingeniero Thompson, la que adem\u00e1s deriv\u00f3 en una denuncia penal en el Juzgado Federal de Jun\u00edn.<\/li><\/ul>\n\n\n\n<ul class=\"wp-block-list\"><li>Vecinos; la responsabilidad es de todos. <strong>Familias, padres, mayores y j\u00f3venes<\/strong> hoy m\u00e1s que nunca depende de nosotros&nbsp; cuidarnos para volver a una situaci\u00f3n menos complicada.&nbsp;<\/li><\/ul>\n\n\n\n<ul class=\"wp-block-list\"><li>Se recuerda que est\u00e1n totalmente prohibidas las reuniones y aglomeraci\u00f3n de gente, tanto en espacios cerrados como al aire libre, como as\u00ed tambi\u00e9n compartir el mate, elementos personales, etc.<\/li><\/ul>\n\n\n\n<ul class=\"wp-block-list\"><li>Este Comit\u00e9 de Emergencia hace un llamado a la responsabilidad ciudadana y a la solidaridad, ante el resentimiento que sufre nuestro servicio de salud, por el aislamiento moment\u00e1neo de cuatro m\u00e9dicos y dos enfermaras de nuestro hospital.<\/li><\/ul>\n","protected":false},"excerpt":{"rendered":"<p>73 casos positivos activos \u2013 16 en estudio \u2013 2 pacientes fueron trasladados a centros de alta complejidad  &#8211; 17 recuperados y 237  aislados<\/p>\n","protected":false},"author":2,"featured_media":54834,"comment_status":"closed","ping_status":"open","sticky":false,"template":"","format":"standard","meta":{"footnotes":""},"categories":[45],"tags":[1785],"class_list":["post-72003","post","type-post","status-publish","format-standard","has-post-thumbnail","hentry","category-c1nota2","tag-coronavirus"],"featured_image_urls":{"full":"","thumbnail":"","medium":"","medium_large":"","large":"","1536x1536":"","2048x2048":"","covernews-slider-full":"","covernews-slider-center":"","covernews-featured":"","covernews-medium":"","covernews-medium-square":""},"author_info":{"info":["Jorge Matheus"]},"category_info":"<a href=\"https:\/\/infoecos.com.ar\/index.php\/category\/c1nota2\/\" rel=\"category tag\">C1 N2<\/a>","tag_info":"C1 N2","comment_count":"0","_links":{"self":[{"href":"https:\/\/infoecos.com.ar\/index.php\/wp-json\/wp\/v2\/posts\/72003","targetHints":{"allow":["GET"]}}],"collection":[{"href":"https:\/\/infoecos.com.ar\/index.php\/wp-json\/wp\/v2\/posts"}],"about":[{"href":"https:\/\/infoecos.com.ar\/index.php\/wp-json\/wp\/v2\/types\/post"}],"author":[{"embeddable":true,"href":"https:\/\/infoecos.com.ar\/index.php\/wp-json\/wp\/v2\/users\/2"}],"replies":[{"embeddable":true,"href":"https:\/\/infoecos.com.ar\/index.php\/wp-json\/wp\/v2\/comments?post=72003"}],"version-history":[{"count":1,"href":"https:\/\/infoecos.com.ar\/index.php\/wp-json\/wp\/v2\/posts\/72003\/revisions"}],"predecessor-version":[{"id":72004,"href":"https:\/\/infoecos.com.ar\/index.php\/wp-json\/wp\/v2\/posts\/72003\/revisions\/72004"}],"wp:attachment":[{"href":"https:\/\/infoecos.com.ar\/index.php\/wp-json\/wp\/v2\/media?parent=72003"}],"wp:term":[{"taxonomy":"category","embeddable":true,"href":"https:\/\/infoecos.com.ar\/index.php\/wp-json\/wp\/v2\/categories?post=72003"},{"taxonomy":"post_tag","embeddable":true,"href":"https:\/\/infoecos.com.ar\/index.php\/wp-json\/wp\/v2\/tags?post=72003"}],"curies":[{"name":"wp","href":"https:\/\/api.w.org\/{rel}","templated":true}]}}