{"id":72007,"date":"2020-12-28T17:43:43","date_gmt":"2020-12-28T20:43:43","guid":{"rendered":"http:\/\/infoecos.com.ar\/?p=72007"},"modified":"2020-12-30T01:01:52","modified_gmt":"2020-12-30T04:01:52","slug":"en-febrero-se-inaugurara-el-sector-de-salud-del-centro-integrador-comunitario-rural","status":"publish","type":"post","link":"https:\/\/infoecos.com.ar\/index.php\/en-febrero-se-inaugurara-el-sector-de-salud-del-centro-integrador-comunitario-rural\/","title":{"rendered":"En febrero se inaugurar\u00e1 el sector de salud del Centro Integrador Comunitario Rural"},"content":{"rendered":"\n<p class=\"wp-block-paragraph\">El gobierno municipal de Pehuaj\u00f3 inform\u00f3 que en Febrero se inaugurar\u00e1 el sector de salud en el Centro Integrador Comunitario Rural, ubicado en la intersecci\u00f3n de Encina y Bouchard de la ciudad capital del distrito.<\/p>\n\n\n\n<div class=\"wp-block-image\"><figure class=\"aligncenter size-medium\"><img loading=\"lazy\" decoding=\"async\" width=\"460\" height=\"306\" src=\"http:\/\/infoecos.com.ar\/wp-content\/uploads\/2020\/12\/PEHUAJO-460x306.jpeg\" alt=\"\" class=\"wp-image-72008\" srcset=\"https:\/\/infoecos.com.ar\/wp-content\/uploads\/2020\/12\/PEHUAJO-460x306.jpeg 460w, https:\/\/infoecos.com.ar\/wp-content\/uploads\/2020\/12\/PEHUAJO.jpeg 640w\" sizes=\"auto, (max-width: 460px) 100vw, 460px\" \/><\/figure><\/div>\n\n\n\n<p class=\"wp-block-paragraph\">El Centro Integrador Comunitario tiene como finalidad la integraci\u00f3n comunitaria entre el sistema sanitario, compuesto por la atenci\u00f3n primaria de la salud, con un equipo de m\u00e9dicos para la prevenci\u00f3n y promoci\u00f3n de la salud.&nbsp;<\/p>\n\n\n\n<p class=\"wp-block-paragraph\">El nuevo Centro Integrador Comunitario contar\u00e1 con&nbsp; atenci\u00f3n ginecol\u00f3gica en materia de prevenci\u00f3n, sobre todo en c\u00e1ncer de cuello uterino, como tambi\u00e9n en la prevenci\u00f3n de c\u00e1ncer de mama y anticoncepci\u00f3n. Del mismo modo, se atender\u00e1 en lo que respecta a pediatr\u00eda, para trabajar en ni\u00f1os, sobre todo en el cumplimiento del plan nacional de vacunaci\u00f3n y sobre las patolog\u00edas prevalentes m\u00e1s frecuentes en pediatr\u00eda. Otras de las ramas cubiertas ser\u00e1 odontolog\u00eda para la atenci\u00f3n primaria de la patolog\u00eda odontol\u00f3gica o salud bucal en general.<\/p>\n\n\n\n<p class=\"wp-block-paragraph\"><\/p>\n","protected":false},"excerpt":{"rendered":"<p>Ubicado en la intersecci\u00f3n de Encina y Bouchard de la ciudad capital del distrito<\/p>\n","protected":false},"author":2,"featured_media":72008,"comment_status":"closed","ping_status":"open","sticky":false,"template":"","format":"standard","meta":{"footnotes":""},"categories":[1326],"tags":[16],"class_list":["post-72007","post","type-post","status-publish","format-standard","has-post-thumbnail","hentry","category-c2nota6","tag-pehuajo"],"featured_image_urls":{"full":["https:\/\/infoecos.com.ar\/wp-content\/uploads\/2020\/12\/PEHUAJO.jpeg",640,426,false],"thumbnail":["https:\/\/infoecos.com.ar\/wp-content\/uploads\/2020\/12\/PEHUAJO-150x150.jpeg",150,150,true],"medium":["https:\/\/infoecos.com.ar\/wp-content\/uploads\/2020\/12\/PEHUAJO-460x306.jpeg",460,306,true],"medium_large":["https:\/\/infoecos.com.ar\/wp-content\/uploads\/2020\/12\/PEHUAJO.jpeg",640,426,false],"large":["https:\/\/infoecos.com.ar\/wp-content\/uploads\/2020\/12\/PEHUAJO.jpeg",640,426,false],"1536x1536":["https:\/\/infoecos.com.ar\/wp-content\/uploads\/2020\/12\/PEHUAJO.jpeg",640,426,false],"2048x2048":["https:\/\/infoecos.com.ar\/wp-content\/uploads\/2020\/12\/PEHUAJO.jpeg",640,426,false],"covernews-slider-full":["https:\/\/infoecos.com.ar\/wp-content\/uploads\/2020\/12\/PEHUAJO.jpeg",640,426,false],"covernews-slider-center":["https:\/\/infoecos.com.ar\/wp-content\/uploads\/2020\/12\/PEHUAJO.jpeg",640,426,false],"covernews-featured":["https:\/\/infoecos.com.ar\/wp-content\/uploads\/2020\/12\/PEHUAJO.jpeg",640,426,false],"covernews-medium":["https:\/\/infoecos.com.ar\/wp-content\/uploads\/2020\/12\/PEHUAJO-640x380.jpeg",540,321,true],"covernews-medium-square":["https:\/\/infoecos.com.ar\/wp-content\/uploads\/2020\/12\/PEHUAJO.jpeg",376,250,false]},"author_info":{"info":["Jorge Matheus"]},"category_info":"<a href=\"https:\/\/infoecos.com.ar\/index.php\/category\/c2nota6\/\" rel=\"category tag\">C2 N6<\/a>","tag_info":"C2 N6","comment_count":"0","_links":{"self":[{"href":"https:\/\/infoecos.com.ar\/index.php\/wp-json\/wp\/v2\/posts\/72007","targetHints":{"allow":["GET"]}}],"collection":[{"href":"https:\/\/infoecos.com.ar\/index.php\/wp-json\/wp\/v2\/posts"}],"about":[{"href":"https:\/\/infoecos.com.ar\/index.php\/wp-json\/wp\/v2\/types\/post"}],"author":[{"embeddable":true,"href":"https:\/\/infoecos.com.ar\/index.php\/wp-json\/wp\/v2\/users\/2"}],"replies":[{"embeddable":true,"href":"https:\/\/infoecos.com.ar\/index.php\/wp-json\/wp\/v2\/comments?post=72007"}],"version-history":[{"count":2,"href":"https:\/\/infoecos.com.ar\/index.php\/wp-json\/wp\/v2\/posts\/72007\/revisions"}],"predecessor-version":[{"id":72127,"href":"https:\/\/infoecos.com.ar\/index.php\/wp-json\/wp\/v2\/posts\/72007\/revisions\/72127"}],"wp:featuredmedia":[{"embeddable":true,"href":"https:\/\/infoecos.com.ar\/index.php\/wp-json\/wp\/v2\/media\/72008"}],"wp:attachment":[{"href":"https:\/\/infoecos.com.ar\/index.php\/wp-json\/wp\/v2\/media?parent=72007"}],"wp:term":[{"taxonomy":"category","embeddable":true,"href":"https:\/\/infoecos.com.ar\/index.php\/wp-json\/wp\/v2\/categories?post=72007"},{"taxonomy":"post_tag","embeddable":true,"href":"https:\/\/infoecos.com.ar\/index.php\/wp-json\/wp\/v2\/tags?post=72007"}],"curies":[{"name":"wp","href":"https:\/\/api.w.org\/{rel}","templated":true}]}}