{"id":72023,"date":"2020-12-29T00:12:20","date_gmt":"2020-12-29T03:12:20","guid":{"rendered":"http:\/\/infoecos.com.ar\/?p=72023"},"modified":"2020-12-29T00:12:47","modified_gmt":"2020-12-29T03:12:47","slug":"presupuesto-2021-de-trenque-lauquen-el-intendente-ofrecera-una-conferencia-de-prensa","status":"publish","type":"post","link":"https:\/\/infoecos.com.ar\/index.php\/presupuesto-2021-de-trenque-lauquen-el-intendente-ofrecera-una-conferencia-de-prensa\/","title":{"rendered":"Presupuesto 2021 de Trenque Lauquen: el intendente ofrecer\u00e1 una conferencia de prensa"},"content":{"rendered":"\n<p>El intendente municipal de Trenque Lauquen, Miguel Fern\u00e1ndez, brindar\u00e1 este mi\u00e9rcoles su \u00faltima conferencia de prensa del a\u00f1o.<\/p>\n\n\n\n<div class=\"wp-block-image\"><figure class=\"aligncenter size-medium\"><img loading=\"lazy\" decoding=\"async\" width=\"460\" height=\"307\" src=\"http:\/\/infoecos.com.ar\/wp-content\/uploads\/2020\/09\/Conferencia-1-460x307.jpg\" alt=\"\" class=\"wp-image-66967\" srcset=\"https:\/\/infoecos.com.ar\/wp-content\/uploads\/2020\/09\/Conferencia-1-460x307.jpg 460w, https:\/\/infoecos.com.ar\/wp-content\/uploads\/2020\/09\/Conferencia-1-768x512.jpg 768w, https:\/\/infoecos.com.ar\/wp-content\/uploads\/2020\/09\/Conferencia-1-675x450.jpg 675w, https:\/\/infoecos.com.ar\/wp-content\/uploads\/2020\/09\/Conferencia-1.jpg 864w\" sizes=\"(max-width: 460px) 100vw, 460px\" \/><\/figure><\/div>\n\n\n\n<p>Se anticip\u00f3 desde el \u00e1rea de comunicaci\u00f3n de la comuna que la misma est\u00e1 destinada a exponer en torno al Presupuesto 2021. Se supo que, durante gran parte de la ma\u00f1ana de este lunes, el Jefe Comunal mantuvo una larga reuni\u00f3n con los funcionarios m\u00e1s vinculados con el tema econ\u00f3mico: Zambiasio, Silvani y Marchabalo, a los fines de de dar algunos retoques al proyecto que se elevar\u00e1 para su tratamiento al Concejo Deliberante.<\/p>\n\n\n\n<p>La reuni\u00f3n con los medios est\u00e1 convocada para las 9.45. Se realizar\u00e1 en el auditorium del Centro C\u00edvico. Concluida la misma habr\u00e1 un brindis para despedir el 2020.<br><\/p>\n","protected":false},"excerpt":{"rendered":"<p>Se supo que, durante gran parte de la ma\u00f1ana de este lunes, el Jefe Comunal mantuvo una larga reuni\u00f3n con los funcionarios m\u00e1s vinculados con el tema econ\u00f3mico<\/p>\n","protected":false},"author":2,"featured_media":66967,"comment_status":"closed","ping_status":"open","sticky":false,"template":"","format":"standard","meta":{"footnotes":""},"categories":[49],"tags":[2339],"class_list":["post-72023","post","type-post","status-publish","format-standard","has-post-thumbnail","hentry","category-c3nota3","tag-economia-municipal"],"yoast_head":"<!-- This site is optimized with the Yoast SEO plugin v23.4 - https:\/\/yoast.com\/wordpress\/plugins\/seo\/ -->\n<title>Presupuesto 2021 de Trenque Lauquen: el intendente ofrecer\u00e1 una conferencia de prensa - Infoecos<\/title>\n<meta name=\"robots\" content=\"index, follow, max-snippet:-1, max-image-preview:large, max-video-preview:-1\" \/>\n<link rel=\"canonical\" href=\"https:\/\/infoecos.com.ar\/index.php\/presupuesto-2021-de-trenque-lauquen-el-intendente-ofrecera-una-conferencia-de-prensa\/\" \/>\n<meta property=\"og:locale\" content=\"es_ES\" \/>\n<meta property=\"og:type\" content=\"article\" \/>\n<meta property=\"og:title\" content=\"Presupuesto 2021 de Trenque Lauquen: el intendente ofrecer\u00e1 una conferencia de prensa - Infoecos\" \/>\n<meta property=\"og:description\" content=\"Se supo que, durante gran parte de la ma\u00f1ana de este lunes, el Jefe Comunal mantuvo una larga reuni\u00f3n con los funcionarios m\u00e1s vinculados con el tema econ\u00f3mico\" \/>\n<meta property=\"og:url\" content=\"https:\/\/infoecos.com.ar\/index.php\/presupuesto-2021-de-trenque-lauquen-el-intendente-ofrecera-una-conferencia-de-prensa\/\" \/>\n<meta property=\"og:site_name\" content=\"Infoecos\" \/>\n<meta property=\"article:publisher\" content=\"https:\/\/www.facebook.com\/profile.php?id=100063200290284\" \/>\n<meta property=\"article:published_time\" content=\"2020-12-29T03:12:20+00:00\" \/>\n<meta property=\"article:modified_time\" content=\"2020-12-29T03:12:47+00:00\" \/>\n<meta property=\"og:image\" content=\"https:\/\/infoecos.com.ar\/wp-content\/uploads\/2020\/09\/Conferencia-1.jpg\" \/>\n\t<meta property=\"og:image:width\" content=\"864\" \/>\n\t<meta property=\"og:image:height\" content=\"576\" \/>\n\t<meta property=\"og:image:type\" content=\"image\/jpeg\" \/>\n<meta name=\"author\" content=\"Jorge Matheus\" \/>\n<meta name=\"twitter:card\" content=\"summary_large_image\" \/>\n<meta name=\"twitter:creator\" content=\"@infoecos\" \/>\n<meta name=\"twitter:site\" content=\"@infoecos\" \/>\n<meta name=\"twitter:label1\" content=\"Escrito por\" \/>\n\t<meta name=\"twitter:data1\" content=\"Jorge Matheus\" \/>\n\t<meta name=\"twitter:label2\" content=\"Tiempo de lectura\" \/>\n\t<meta name=\"twitter:data2\" content=\"1 minuto\" \/>\n<script type=\"application\/ld+json\" class=\"yoast-schema-graph\">{\"@context\":\"https:\/\/schema.org\",\"@graph\":[{\"@type\":\"Article\",\"@id\":\"https:\/\/infoecos.com.ar\/index.php\/presupuesto-2021-de-trenque-lauquen-el-intendente-ofrecera-una-conferencia-de-prensa\/#article\",\"isPartOf\":{\"@id\":\"https:\/\/infoecos.com.ar\/index.php\/presupuesto-2021-de-trenque-lauquen-el-intendente-ofrecera-una-conferencia-de-prensa\/\"},\"author\":{\"name\":\"Jorge Matheus\",\"@id\":\"https:\/\/infoecos.com.ar\/#\/schema\/person\/8f5ace5ce73b4b4aac4b7245aee6f191\"},\"headline\":\"Presupuesto 2021 de Trenque Lauquen: el intendente ofrecer\u00e1 una conferencia de prensa\",\"datePublished\":\"2020-12-29T03:12:20+00:00\",\"dateModified\":\"2020-12-29T03:12:47+00:00\",\"mainEntityOfPage\":{\"@id\":\"https:\/\/infoecos.com.ar\/index.php\/presupuesto-2021-de-trenque-lauquen-el-intendente-ofrecera-una-conferencia-de-prensa\/\"},\"wordCount\":137,\"publisher\":{\"@id\":\"https:\/\/infoecos.com.ar\/#organization\"},\"image\":{\"@id\":\"https:\/\/infoecos.com.ar\/index.php\/presupuesto-2021-de-trenque-lauquen-el-intendente-ofrecera-una-conferencia-de-prensa\/#primaryimage\"},\"thumbnailUrl\":\"https:\/\/infoecos.com.ar\/wp-content\/uploads\/2020\/09\/Conferencia-1.jpg\",\"keywords\":[\"ECONOM\u00cdA MUNICIPAL\"],\"articleSection\":[\"C3 N3\"],\"inLanguage\":\"es\"},{\"@type\":\"WebPage\",\"@id\":\"https:\/\/infoecos.com.ar\/index.php\/presupuesto-2021-de-trenque-lauquen-el-intendente-ofrecera-una-conferencia-de-prensa\/\",\"url\":\"https:\/\/infoecos.com.ar\/index.php\/presupuesto-2021-de-trenque-lauquen-el-intendente-ofrecera-una-conferencia-de-prensa\/\",\"name\":\"Presupuesto 2021 de Trenque Lauquen: el intendente ofrecer\u00e1 una conferencia de prensa - Infoecos\",\"isPartOf\":{\"@id\":\"https:\/\/infoecos.com.ar\/#website\"},\"primaryImageOfPage\":{\"@id\":\"https:\/\/infoecos.com.ar\/index.php\/presupuesto-2021-de-trenque-lauquen-el-intendente-ofrecera-una-conferencia-de-prensa\/#primaryimage\"},\"image\":{\"@id\":\"https:\/\/infoecos.com.ar\/index.php\/presupuesto-2021-de-trenque-lauquen-el-intendente-ofrecera-una-conferencia-de-prensa\/#primaryimage\"},\"thumbnailUrl\":\"https:\/\/infoecos.com.ar\/wp-content\/uploads\/2020\/09\/Conferencia-1.jpg\",\"datePublished\":\"2020-12-29T03:12:20+00:00\",\"dateModified\":\"2020-12-29T03:12:47+00:00\",\"breadcrumb\":{\"@id\":\"https:\/\/infoecos.com.ar\/index.php\/presupuesto-2021-de-trenque-lauquen-el-intendente-ofrecera-una-conferencia-de-prensa\/#breadcrumb\"},\"inLanguage\":\"es\",\"potentialAction\":[{\"@type\":\"ReadAction\",\"target\":[\"https:\/\/infoecos.com.ar\/index.php\/presupuesto-2021-de-trenque-lauquen-el-intendente-ofrecera-una-conferencia-de-prensa\/\"]}]},{\"@type\":\"ImageObject\",\"inLanguage\":\"es\",\"@id\":\"https:\/\/infoecos.com.ar\/index.php\/presupuesto-2021-de-trenque-lauquen-el-intendente-ofrecera-una-conferencia-de-prensa\/#primaryimage\",\"url\":\"https:\/\/infoecos.com.ar\/wp-content\/uploads\/2020\/09\/Conferencia-1.jpg\",\"contentUrl\":\"https:\/\/infoecos.com.ar\/wp-content\/uploads\/2020\/09\/Conferencia-1.jpg\",\"width\":864,\"height\":576},{\"@type\":\"BreadcrumbList\",\"@id\":\"https:\/\/infoecos.com.ar\/index.php\/presupuesto-2021-de-trenque-lauquen-el-intendente-ofrecera-una-conferencia-de-prensa\/#breadcrumb\",\"itemListElement\":[{\"@type\":\"ListItem\",\"position\":1,\"name\":\"Portada\",\"item\":\"https:\/\/infoecos.com.ar\/\"},{\"@type\":\"ListItem\",\"position\":2,\"name\":\"Presupuesto 2021 de Trenque Lauquen: el intendente ofrecer\u00e1 una conferencia de prensa\"}]},{\"@type\":\"WebSite\",\"@id\":\"https:\/\/infoecos.com.ar\/#website\",\"url\":\"https:\/\/infoecos.com.ar\/\",\"name\":\"Infoecos\",\"description\":\"Noticias de trenque lauquen y la zona\",\"publisher\":{\"@id\":\"https:\/\/infoecos.com.ar\/#organization\"},\"alternateName\":\"Noticias\",\"potentialAction\":[{\"@type\":\"SearchAction\",\"target\":{\"@type\":\"EntryPoint\",\"urlTemplate\":\"https:\/\/infoecos.com.ar\/?s={search_term_string}\"},\"query-input\":{\"@type\":\"PropertyValueSpecification\",\"valueRequired\":true,\"valueName\":\"search_term_string\"}}],\"inLanguage\":\"es\"},{\"@type\":\"Organization\",\"@id\":\"https:\/\/infoecos.com.ar\/#organization\",\"name\":\"Infoecos\",\"alternateName\":\"Noticias\",\"url\":\"https:\/\/infoecos.com.ar\/\",\"logo\":{\"@type\":\"ImageObject\",\"inLanguage\":\"es\",\"@id\":\"https:\/\/infoecos.com.ar\/#\/schema\/logo\/image\/\",\"url\":\"https:\/\/infoecos.com.ar\/wp-content\/uploads\/2024\/03\/cropped-logo.png\",\"contentUrl\":\"https:\/\/infoecos.com.ar\/wp-content\/uploads\/2024\/03\/cropped-logo.png\",\"width\":374,\"height\":90,\"caption\":\"Infoecos\"},\"image\":{\"@id\":\"https:\/\/infoecos.com.ar\/#\/schema\/logo\/image\/\"},\"sameAs\":[\"https:\/\/www.facebook.com\/profile.php?id=100063200290284\",\"https:\/\/x.com\/infoecos\"]},{\"@type\":\"Person\",\"@id\":\"https:\/\/infoecos.com.ar\/#\/schema\/person\/8f5ace5ce73b4b4aac4b7245aee6f191\",\"name\":\"Jorge Matheus\",\"url\":\"https:\/\/infoecos.com.ar\/index.php\/author\/jomatheus\/\"}]}<\/script>\n<!-- \/ Yoast SEO plugin. -->","yoast_head_json":{"title":"Presupuesto 2021 de Trenque Lauquen: el intendente ofrecer\u00e1 una conferencia de prensa - Infoecos","robots":{"index":"index","follow":"follow","max-snippet":"max-snippet:-1","max-image-preview":"max-image-preview:large","max-video-preview":"max-video-preview:-1"},"canonical":"https:\/\/infoecos.com.ar\/index.php\/presupuesto-2021-de-trenque-lauquen-el-intendente-ofrecera-una-conferencia-de-prensa\/","og_locale":"es_ES","og_type":"article","og_title":"Presupuesto 2021 de Trenque Lauquen: el intendente ofrecer\u00e1 una conferencia de prensa - Infoecos","og_description":"Se supo que, durante gran parte de la ma\u00f1ana de este lunes, el Jefe Comunal mantuvo una larga reuni\u00f3n con los funcionarios m\u00e1s vinculados con el tema econ\u00f3mico","og_url":"https:\/\/infoecos.com.ar\/index.php\/presupuesto-2021-de-trenque-lauquen-el-intendente-ofrecera-una-conferencia-de-prensa\/","og_site_name":"Infoecos","article_publisher":"https:\/\/www.facebook.com\/profile.php?id=100063200290284","article_published_time":"2020-12-29T03:12:20+00:00","article_modified_time":"2020-12-29T03:12:47+00:00","og_image":[{"width":864,"height":576,"url":"https:\/\/infoecos.com.ar\/wp-content\/uploads\/2020\/09\/Conferencia-1.jpg","type":"image\/jpeg"}],"author":"Jorge Matheus","twitter_card":"summary_large_image","twitter_creator":"@infoecos","twitter_site":"@infoecos","twitter_misc":{"Escrito por":"Jorge Matheus","Tiempo de lectura":"1 minuto"},"schema":{"@context":"https:\/\/schema.org","@graph":[{"@type":"Article","@id":"https:\/\/infoecos.com.ar\/index.php\/presupuesto-2021-de-trenque-lauquen-el-intendente-ofrecera-una-conferencia-de-prensa\/#article","isPartOf":{"@id":"https:\/\/infoecos.com.ar\/index.php\/presupuesto-2021-de-trenque-lauquen-el-intendente-ofrecera-una-conferencia-de-prensa\/"},"author":{"name":"Jorge Matheus","@id":"https:\/\/infoecos.com.ar\/#\/schema\/person\/8f5ace5ce73b4b4aac4b7245aee6f191"},"headline":"Presupuesto 2021 de Trenque Lauquen: el intendente ofrecer\u00e1 una conferencia de prensa","datePublished":"2020-12-29T03:12:20+00:00","dateModified":"2020-12-29T03:12:47+00:00","mainEntityOfPage":{"@id":"https:\/\/infoecos.com.ar\/index.php\/presupuesto-2021-de-trenque-lauquen-el-intendente-ofrecera-una-conferencia-de-prensa\/"},"wordCount":137,"publisher":{"@id":"https:\/\/infoecos.com.ar\/#organization"},"image":{"@id":"https:\/\/infoecos.com.ar\/index.php\/presupuesto-2021-de-trenque-lauquen-el-intendente-ofrecera-una-conferencia-de-prensa\/#primaryimage"},"thumbnailUrl":"https:\/\/infoecos.com.ar\/wp-content\/uploads\/2020\/09\/Conferencia-1.jpg","keywords":["ECONOM\u00cdA MUNICIPAL"],"articleSection":["C3 N3"],"inLanguage":"es"},{"@type":"WebPage","@id":"https:\/\/infoecos.com.ar\/index.php\/presupuesto-2021-de-trenque-lauquen-el-intendente-ofrecera-una-conferencia-de-prensa\/","url":"https:\/\/infoecos.com.ar\/index.php\/presupuesto-2021-de-trenque-lauquen-el-intendente-ofrecera-una-conferencia-de-prensa\/","name":"Presupuesto 2021 de Trenque Lauquen: el intendente ofrecer\u00e1 una conferencia de prensa - Infoecos","isPartOf":{"@id":"https:\/\/infoecos.com.ar\/#website"},"primaryImageOfPage":{"@id":"https:\/\/infoecos.com.ar\/index.php\/presupuesto-2021-de-trenque-lauquen-el-intendente-ofrecera-una-conferencia-de-prensa\/#primaryimage"},"image":{"@id":"https:\/\/infoecos.com.ar\/index.php\/presupuesto-2021-de-trenque-lauquen-el-intendente-ofrecera-una-conferencia-de-prensa\/#primaryimage"},"thumbnailUrl":"https:\/\/infoecos.com.ar\/wp-content\/uploads\/2020\/09\/Conferencia-1.jpg","datePublished":"2020-12-29T03:12:20+00:00","dateModified":"2020-12-29T03:12:47+00:00","breadcrumb":{"@id":"https:\/\/infoecos.com.ar\/index.php\/presupuesto-2021-de-trenque-lauquen-el-intendente-ofrecera-una-conferencia-de-prensa\/#breadcrumb"},"inLanguage":"es","potentialAction":[{"@type":"ReadAction","target":["https:\/\/infoecos.com.ar\/index.php\/presupuesto-2021-de-trenque-lauquen-el-intendente-ofrecera-una-conferencia-de-prensa\/"]}]},{"@type":"ImageObject","inLanguage":"es","@id":"https:\/\/infoecos.com.ar\/index.php\/presupuesto-2021-de-trenque-lauquen-el-intendente-ofrecera-una-conferencia-de-prensa\/#primaryimage","url":"https:\/\/infoecos.com.ar\/wp-content\/uploads\/2020\/09\/Conferencia-1.jpg","contentUrl":"https:\/\/infoecos.com.ar\/wp-content\/uploads\/2020\/09\/Conferencia-1.jpg","width":864,"height":576},{"@type":"BreadcrumbList","@id":"https:\/\/infoecos.com.ar\/index.php\/presupuesto-2021-de-trenque-lauquen-el-intendente-ofrecera-una-conferencia-de-prensa\/#breadcrumb","itemListElement":[{"@type":"ListItem","position":1,"name":"Portada","item":"https:\/\/infoecos.com.ar\/"},{"@type":"ListItem","position":2,"name":"Presupuesto 2021 de Trenque Lauquen: el intendente ofrecer\u00e1 una conferencia de prensa"}]},{"@type":"WebSite","@id":"https:\/\/infoecos.com.ar\/#website","url":"https:\/\/infoecos.com.ar\/","name":"Infoecos","description":"Noticias de trenque lauquen y la zona","publisher":{"@id":"https:\/\/infoecos.com.ar\/#organization"},"alternateName":"Noticias","potentialAction":[{"@type":"SearchAction","target":{"@type":"EntryPoint","urlTemplate":"https:\/\/infoecos.com.ar\/?s={search_term_string}"},"query-input":{"@type":"PropertyValueSpecification","valueRequired":true,"valueName":"search_term_string"}}],"inLanguage":"es"},{"@type":"Organization","@id":"https:\/\/infoecos.com.ar\/#organization","name":"Infoecos","alternateName":"Noticias","url":"https:\/\/infoecos.com.ar\/","logo":{"@type":"ImageObject","inLanguage":"es","@id":"https:\/\/infoecos.com.ar\/#\/schema\/logo\/image\/","url":"https:\/\/infoecos.com.ar\/wp-content\/uploads\/2024\/03\/cropped-logo.png","contentUrl":"https:\/\/infoecos.com.ar\/wp-content\/uploads\/2024\/03\/cropped-logo.png","width":374,"height":90,"caption":"Infoecos"},"image":{"@id":"https:\/\/infoecos.com.ar\/#\/schema\/logo\/image\/"},"sameAs":["https:\/\/www.facebook.com\/profile.php?id=100063200290284","https:\/\/x.com\/infoecos"]},{"@type":"Person","@id":"https:\/\/infoecos.com.ar\/#\/schema\/person\/8f5ace5ce73b4b4aac4b7245aee6f191","name":"Jorge Matheus","url":"https:\/\/infoecos.com.ar\/index.php\/author\/jomatheus\/"}]}},"featured_image_urls":{"full":["https:\/\/infoecos.com.ar\/wp-content\/uploads\/2020\/09\/Conferencia-1.jpg",864,576,false],"thumbnail":["https:\/\/infoecos.com.ar\/wp-content\/uploads\/2020\/09\/Conferencia-1-150x150.jpg",150,150,true],"medium":["https:\/\/infoecos.com.ar\/wp-content\/uploads\/2020\/09\/Conferencia-1-460x307.jpg",460,307,true],"medium_large":["https:\/\/infoecos.com.ar\/wp-content\/uploads\/2020\/09\/Conferencia-1-768x512.jpg",640,427,true],"large":["https:\/\/infoecos.com.ar\/wp-content\/uploads\/2020\/09\/Conferencia-1.jpg",640,427,false],"1536x1536":["https:\/\/infoecos.com.ar\/wp-content\/uploads\/2020\/09\/Conferencia-1.jpg",864,576,false],"2048x2048":["https:\/\/infoecos.com.ar\/wp-content\/uploads\/2020\/09\/Conferencia-1.jpg",864,576,false],"covernews-slider-full":["https:\/\/infoecos.com.ar\/wp-content\/uploads\/2020\/09\/Conferencia-1.jpg",864,576,false],"covernews-slider-center":["https:\/\/infoecos.com.ar\/wp-content\/uploads\/2020\/09\/Conferencia-1.jpg",750,500,false],"covernews-featured":["https:\/\/infoecos.com.ar\/wp-content\/uploads\/2020\/09\/Conferencia-1.jpg",864,576,false],"covernews-medium":["https:\/\/infoecos.com.ar\/wp-content\/uploads\/2020\/09\/Conferencia-1-720x380.jpg",540,285,true],"covernews-medium-square":["https:\/\/infoecos.com.ar\/wp-content\/uploads\/2020\/09\/Conferencia-1-675x450.jpg",375,250,true]},"author_info":{"info":["Jorge Matheus"]},"category_info":"<a href=\"https:\/\/infoecos.com.ar\/index.php\/category\/c3nota3\/\" rel=\"category tag\">C3 N3<\/a>","tag_info":"C3 N3","comment_count":"0","_links":{"self":[{"href":"https:\/\/infoecos.com.ar\/index.php\/wp-json\/wp\/v2\/posts\/72023"}],"collection":[{"href":"https:\/\/infoecos.com.ar\/index.php\/wp-json\/wp\/v2\/posts"}],"about":[{"href":"https:\/\/infoecos.com.ar\/index.php\/wp-json\/wp\/v2\/types\/post"}],"author":[{"embeddable":true,"href":"https:\/\/infoecos.com.ar\/index.php\/wp-json\/wp\/v2\/users\/2"}],"replies":[{"embeddable":true,"href":"https:\/\/infoecos.com.ar\/index.php\/wp-json\/wp\/v2\/comments?post=72023"}],"version-history":[{"count":1,"href":"https:\/\/infoecos.com.ar\/index.php\/wp-json\/wp\/v2\/posts\/72023\/revisions"}],"predecessor-version":[{"id":72024,"href":"https:\/\/infoecos.com.ar\/index.php\/wp-json\/wp\/v2\/posts\/72023\/revisions\/72024"}],"wp:featuredmedia":[{"embeddable":true,"href":"https:\/\/infoecos.com.ar\/index.php\/wp-json\/wp\/v2\/media\/66967"}],"wp:attachment":[{"href":"https:\/\/infoecos.com.ar\/index.php\/wp-json\/wp\/v2\/media?parent=72023"}],"wp:term":[{"taxonomy":"category","embeddable":true,"href":"https:\/\/infoecos.com.ar\/index.php\/wp-json\/wp\/v2\/categories?post=72023"},{"taxonomy":"post_tag","embeddable":true,"href":"https:\/\/infoecos.com.ar\/index.php\/wp-json\/wp\/v2\/tags?post=72023"}],"curies":[{"name":"wp","href":"https:\/\/api.w.org\/{rel}","templated":true}]}}