{"id":72027,"date":"2020-12-29T00:32:26","date_gmt":"2020-12-29T03:32:26","guid":{"rendered":"http:\/\/infoecos.com.ar\/?p=72027"},"modified":"2020-12-29T00:32:28","modified_gmt":"2020-12-29T03:32:28","slug":"la-sucursal-trenque-lauquen-del-banco-provincia-volvio-a-abrir-sus-puertas-este-lunes","status":"publish","type":"post","link":"https:\/\/infoecos.com.ar\/index.php\/la-sucursal-trenque-lauquen-del-banco-provincia-volvio-a-abrir-sus-puertas-este-lunes\/","title":{"rendered":"La sucursal Trenque Lauquen del Banco Provincia volvi\u00f3 a abrir sus puertas, este lunes"},"content":{"rendered":"\n<p class=\"wp-block-paragraph\">Desde ayer reinici\u00f3 sus actividades la sucursal Trenque Lauquen del Banco de la Provincia de Buenos Aires. Se encontraba con atenci\u00f3n limitada solo a los cajeros, a ra\u00edz de la aparici\u00f3n de un caso positivo de COVID-19 y un contacto estrecho. <\/p>\n\n\n\n<div class=\"wp-block-image\"><figure class=\"aligncenter size-large\"><img loading=\"lazy\" decoding=\"async\" width=\"281\" height=\"179\" src=\"http:\/\/infoecos.com.ar\/wp-content\/uploads\/2020\/12\/bancoprovinciasuctl.jpg\" alt=\"\" class=\"wp-image-71522\"\/><\/figure><\/div>\n\n\n\n<p class=\"wp-block-paragraph\">La atenci\u00f3n se suspendi\u00f3 el pasado 17 de diciembre.<\/p>\n\n\n\n<p class=\"wp-block-paragraph\">La situaci\u00f3n trajo aparejada muchos inconvenientes, muy especialmente a comerciantes y empresarios. Muchos de ellos debieron realizar gestiones en sucursales de la entidad, ubicadas en la regi\u00f3n. <\/p>\n\n\n\n<p class=\"wp-block-paragraph\"><\/p>\n\n\n\n<p class=\"wp-block-paragraph\"><\/p>\n\n\n\n<p class=\"wp-block-paragraph\"><\/p>\n\n\n\n<p class=\"wp-block-paragraph\"><\/p>\n","protected":false},"excerpt":{"rendered":"<p>Se encontraba con atenci\u00f3n limitada solo a los cajeros, a ra\u00edz de la aparici\u00f3n de un caso positivo de COVID-19 y un contacto estrecho<\/p>\n","protected":false},"author":2,"featured_media":71522,"comment_status":"closed","ping_status":"open","sticky":false,"template":"","format":"standard","meta":{"footnotes":""},"categories":[51],"tags":[2513],"class_list":["post-72027","post","type-post","status-publish","format-standard","has-post-thumbnail","hentry","category-c2nota4","tag-a-la-normalidad"],"featured_image_urls":{"full":["https:\/\/infoecos.com.ar\/wp-content\/uploads\/2020\/12\/bancoprovinciasuctl.jpg",281,179,false],"thumbnail":["https:\/\/infoecos.com.ar\/wp-content\/uploads\/2020\/12\/bancoprovinciasuctl-150x150.jpg",150,150,true],"medium":["https:\/\/infoecos.com.ar\/wp-content\/uploads\/2020\/12\/bancoprovinciasuctl.jpg",281,179,false],"medium_large":["https:\/\/infoecos.com.ar\/wp-content\/uploads\/2020\/12\/bancoprovinciasuctl.jpg",281,179,false],"large":["https:\/\/infoecos.com.ar\/wp-content\/uploads\/2020\/12\/bancoprovinciasuctl.jpg",281,179,false],"1536x1536":["https:\/\/infoecos.com.ar\/wp-content\/uploads\/2020\/12\/bancoprovinciasuctl.jpg",281,179,false],"2048x2048":["https:\/\/infoecos.com.ar\/wp-content\/uploads\/2020\/12\/bancoprovinciasuctl.jpg",281,179,false],"covernews-slider-full":["https:\/\/infoecos.com.ar\/wp-content\/uploads\/2020\/12\/bancoprovinciasuctl.jpg",281,179,false],"covernews-slider-center":["https:\/\/infoecos.com.ar\/wp-content\/uploads\/2020\/12\/bancoprovinciasuctl.jpg",281,179,false],"covernews-featured":["https:\/\/infoecos.com.ar\/wp-content\/uploads\/2020\/12\/bancoprovinciasuctl.jpg",281,179,false],"covernews-medium":["https:\/\/infoecos.com.ar\/wp-content\/uploads\/2020\/12\/bancoprovinciasuctl.jpg",281,179,false],"covernews-medium-square":["https:\/\/infoecos.com.ar\/wp-content\/uploads\/2020\/12\/bancoprovinciasuctl.jpg",281,179,false]},"author_info":{"info":["Jorge Matheus"]},"category_info":"<a href=\"https:\/\/infoecos.com.ar\/index.php\/category\/c2nota4\/\" rel=\"category tag\">C2 N4<\/a>","tag_info":"C2 N4","comment_count":"0","_links":{"self":[{"href":"https:\/\/infoecos.com.ar\/index.php\/wp-json\/wp\/v2\/posts\/72027","targetHints":{"allow":["GET"]}}],"collection":[{"href":"https:\/\/infoecos.com.ar\/index.php\/wp-json\/wp\/v2\/posts"}],"about":[{"href":"https:\/\/infoecos.com.ar\/index.php\/wp-json\/wp\/v2\/types\/post"}],"author":[{"embeddable":true,"href":"https:\/\/infoecos.com.ar\/index.php\/wp-json\/wp\/v2\/users\/2"}],"replies":[{"embeddable":true,"href":"https:\/\/infoecos.com.ar\/index.php\/wp-json\/wp\/v2\/comments?post=72027"}],"version-history":[{"count":1,"href":"https:\/\/infoecos.com.ar\/index.php\/wp-json\/wp\/v2\/posts\/72027\/revisions"}],"predecessor-version":[{"id":72028,"href":"https:\/\/infoecos.com.ar\/index.php\/wp-json\/wp\/v2\/posts\/72027\/revisions\/72028"}],"wp:featuredmedia":[{"embeddable":true,"href":"https:\/\/infoecos.com.ar\/index.php\/wp-json\/wp\/v2\/media\/71522"}],"wp:attachment":[{"href":"https:\/\/infoecos.com.ar\/index.php\/wp-json\/wp\/v2\/media?parent=72027"}],"wp:term":[{"taxonomy":"category","embeddable":true,"href":"https:\/\/infoecos.com.ar\/index.php\/wp-json\/wp\/v2\/categories?post=72027"},{"taxonomy":"post_tag","embeddable":true,"href":"https:\/\/infoecos.com.ar\/index.php\/wp-json\/wp\/v2\/tags?post=72027"}],"curies":[{"name":"wp","href":"https:\/\/api.w.org\/{rel}","templated":true}]}}