{"id":72063,"date":"2020-12-29T16:01:28","date_gmt":"2020-12-29T19:01:28","guid":{"rendered":"http:\/\/infoecos.com.ar\/?p=72063"},"modified":"2020-12-29T16:01:31","modified_gmt":"2020-12-29T19:01:31","slug":"murio-por-ahogo-una-beba-de-2-anos-en-trenque-lauquen","status":"publish","type":"post","link":"https:\/\/infoecos.com.ar\/index.php\/murio-por-ahogo-una-beba-de-2-anos-en-trenque-lauquen\/","title":{"rendered":"Muri\u00f3, por ahogo, una beba de 2 a\u00f1os en Trenque Lauquen"},"content":{"rendered":"\n<p class=\"wp-block-paragraph\">Una beba de dos a\u00f1os muri\u00f3 ahogada en la pileta del domicilio de su familia, este lunes.<\/p>\n\n\n\n<div class=\"wp-block-image\"><figure class=\"aligncenter size-medium\"><img decoding=\"async\" src=\"http:\/\/infoecos.com.ar\/wp-content\/uploads\/multimedia.normal.9dc5333257d27102.636f6d6973617269615f6e6f726d616c2e4a5047-460x345.jpg\" alt=\"\" class=\"wp-image-47262\"\/><figcaption>Trenque Lauquen &#8211; Comisar\u00eda<\/figcaption><\/figure><\/div>\n\n\n\n<p class=\"wp-block-paragraph\">La noticia, al ser divulgada por los medios de comunicaci\u00f3n y redes sociales, impact\u00f3 fuerte en la sociedad trenquelauquense.<\/p>\n\n\n\n<p class=\"wp-block-paragraph\">Se realizaron acciones de reanimaci\u00f3n en la Cl\u00ednica Garc\u00eda Salinas, establecimiento asistencial a la que trasladaron de inmediato, pero fueron en vano.<\/p>\n\n\n\n<p class=\"wp-block-paragraph\">El hecho se produjo este lunes, cerca de las 19 horas, en una vivienda de la calle San Lorenzo.<\/p>\n\n\n\n<p class=\"wp-block-paragraph\">Se dio intervenci\u00f3n a la Polic\u00eda de Trenque Lauquen en el marco de los protocolos que dispone la Justicia.<\/p>\n\n\n\n<p class=\"wp-block-paragraph\"><\/p>\n","protected":false},"excerpt":{"rendered":"<p>La noticia, al ser divulgada por los medios de comunicaci\u00f3n y redes sociales, impact\u00f3 fuerte en la sociedad trenquelauquense<\/p>\n","protected":false},"author":2,"featured_media":47262,"comment_status":"closed","ping_status":"open","sticky":false,"template":"","format":"standard","meta":{"footnotes":""},"categories":[25],"tags":[2514],"class_list":["post-72063","post","type-post","status-publish","format-standard","has-post-thumbnail","hentry","category-c3nota1","tag-tristeza"],"featured_image_urls":{"full":"","thumbnail":"","medium":"","medium_large":"","large":"","1536x1536":"","2048x2048":"","covernews-slider-full":"","covernews-slider-center":"","covernews-featured":"","covernews-medium":"","covernews-medium-square":""},"author_info":{"info":["Jorge Matheus"]},"category_info":"<a href=\"https:\/\/infoecos.com.ar\/index.php\/category\/c3nota1\/\" rel=\"category tag\">C3 N1<\/a>","tag_info":"C3 N1","comment_count":"0","_links":{"self":[{"href":"https:\/\/infoecos.com.ar\/index.php\/wp-json\/wp\/v2\/posts\/72063","targetHints":{"allow":["GET"]}}],"collection":[{"href":"https:\/\/infoecos.com.ar\/index.php\/wp-json\/wp\/v2\/posts"}],"about":[{"href":"https:\/\/infoecos.com.ar\/index.php\/wp-json\/wp\/v2\/types\/post"}],"author":[{"embeddable":true,"href":"https:\/\/infoecos.com.ar\/index.php\/wp-json\/wp\/v2\/users\/2"}],"replies":[{"embeddable":true,"href":"https:\/\/infoecos.com.ar\/index.php\/wp-json\/wp\/v2\/comments?post=72063"}],"version-history":[{"count":1,"href":"https:\/\/infoecos.com.ar\/index.php\/wp-json\/wp\/v2\/posts\/72063\/revisions"}],"predecessor-version":[{"id":72064,"href":"https:\/\/infoecos.com.ar\/index.php\/wp-json\/wp\/v2\/posts\/72063\/revisions\/72064"}],"wp:attachment":[{"href":"https:\/\/infoecos.com.ar\/index.php\/wp-json\/wp\/v2\/media?parent=72063"}],"wp:term":[{"taxonomy":"category","embeddable":true,"href":"https:\/\/infoecos.com.ar\/index.php\/wp-json\/wp\/v2\/categories?post=72063"},{"taxonomy":"post_tag","embeddable":true,"href":"https:\/\/infoecos.com.ar\/index.php\/wp-json\/wp\/v2\/tags?post=72063"}],"curies":[{"name":"wp","href":"https:\/\/api.w.org\/{rel}","templated":true}]}}