{"id":72097,"date":"2020-12-29T23:30:53","date_gmt":"2020-12-30T02:30:53","guid":{"rendered":"http:\/\/infoecos.com.ar\/?p=72097"},"modified":"2020-12-29T23:32:04","modified_gmt":"2020-12-30T02:32:04","slug":"otras-151-personas-murieron-y-11-650-fueron-reportadas-con-coronavirus-en-las-ultimas-24-horas-en-la-argentina","status":"publish","type":"post","link":"https:\/\/infoecos.com.ar\/index.php\/otras-151-personas-murieron-y-11-650-fueron-reportadas-con-coronavirus-en-las-ultimas-24-horas-en-la-argentina\/","title":{"rendered":"Otras 151 personas murieron y 11.650 fueron reportadas con coronavirus en las \u00faltimas 24 horas en la Argentina"},"content":{"rendered":"\n<p class=\"wp-block-paragraph\"><strong>Otras 151 personas murieron y 11.650 fueron reportadas con coronavirus en las \u00faltimas 24 horas en la Argentina, con lo que suman 43.018 los fallecidos registrados oficialmente a nivel nacional y 1.602.163 los contagiados desde el inicio de la pandemia, inform\u00f3 el Ministerio de Salud.<\/strong><\/p>\n\n\n\n<div class=\"wp-block-image\"><figure class=\"aligncenter size-medium\"><img loading=\"lazy\" decoding=\"async\" width=\"460\" height=\"259\" src=\"http:\/\/infoecos.com.ar\/wp-content\/uploads\/5f2c87e8c0168-460x259.jpg\" alt=\"\" class=\"wp-image-65685\" srcset=\"https:\/\/infoecos.com.ar\/wp-content\/uploads\/5f2c87e8c0168-460x259.jpg 460w, https:\/\/infoecos.com.ar\/wp-content\/uploads\/5f2c87e8c0168-768x433.jpg 768w, https:\/\/infoecos.com.ar\/wp-content\/uploads\/5f2c87e8c0168.jpg 900w\" sizes=\"auto, (max-width: 460px) 100vw, 460px\" \/><\/figure><\/div>\n\n\n\n<p class=\"wp-block-paragraph\">La cartera sanitaria indic\u00f3 que son 3.345 los internados en unidades de terapia intensiva, con un porcentaje de ocupaci\u00f3n de camas de adultos de 53,2% en el pa\u00eds y del 56,8% en la \u00c1rea Metropolitana Buenos Aires.<\/p>\n\n\n\n<p class=\"wp-block-paragraph\">Un 46,46% (5.413 personas) de los infectados de este martes (11.650) corresponden a la Ciudad y a la Provincia de Buenos Aires.<\/p>\n\n\n\n<p class=\"wp-block-paragraph\"><strong>De los 1.602.163 contagiados, el 88,68% (1.420.885) recibi\u00f3 el alta y 138.260 son casos confirmados activos.<\/strong><\/p>\n","protected":false},"excerpt":{"rendered":"<p>La cartera sanitaria indic\u00f3 que son 3.345 los internados en unidades de terapia intensiva, con un porcentaje de ocupaci\u00f3n de camas de adultos de 53,2% en el pa\u00eds y del 56,8% en la \u00c1rea Metropolitana Buenos Aires<\/p>\n","protected":false},"author":2,"featured_media":65685,"comment_status":"closed","ping_status":"open","sticky":false,"template":"","format":"standard","meta":{"footnotes":""},"categories":[1613],"tags":[156],"class_list":["post-72097","post","type-post","status-publish","format-standard","has-post-thumbnail","hentry","category-noticia-secundaria","tag-salud"],"featured_image_urls":{"full":["https:\/\/infoecos.com.ar\/wp-content\/uploads\/5f2c87e8c0168.jpg",900,507,false],"thumbnail":["https:\/\/infoecos.com.ar\/wp-content\/uploads\/5f2c87e8c0168-150x150.jpg",150,150,true],"medium":["https:\/\/infoecos.com.ar\/wp-content\/uploads\/5f2c87e8c0168-460x259.jpg",460,259,true],"medium_large":["https:\/\/infoecos.com.ar\/wp-content\/uploads\/5f2c87e8c0168-768x433.jpg",640,361,true],"large":["https:\/\/infoecos.com.ar\/wp-content\/uploads\/5f2c87e8c0168.jpg",640,361,false],"1536x1536":["https:\/\/infoecos.com.ar\/wp-content\/uploads\/5f2c87e8c0168.jpg",900,507,false],"2048x2048":["https:\/\/infoecos.com.ar\/wp-content\/uploads\/5f2c87e8c0168.jpg",900,507,false],"covernews-slider-full":["https:\/\/infoecos.com.ar\/wp-content\/uploads\/5f2c87e8c0168.jpg",900,507,false],"covernews-slider-center":["https:\/\/infoecos.com.ar\/wp-content\/uploads\/5f2c87e8c0168.jpg",800,451,false],"covernews-featured":["https:\/\/infoecos.com.ar\/wp-content\/uploads\/5f2c87e8c0168.jpg",900,507,false],"covernews-medium":["https:\/\/infoecos.com.ar\/wp-content\/uploads\/5f2c87e8c0168-720x380.jpg",540,285,true],"covernews-medium-square":["https:\/\/infoecos.com.ar\/wp-content\/uploads\/5f2c87e8c0168-675x450.jpg",375,250,true]},"author_info":{"info":["Jorge Matheus"]},"category_info":"<a href=\"https:\/\/infoecos.com.ar\/index.php\/category\/noticia-secundaria\/\" rel=\"category tag\">Noticia Secundaria<\/a>","tag_info":"Noticia Secundaria","comment_count":"0","_links":{"self":[{"href":"https:\/\/infoecos.com.ar\/index.php\/wp-json\/wp\/v2\/posts\/72097","targetHints":{"allow":["GET"]}}],"collection":[{"href":"https:\/\/infoecos.com.ar\/index.php\/wp-json\/wp\/v2\/posts"}],"about":[{"href":"https:\/\/infoecos.com.ar\/index.php\/wp-json\/wp\/v2\/types\/post"}],"author":[{"embeddable":true,"href":"https:\/\/infoecos.com.ar\/index.php\/wp-json\/wp\/v2\/users\/2"}],"replies":[{"embeddable":true,"href":"https:\/\/infoecos.com.ar\/index.php\/wp-json\/wp\/v2\/comments?post=72097"}],"version-history":[{"count":1,"href":"https:\/\/infoecos.com.ar\/index.php\/wp-json\/wp\/v2\/posts\/72097\/revisions"}],"predecessor-version":[{"id":72098,"href":"https:\/\/infoecos.com.ar\/index.php\/wp-json\/wp\/v2\/posts\/72097\/revisions\/72098"}],"wp:featuredmedia":[{"embeddable":true,"href":"https:\/\/infoecos.com.ar\/index.php\/wp-json\/wp\/v2\/media\/65685"}],"wp:attachment":[{"href":"https:\/\/infoecos.com.ar\/index.php\/wp-json\/wp\/v2\/media?parent=72097"}],"wp:term":[{"taxonomy":"category","embeddable":true,"href":"https:\/\/infoecos.com.ar\/index.php\/wp-json\/wp\/v2\/categories?post=72097"},{"taxonomy":"post_tag","embeddable":true,"href":"https:\/\/infoecos.com.ar\/index.php\/wp-json\/wp\/v2\/tags?post=72097"}],"curies":[{"name":"wp","href":"https:\/\/api.w.org\/{rel}","templated":true}]}}