{"id":72099,"date":"2020-12-29T23:42:13","date_gmt":"2020-12-30T02:42:13","guid":{"rendered":"http:\/\/infoecos.com.ar\/?p=72099"},"modified":"2020-12-29T23:42:15","modified_gmt":"2020-12-30T02:42:15","slug":"el-departamento-ejecutivo-de-trenque-lauquen-y-un-final-a-toda-orquesta-con-los-medios-de-comunicacion","status":"publish","type":"post","link":"https:\/\/infoecos.com.ar\/index.php\/el-departamento-ejecutivo-de-trenque-lauquen-y-un-final-a-toda-orquesta-con-los-medios-de-comunicacion\/","title":{"rendered":"El Departamento Ejecutivo de Trenque Lauquen y un final a toda \u00aborquesta\u00bb con los medios de comunicaci\u00f3n"},"content":{"rendered":"\n<p class=\"wp-block-paragraph\">En el Departamento Ejecutivo Municipal de Trenque Lauquen pareciera dispusieron despedir el a\u00f1o a toda \u00aborquesta\u00bb con los medios de comunicaci\u00f3n.<\/p>\n\n\n\n<div class=\"wp-block-image\"><figure class=\"aligncenter size-medium\"><img decoding=\"async\" src=\"http:\/\/infoecos.com.ar\/wp-content\/uploads\/fd6deb3c-9218-4816-b243-9c2ad36be305-460x345.jpg\" alt=\"Trenque Lauquen - Municipalidad\" class=\"wp-image-22251\"\/><figcaption>Trenque Lauquen &#8211; Municipalidad <\/figcaption><\/figure><\/div>\n\n\n\n<p class=\"wp-block-paragraph\">Este mi\u00e9rcoles a las 9.30 habr\u00e1 una conferencia de prensa en el auditorio del Centro C\u00edvico. La misma girar\u00e1 en torno a la vacunaci\u00f3n contra el coronavirus y ser\u00e1 coordinada por el subsecretario de Salud, doctor Jorge Valente, acompa\u00f1ado por la doctora Mar\u00eda Teste, Jefe de Vacunaci\u00f3n. <\/p>\n\n\n\n<p class=\"wp-block-paragraph\">Posteriormente, a las 10 horas, en el mismo lugar el intendente municipal, doctor Miguel Fern\u00e1ndez, acompa\u00f1ado por Alfredo Zambiasio, Gustavo Marchabalo y Pablo Silvani, brindar\u00e1 otra conferencia de prensa de prensa. El tema ser\u00e1, como ya se adelant\u00f3, el presupuesto 2021. <\/p>\n\n\n\n<p class=\"wp-block-paragraph\">Concluida la rueda de prensa, en la antesala del Centro C\u00edvico, habr\u00e1 un brindis con motivo de las fiestas. <\/p>\n","protected":false},"excerpt":{"rendered":"<p>Dos conferencias de prensa: una a las 9.30 y la otra a las 10 horas. Lugar: Centro C\u00edvico<\/p>\n","protected":false},"author":2,"featured_media":61593,"comment_status":"closed","ping_status":"open","sticky":false,"template":"","format":"standard","meta":{"footnotes":""},"categories":[29],"tags":[2516],"class_list":["post-72099","post","type-post","status-publish","format-standard","has-post-thumbnail","hentry","category-c2nota1","tag-se-esta-cerrando-el-ano"],"featured_image_urls":{"full":["https:\/\/infoecos.com.ar\/wp-content\/uploads\/Municipio-2.jpg",800,532,false],"thumbnail":["https:\/\/infoecos.com.ar\/wp-content\/uploads\/Municipio-2-150x150.jpg",150,150,true],"medium":["https:\/\/infoecos.com.ar\/wp-content\/uploads\/Municipio-2-460x306.jpg",460,306,true],"medium_large":["https:\/\/infoecos.com.ar\/wp-content\/uploads\/Municipio-2-768x511.jpg",640,426,true],"large":["https:\/\/infoecos.com.ar\/wp-content\/uploads\/Municipio-2.jpg",640,426,false],"1536x1536":["https:\/\/infoecos.com.ar\/wp-content\/uploads\/Municipio-2.jpg",800,532,false],"2048x2048":["https:\/\/infoecos.com.ar\/wp-content\/uploads\/Municipio-2.jpg",800,532,false],"covernews-slider-full":["https:\/\/infoecos.com.ar\/wp-content\/uploads\/Municipio-2.jpg",800,532,false],"covernews-slider-center":["https:\/\/infoecos.com.ar\/wp-content\/uploads\/Municipio-2.jpg",752,500,false],"covernews-featured":["https:\/\/infoecos.com.ar\/wp-content\/uploads\/Municipio-2.jpg",800,532,false],"covernews-medium":["https:\/\/infoecos.com.ar\/wp-content\/uploads\/Municipio-2-720x380.jpg",540,285,true],"covernews-medium-square":["https:\/\/infoecos.com.ar\/wp-content\/uploads\/Municipio-2-675x450.jpg",375,250,true]},"author_info":{"info":["Jorge Matheus"]},"category_info":"<a href=\"https:\/\/infoecos.com.ar\/index.php\/category\/c2nota1\/\" rel=\"category tag\">C2 nota 1<\/a>","tag_info":"C2 nota 1","comment_count":"0","_links":{"self":[{"href":"https:\/\/infoecos.com.ar\/index.php\/wp-json\/wp\/v2\/posts\/72099","targetHints":{"allow":["GET"]}}],"collection":[{"href":"https:\/\/infoecos.com.ar\/index.php\/wp-json\/wp\/v2\/posts"}],"about":[{"href":"https:\/\/infoecos.com.ar\/index.php\/wp-json\/wp\/v2\/types\/post"}],"author":[{"embeddable":true,"href":"https:\/\/infoecos.com.ar\/index.php\/wp-json\/wp\/v2\/users\/2"}],"replies":[{"embeddable":true,"href":"https:\/\/infoecos.com.ar\/index.php\/wp-json\/wp\/v2\/comments?post=72099"}],"version-history":[{"count":1,"href":"https:\/\/infoecos.com.ar\/index.php\/wp-json\/wp\/v2\/posts\/72099\/revisions"}],"predecessor-version":[{"id":72100,"href":"https:\/\/infoecos.com.ar\/index.php\/wp-json\/wp\/v2\/posts\/72099\/revisions\/72100"}],"wp:featuredmedia":[{"embeddable":true,"href":"https:\/\/infoecos.com.ar\/index.php\/wp-json\/wp\/v2\/media\/61593"}],"wp:attachment":[{"href":"https:\/\/infoecos.com.ar\/index.php\/wp-json\/wp\/v2\/media?parent=72099"}],"wp:term":[{"taxonomy":"category","embeddable":true,"href":"https:\/\/infoecos.com.ar\/index.php\/wp-json\/wp\/v2\/categories?post=72099"},{"taxonomy":"post_tag","embeddable":true,"href":"https:\/\/infoecos.com.ar\/index.php\/wp-json\/wp\/v2\/tags?post=72099"}],"curies":[{"name":"wp","href":"https:\/\/api.w.org\/{rel}","templated":true}]}}