{"id":72108,"date":"2020-12-30T00:15:35","date_gmt":"2020-12-30T03:15:35","guid":{"rendered":"http:\/\/infoecos.com.ar\/?p=72108"},"modified":"2020-12-30T00:15:38","modified_gmt":"2020-12-30T03:15:38","slug":"hoy-habra-paro-de-los-judiciales-tanto-los-que-trabajan-en-forma-presencial-como-los-que-lo-hacen-via-remota","status":"publish","type":"post","link":"https:\/\/infoecos.com.ar\/index.php\/hoy-habra-paro-de-los-judiciales-tanto-los-que-trabajan-en-forma-presencial-como-los-que-lo-hacen-via-remota\/","title":{"rendered":"Hoy habr\u00e1 paro de los judiciales, tanto los que trabajan en forma presencial, como los que lo hacen v\u00eda remota"},"content":{"rendered":"\n<p class=\"wp-block-paragraph\">La Asociaci\u00f3n Judicial\u00a0Bonaerense (AJB) rechaz\u00f3 en la mesa de negociaci\u00f3n la oferta realizada\u00a0realizada por el gobierno de Axel Kicillof en funci\u00f3n de que se encuentra entre 4 y 5 puntos por debajo de la inflaci\u00f3n proyectada y convoc\u00f3 a un paro total de actividades para hoy. <\/p>\n\n\n\n<div class=\"wp-block-image\"><figure class=\"aligncenter size-medium\"><img decoding=\"async\" src=\"http:\/\/infoecos.com.ar\/wp-content\/uploads\/unnamed-1-174-460x219.jpg\" alt=\"\" class=\"wp-image-55263\"\/><figcaption>Asociaci\u00f3n Judicial Bonaerense<\/figcaption><\/figure><\/div>\n\n\n\n<p class=\"wp-block-paragraph\">Ante el rechazo de la oferta, hoy las y los trabajadores judiciales que se encuentren trabajando de manera presencial no concurrir\u00e1n a sus lugares de trabajo, mientras que quienes se encuentran realizando sus tareas de manera remota, no se conectar\u00e1n al sistema.<\/p>\n\n\n\n<p class=\"wp-block-paragraph\">Por \u00faltimo la conducci\u00f3n provincial dispuso la realizaci\u00f3n de asambleas este mi\u00e9rcoles en las diecinueve departamentales, a fin de debatir y decidir colectivamente los pasos a seguir.<\/p>\n","protected":false},"excerpt":{"rendered":"<p>La conducci\u00f3n provincial dispuso la realizaci\u00f3n de asambleas este mi\u00e9rcoles en las diecinueve departamentales, a fin de debatir y decidir colectivamente los pasos a seguir<\/p>\n","protected":false},"author":2,"featured_media":55263,"comment_status":"closed","ping_status":"open","sticky":false,"template":"","format":"standard","meta":{"footnotes":""},"categories":[24],"tags":[2518],"class_list":["post-72108","post","type-post","status-publish","format-standard","has-post-thumbnail","hentry","category-c1nota3","tag-judiciales-no-acuerdan-con-el-gobierno-bonaerense"],"featured_image_urls":{"full":"","thumbnail":"","medium":"","medium_large":"","large":"","1536x1536":"","2048x2048":"","covernews-slider-full":"","covernews-slider-center":"","covernews-featured":"","covernews-medium":"","covernews-medium-square":""},"author_info":{"info":["Jorge Matheus"]},"category_info":"<a href=\"https:\/\/infoecos.com.ar\/index.php\/category\/c1nota3\/\" rel=\"category tag\">C1 N3<\/a>","tag_info":"C1 N3","comment_count":"0","_links":{"self":[{"href":"https:\/\/infoecos.com.ar\/index.php\/wp-json\/wp\/v2\/posts\/72108","targetHints":{"allow":["GET"]}}],"collection":[{"href":"https:\/\/infoecos.com.ar\/index.php\/wp-json\/wp\/v2\/posts"}],"about":[{"href":"https:\/\/infoecos.com.ar\/index.php\/wp-json\/wp\/v2\/types\/post"}],"author":[{"embeddable":true,"href":"https:\/\/infoecos.com.ar\/index.php\/wp-json\/wp\/v2\/users\/2"}],"replies":[{"embeddable":true,"href":"https:\/\/infoecos.com.ar\/index.php\/wp-json\/wp\/v2\/comments?post=72108"}],"version-history":[{"count":1,"href":"https:\/\/infoecos.com.ar\/index.php\/wp-json\/wp\/v2\/posts\/72108\/revisions"}],"predecessor-version":[{"id":72109,"href":"https:\/\/infoecos.com.ar\/index.php\/wp-json\/wp\/v2\/posts\/72108\/revisions\/72109"}],"wp:attachment":[{"href":"https:\/\/infoecos.com.ar\/index.php\/wp-json\/wp\/v2\/media?parent=72108"}],"wp:term":[{"taxonomy":"category","embeddable":true,"href":"https:\/\/infoecos.com.ar\/index.php\/wp-json\/wp\/v2\/categories?post=72108"},{"taxonomy":"post_tag","embeddable":true,"href":"https:\/\/infoecos.com.ar\/index.php\/wp-json\/wp\/v2\/tags?post=72108"}],"curies":[{"name":"wp","href":"https:\/\/api.w.org\/{rel}","templated":true}]}}