{"id":72114,"date":"2020-12-30T00:35:38","date_gmt":"2020-12-30T03:35:38","guid":{"rendered":"http:\/\/infoecos.com.ar\/?p=72114"},"modified":"2020-12-30T00:35:42","modified_gmt":"2020-12-30T03:35:42","slug":"avelino-zurro-secretario-de-municipios-de-nacion-firmo-un-importante-convenio-con-hipolito-yrigoyen","status":"publish","type":"post","link":"https:\/\/infoecos.com.ar\/index.php\/avelino-zurro-secretario-de-municipios-de-nacion-firmo-un-importante-convenio-con-hipolito-yrigoyen\/","title":{"rendered":"Avelino Zurro, secretario de municipios de Naci\u00f3n, firm\u00f3 un importante convenio con Hip\u00f3lito Yrigoyen"},"content":{"rendered":"\n<p class=\"wp-block-paragraph\">El Secretario de Municipios de la Naci\u00f3n, Avelino Zurro, en representaci\u00f3n del Ministerio del Interior que encabeza Wado de Pedro, y el intendente de Hip\u00f3lito Yrigoyen, Luis Ignacio Pugnaloni, firmaron ayer un convenio en el marco del Programa \u201cMunicipios de Pie\u201d para construir un Centro de D\u00eda destinado a personas con discapacidad en la ciudad de Henderson.<\/p>\n\n\n\n<div class=\"wp-block-image\"><figure class=\"aligncenter size-medium\"><img loading=\"lazy\" decoding=\"async\" width=\"460\" height=\"307\" src=\"http:\/\/infoecos.com.ar\/wp-content\/uploads\/2020\/12\/zurropugnaloni-460x307.jpg\" alt=\"\" class=\"wp-image-72115\" srcset=\"https:\/\/infoecos.com.ar\/wp-content\/uploads\/2020\/12\/zurropugnaloni-460x307.jpg 460w, https:\/\/infoecos.com.ar\/wp-content\/uploads\/2020\/12\/zurropugnaloni-920x613.jpg 920w, https:\/\/infoecos.com.ar\/wp-content\/uploads\/2020\/12\/zurropugnaloni-768x512.jpg 768w, https:\/\/infoecos.com.ar\/wp-content\/uploads\/2020\/12\/zurropugnaloni-1536x1024.jpg 1536w, https:\/\/infoecos.com.ar\/wp-content\/uploads\/2020\/12\/zurropugnaloni-2048x1365.jpg 2048w, https:\/\/infoecos.com.ar\/wp-content\/uploads\/2020\/12\/zurropugnaloni-1024x683.jpg 1024w, https:\/\/infoecos.com.ar\/wp-content\/uploads\/2020\/12\/zurropugnaloni-675x450.jpg 675w\" sizes=\"auto, (max-width: 460px) 100vw, 460px\" \/><\/figure><\/div>\n\n\n\n<p class=\"wp-block-paragraph\">El programa prev\u00e9 la asistencia directa a municipios de todo el pa\u00eds para la adquisici\u00f3n de equipamiento, insumos y otros bienes de capital a trav\u00e9s de los cuales se da impulso a la econom\u00eda, la autonom\u00eda, la integraci\u00f3n regional y la inclusi\u00f3n social en cada una de las comunas.<\/p>\n\n\n\n<p class=\"wp-block-paragraph\">Durante el acto, Zurro ratific\u00f3 el compromiso para llegar a cada municipio y asegur\u00f3 que \u201cesto grafica lo que pretendemos como Gobierno nacional y lo que nos pide Wado de Pedro: ocuparnos de llegar a cada Municipio con herramientas que verdaderamente transformen la calidad de vida de los vecinos y vecinas\u201d.<\/p>\n\n\n\n<p class=\"wp-block-paragraph\">\u201cEl Centro de D\u00eda pasar\u00e1 a ser una pieza fundamental en el desarrollo de una comunidad tan querida como la de Hip\u00f3lito Yrigoyen, materializando un homenaje a cada una de las familias que trabajaron durante tantos a\u00f1os para que este sue\u00f1o se transforme en realidad\u201d, agreg\u00f3 el pehuajense.<\/p>\n","protected":false},"excerpt":{"rendered":"<p>El programa prev\u00e9 la asistencia directa a municipios de todo el pa\u00eds para la adquisici\u00f3n de equipamiento, insumos y otros bienes de capital <\/p>\n","protected":false},"author":2,"featured_media":72115,"comment_status":"closed","ping_status":"open","sticky":false,"template":"","format":"standard","meta":{"footnotes":""},"categories":[49],"tags":[2520],"class_list":["post-72114","post","type-post","status-publish","format-standard","has-post-thumbnail","hentry","category-c3nota3","tag-centro-de-dia"],"featured_image_urls":{"full":["https:\/\/infoecos.com.ar\/wp-content\/uploads\/2020\/12\/zurropugnaloni-scaled.jpg",2560,1707,false],"thumbnail":["https:\/\/infoecos.com.ar\/wp-content\/uploads\/2020\/12\/zurropugnaloni-150x150.jpg",150,150,true],"medium":["https:\/\/infoecos.com.ar\/wp-content\/uploads\/2020\/12\/zurropugnaloni-460x307.jpg",460,307,true],"medium_large":["https:\/\/infoecos.com.ar\/wp-content\/uploads\/2020\/12\/zurropugnaloni-768x512.jpg",640,427,true],"large":["https:\/\/infoecos.com.ar\/wp-content\/uploads\/2020\/12\/zurropugnaloni-920x613.jpg",640,426,true],"1536x1536":["https:\/\/infoecos.com.ar\/wp-content\/uploads\/2020\/12\/zurropugnaloni-1536x1024.jpg",1536,1024,true],"2048x2048":["https:\/\/infoecos.com.ar\/wp-content\/uploads\/2020\/12\/zurropugnaloni-2048x1365.jpg",2048,1365,true],"covernews-slider-full":["https:\/\/infoecos.com.ar\/wp-content\/uploads\/2020\/12\/zurropugnaloni-1536x1020.jpg",1077,715,true],"covernews-slider-center":["https:\/\/infoecos.com.ar\/wp-content\/uploads\/2020\/12\/zurropugnaloni-936x897.jpg",522,500,true],"covernews-featured":["https:\/\/infoecos.com.ar\/wp-content\/uploads\/2020\/12\/zurropugnaloni-1024x683.jpg",1024,683,true],"covernews-medium":["https:\/\/infoecos.com.ar\/wp-content\/uploads\/2020\/12\/zurropugnaloni-720x380.jpg",540,285,true],"covernews-medium-square":["https:\/\/infoecos.com.ar\/wp-content\/uploads\/2020\/12\/zurropugnaloni-675x450.jpg",375,250,true]},"author_info":{"info":["Jorge Matheus"]},"category_info":"<a href=\"https:\/\/infoecos.com.ar\/index.php\/category\/c3nota3\/\" rel=\"category tag\">C3 N3<\/a>","tag_info":"C3 N3","comment_count":"0","_links":{"self":[{"href":"https:\/\/infoecos.com.ar\/index.php\/wp-json\/wp\/v2\/posts\/72114","targetHints":{"allow":["GET"]}}],"collection":[{"href":"https:\/\/infoecos.com.ar\/index.php\/wp-json\/wp\/v2\/posts"}],"about":[{"href":"https:\/\/infoecos.com.ar\/index.php\/wp-json\/wp\/v2\/types\/post"}],"author":[{"embeddable":true,"href":"https:\/\/infoecos.com.ar\/index.php\/wp-json\/wp\/v2\/users\/2"}],"replies":[{"embeddable":true,"href":"https:\/\/infoecos.com.ar\/index.php\/wp-json\/wp\/v2\/comments?post=72114"}],"version-history":[{"count":1,"href":"https:\/\/infoecos.com.ar\/index.php\/wp-json\/wp\/v2\/posts\/72114\/revisions"}],"predecessor-version":[{"id":72116,"href":"https:\/\/infoecos.com.ar\/index.php\/wp-json\/wp\/v2\/posts\/72114\/revisions\/72116"}],"wp:featuredmedia":[{"embeddable":true,"href":"https:\/\/infoecos.com.ar\/index.php\/wp-json\/wp\/v2\/media\/72115"}],"wp:attachment":[{"href":"https:\/\/infoecos.com.ar\/index.php\/wp-json\/wp\/v2\/media?parent=72114"}],"wp:term":[{"taxonomy":"category","embeddable":true,"href":"https:\/\/infoecos.com.ar\/index.php\/wp-json\/wp\/v2\/categories?post=72114"},{"taxonomy":"post_tag","embeddable":true,"href":"https:\/\/infoecos.com.ar\/index.php\/wp-json\/wp\/v2\/tags?post=72114"}],"curies":[{"name":"wp","href":"https:\/\/api.w.org\/{rel}","templated":true}]}}