{"id":72119,"date":"2020-12-30T00:44:23","date_gmt":"2020-12-30T03:44:23","guid":{"rendered":"http:\/\/infoecos.com.ar\/?p=72119"},"modified":"2020-12-30T00:44:26","modified_gmt":"2020-12-30T03:44:26","slug":"137-casos-positivos-de-coronavirus-en-salliquelo","status":"publish","type":"post","link":"https:\/\/infoecos.com.ar\/index.php\/137-casos-positivos-de-coronavirus-en-salliquelo\/","title":{"rendered":"137 casos positivos de coronavirus en Salliquel\u00f3"},"content":{"rendered":"\n<p class=\"wp-block-paragraph\">El reporte diario sobre la situaci\u00f3n epidemiol\u00f3gica en el distrito de Salliquel\u00f3, inform\u00f3 este martes a las 18 hs que se registraron 43 nuevos casos positivos de COVID-19 y que 2 pacientes recibieron el alta.<\/p>\n\n\n\n<p class=\"wp-block-paragraph\">Las cifras arrojan hasta el momento un total de 137 casos positivos activos (7 en Quenum\u00e1), 73 de ellos diagnosticados mediante an\u00e1lisis y 64 por nexo cl\u00ednico epidemiol\u00f3gico, 1070 personas que realizan aislamiento sanitario preventivo y se aguarda el resultado de 27 muestras. <\/p>\n\n\n\n<p class=\"wp-block-paragraph\">Los pacientes recuperados hasta el momento son 153 y se registra un fallecimiento.<\/p>\n\n\n\n<p class=\"wp-block-paragraph\"><strong>Fuente: veradia.com<\/strong><\/p>\n","protected":false},"excerpt":{"rendered":"<p>El reporte diario sobre la situaci\u00f3n epidemiol\u00f3gica en el distrito de Salliquel\u00f3, inform\u00f3 este martes a las 18 hs que se registraron 43 nuevos casos positivos de COVID-19<\/p>\n","protected":false},"author":2,"featured_media":49047,"comment_status":"closed","ping_status":"open","sticky":false,"template":"","format":"standard","meta":{"footnotes":""},"categories":[51],"tags":[156],"class_list":["post-72119","post","type-post","status-publish","format-standard","has-post-thumbnail","hentry","category-c2nota4","tag-salud"],"featured_image_urls":{"full":"","thumbnail":"","medium":"","medium_large":"","large":"","1536x1536":"","2048x2048":"","covernews-slider-full":"","covernews-slider-center":"","covernews-featured":"","covernews-medium":"","covernews-medium-square":""},"author_info":{"info":["Jorge Matheus"]},"category_info":"<a href=\"https:\/\/infoecos.com.ar\/index.php\/category\/c2nota4\/\" rel=\"category tag\">C2 N4<\/a>","tag_info":"C2 N4","comment_count":"0","_links":{"self":[{"href":"https:\/\/infoecos.com.ar\/index.php\/wp-json\/wp\/v2\/posts\/72119","targetHints":{"allow":["GET"]}}],"collection":[{"href":"https:\/\/infoecos.com.ar\/index.php\/wp-json\/wp\/v2\/posts"}],"about":[{"href":"https:\/\/infoecos.com.ar\/index.php\/wp-json\/wp\/v2\/types\/post"}],"author":[{"embeddable":true,"href":"https:\/\/infoecos.com.ar\/index.php\/wp-json\/wp\/v2\/users\/2"}],"replies":[{"embeddable":true,"href":"https:\/\/infoecos.com.ar\/index.php\/wp-json\/wp\/v2\/comments?post=72119"}],"version-history":[{"count":1,"href":"https:\/\/infoecos.com.ar\/index.php\/wp-json\/wp\/v2\/posts\/72119\/revisions"}],"predecessor-version":[{"id":72120,"href":"https:\/\/infoecos.com.ar\/index.php\/wp-json\/wp\/v2\/posts\/72119\/revisions\/72120"}],"wp:attachment":[{"href":"https:\/\/infoecos.com.ar\/index.php\/wp-json\/wp\/v2\/media?parent=72119"}],"wp:term":[{"taxonomy":"category","embeddable":true,"href":"https:\/\/infoecos.com.ar\/index.php\/wp-json\/wp\/v2\/categories?post=72119"},{"taxonomy":"post_tag","embeddable":true,"href":"https:\/\/infoecos.com.ar\/index.php\/wp-json\/wp\/v2\/tags?post=72119"}],"curies":[{"name":"wp","href":"https:\/\/api.w.org\/{rel}","templated":true}]}}