{"id":72156,"date":"2020-12-30T17:01:30","date_gmt":"2020-12-30T20:01:30","guid":{"rendered":"http:\/\/infoecos.com.ar\/?p=72156"},"modified":"2020-12-30T17:01:33","modified_gmt":"2020-12-30T20:01:33","slug":"comenzo-la-vacunacion-contra-el-coronavirus-al-personal-de-salud-del-distrito-de-carlos-casares","status":"publish","type":"post","link":"https:\/\/infoecos.com.ar\/index.php\/comenzo-la-vacunacion-contra-el-coronavirus-al-personal-de-salud-del-distrito-de-carlos-casares\/","title":{"rendered":"Comenz\u00f3 la vacunaci\u00f3n contra el coronavirus al personal de salud del distrito de Carlos Casares"},"content":{"rendered":"\n<p>Hay 82 casos activos. 753 recuperados, 11 casos positivos por nexo cl\u00ednico epidemiol\u00f3gico, 203 casos recuperados por nexo cl\u00ednico epidemiol\u00f3gico, 1.416 hisopados negativos y 30 fallecidos, en el distrito de Carlos Casares.<\/p>\n\n\n\n<div class=\"wp-block-image\"><figure class=\"aligncenter size-medium\"><img decoding=\"async\" src=\"http:\/\/infoecos.com.ar\/wp-content\/uploads\/hospital-1-460x283.jpg\" alt=\"\" class=\"wp-image-46923\"\/><figcaption>Carlos Casares &#8211; Hospital Municipal<\/figcaption><\/figure><\/div>\n\n\n\n<p>\u00abLes agradezco profundamente a todos y cada uno de ellos y, creo que era conveniente y necesario poder llegar a ellos con \u00e9sta respuesta porque est\u00e1n en la primera trinchera de batalla contra el COVID-19, y por ello, estoy muy feliz de que hoy los podamos comenzar a vacunar\u00bb, se\u00f1al\u00f3 el intendente Torchio al referirse a la vacunaci\u00f3n al personal de salud que comenz\u00f3 este mi\u00e9rcoles.<\/p>\n\n\n\n<p>El Jefe Comunal insisti\u00f3 en el pedido de responsabilidad a los vecinos, como sucedi\u00f3 el anterior que \u00abfue aceptable\u00bb. En tal sentido, \u00abpido por favor que si alguno tiene s\u00edntomas no se auto enga\u00f1e y no concurra a la reuni\u00f3n familiar o social porque la consecuencia ser\u00e1 el salto del n\u00famero de casos ya que, los actuales 82, nos hace estar en alerta amarilla\u00bb.<\/p>\n\n\n\n<p>En relaci\u00f3n a las actividades de este jueves a la noche, el horario ser\u00e1 hasta las <strong>5AM<\/strong> y luego vuelven hasta las <strong>3AM<\/strong>. Los lugares habilitados son el polideportivo Hurac\u00e1n y Sin City, sitios que tienen limitados el factor ocupacional; ser\u00e1 con reserva.<\/p>\n\n\n\n<p>\u00abDisfruten del cierre de este a\u00f1o complicado y triste pero h\u00e1ganlo con responsabilidad siendo solidarios cuidando a los adultos mayores y, a quienes tienen enfermedades preexistentes porque, lamentablemente tenemos fallecidos\u00bb, reafirm\u00f3 el mandatario comunal.<\/p>\n\n\n\n<p>Sobre el cierre tambi\u00e9n pidi\u00f3 ser responsables al transitar caminos rurales y la ruta.<\/p>\n\n\n\n<p>Y, por \u00faltimo, volvi\u00f3 a agradecer a la poblaci\u00f3n porque gracias a todos los esfuerzos el esquema de salud no colaps\u00f3.<\/p>\n","protected":false},"excerpt":{"rendered":"<p>Hay 82 casos activos. 753 recuperados, 11 casos positivos por nexo cl\u00ednico epidemiol\u00f3gico, 203 casos recuperados por nexo cl\u00ednico epidemiol\u00f3gico<\/p>\n","protected":false},"author":2,"featured_media":46923,"comment_status":"closed","ping_status":"open","sticky":false,"template":"","format":"standard","meta":{"footnotes":""},"categories":[46],"tags":[2523],"class_list":["post-72156","post","type-post","status-publish","format-standard","has-post-thumbnail","hentry","category-c2nota2","tag-agradecimiento-del-intendente"],"yoast_head":"<!-- This site is optimized with the Yoast SEO plugin v23.4 - https:\/\/yoast.com\/wordpress\/plugins\/seo\/ -->\n<title>Comenz\u00f3 la vacunaci\u00f3n contra el coronavirus al personal de salud del distrito de Carlos Casares - Infoecos<\/title>\n<meta name=\"robots\" content=\"index, follow, max-snippet:-1, max-image-preview:large, max-video-preview:-1\" \/>\n<link rel=\"canonical\" href=\"https:\/\/infoecos.com.ar\/index.php\/comenzo-la-vacunacion-contra-el-coronavirus-al-personal-de-salud-del-distrito-de-carlos-casares\/\" \/>\n<meta property=\"og:locale\" content=\"es_ES\" \/>\n<meta property=\"og:type\" content=\"article\" \/>\n<meta property=\"og:title\" content=\"Comenz\u00f3 la vacunaci\u00f3n contra el coronavirus al personal de salud del distrito de Carlos Casares - Infoecos\" \/>\n<meta property=\"og:description\" content=\"Hay 82 casos activos. 753 recuperados, 11 casos positivos por nexo cl\u00ednico epidemiol\u00f3gico, 203 casos recuperados por nexo cl\u00ednico epidemiol\u00f3gico\" \/>\n<meta property=\"og:url\" content=\"https:\/\/infoecos.com.ar\/index.php\/comenzo-la-vacunacion-contra-el-coronavirus-al-personal-de-salud-del-distrito-de-carlos-casares\/\" \/>\n<meta property=\"og:site_name\" content=\"Infoecos\" \/>\n<meta property=\"article:publisher\" content=\"https:\/\/www.facebook.com\/profile.php?id=100063200290284\" \/>\n<meta property=\"article:published_time\" content=\"2020-12-30T20:01:30+00:00\" \/>\n<meta property=\"article:modified_time\" content=\"2020-12-30T20:01:33+00:00\" \/>\n<meta property=\"og:image\" content=\"https:\/\/infoecos.com.ar\/wp-content\/uploads\/hospital-1.jpg\" \/>\n\t<meta property=\"og:image:width\" content=\"600\" \/>\n\t<meta property=\"og:image:height\" content=\"369\" \/>\n\t<meta property=\"og:image:type\" content=\"image\/jpeg\" \/>\n<meta name=\"author\" content=\"Jorge Matheus\" \/>\n<meta name=\"twitter:card\" content=\"summary_large_image\" \/>\n<meta name=\"twitter:creator\" content=\"@infoecos\" \/>\n<meta name=\"twitter:site\" content=\"@infoecos\" \/>\n<meta name=\"twitter:label1\" content=\"Escrito por\" \/>\n\t<meta name=\"twitter:data1\" content=\"Jorge Matheus\" \/>\n\t<meta name=\"twitter:label2\" content=\"Tiempo de lectura\" \/>\n\t<meta name=\"twitter:data2\" content=\"1 minuto\" \/>\n<script type=\"application\/ld+json\" class=\"yoast-schema-graph\">{\"@context\":\"https:\/\/schema.org\",\"@graph\":[{\"@type\":\"Article\",\"@id\":\"https:\/\/infoecos.com.ar\/index.php\/comenzo-la-vacunacion-contra-el-coronavirus-al-personal-de-salud-del-distrito-de-carlos-casares\/#article\",\"isPartOf\":{\"@id\":\"https:\/\/infoecos.com.ar\/index.php\/comenzo-la-vacunacion-contra-el-coronavirus-al-personal-de-salud-del-distrito-de-carlos-casares\/\"},\"author\":{\"name\":\"Jorge Matheus\",\"@id\":\"https:\/\/infoecos.com.ar\/#\/schema\/person\/8f5ace5ce73b4b4aac4b7245aee6f191\"},\"headline\":\"Comenz\u00f3 la vacunaci\u00f3n contra el coronavirus al personal de salud del distrito de Carlos Casares\",\"datePublished\":\"2020-12-30T20:01:30+00:00\",\"dateModified\":\"2020-12-30T20:01:33+00:00\",\"mainEntityOfPage\":{\"@id\":\"https:\/\/infoecos.com.ar\/index.php\/comenzo-la-vacunacion-contra-el-coronavirus-al-personal-de-salud-del-distrito-de-carlos-casares\/\"},\"wordCount\":306,\"publisher\":{\"@id\":\"https:\/\/infoecos.com.ar\/#organization\"},\"image\":{\"@id\":\"https:\/\/infoecos.com.ar\/index.php\/comenzo-la-vacunacion-contra-el-coronavirus-al-personal-de-salud-del-distrito-de-carlos-casares\/#primaryimage\"},\"thumbnailUrl\":\"\",\"keywords\":[\"AGRADECIMIENTO DEL INTENDENTE\"],\"articleSection\":[\"C2 N2\"],\"inLanguage\":\"es\"},{\"@type\":\"WebPage\",\"@id\":\"https:\/\/infoecos.com.ar\/index.php\/comenzo-la-vacunacion-contra-el-coronavirus-al-personal-de-salud-del-distrito-de-carlos-casares\/\",\"url\":\"https:\/\/infoecos.com.ar\/index.php\/comenzo-la-vacunacion-contra-el-coronavirus-al-personal-de-salud-del-distrito-de-carlos-casares\/\",\"name\":\"Comenz\u00f3 la vacunaci\u00f3n contra el coronavirus al personal de salud del distrito de Carlos Casares - Infoecos\",\"isPartOf\":{\"@id\":\"https:\/\/infoecos.com.ar\/#website\"},\"primaryImageOfPage\":{\"@id\":\"https:\/\/infoecos.com.ar\/index.php\/comenzo-la-vacunacion-contra-el-coronavirus-al-personal-de-salud-del-distrito-de-carlos-casares\/#primaryimage\"},\"image\":{\"@id\":\"https:\/\/infoecos.com.ar\/index.php\/comenzo-la-vacunacion-contra-el-coronavirus-al-personal-de-salud-del-distrito-de-carlos-casares\/#primaryimage\"},\"thumbnailUrl\":\"\",\"datePublished\":\"2020-12-30T20:01:30+00:00\",\"dateModified\":\"2020-12-30T20:01:33+00:00\",\"breadcrumb\":{\"@id\":\"https:\/\/infoecos.com.ar\/index.php\/comenzo-la-vacunacion-contra-el-coronavirus-al-personal-de-salud-del-distrito-de-carlos-casares\/#breadcrumb\"},\"inLanguage\":\"es\",\"potentialAction\":[{\"@type\":\"ReadAction\",\"target\":[\"https:\/\/infoecos.com.ar\/index.php\/comenzo-la-vacunacion-contra-el-coronavirus-al-personal-de-salud-del-distrito-de-carlos-casares\/\"]}]},{\"@type\":\"ImageObject\",\"inLanguage\":\"es\",\"@id\":\"https:\/\/infoecos.com.ar\/index.php\/comenzo-la-vacunacion-contra-el-coronavirus-al-personal-de-salud-del-distrito-de-carlos-casares\/#primaryimage\",\"url\":\"\",\"contentUrl\":\"\"},{\"@type\":\"BreadcrumbList\",\"@id\":\"https:\/\/infoecos.com.ar\/index.php\/comenzo-la-vacunacion-contra-el-coronavirus-al-personal-de-salud-del-distrito-de-carlos-casares\/#breadcrumb\",\"itemListElement\":[{\"@type\":\"ListItem\",\"position\":1,\"name\":\"Portada\",\"item\":\"https:\/\/infoecos.com.ar\/\"},{\"@type\":\"ListItem\",\"position\":2,\"name\":\"Comenz\u00f3 la vacunaci\u00f3n contra el coronavirus al personal de salud del distrito de Carlos Casares\"}]},{\"@type\":\"WebSite\",\"@id\":\"https:\/\/infoecos.com.ar\/#website\",\"url\":\"https:\/\/infoecos.com.ar\/\",\"name\":\"Infoecos\",\"description\":\"Noticias de trenque lauquen y la zona\",\"publisher\":{\"@id\":\"https:\/\/infoecos.com.ar\/#organization\"},\"alternateName\":\"Noticias\",\"potentialAction\":[{\"@type\":\"SearchAction\",\"target\":{\"@type\":\"EntryPoint\",\"urlTemplate\":\"https:\/\/infoecos.com.ar\/?s={search_term_string}\"},\"query-input\":{\"@type\":\"PropertyValueSpecification\",\"valueRequired\":true,\"valueName\":\"search_term_string\"}}],\"inLanguage\":\"es\"},{\"@type\":\"Organization\",\"@id\":\"https:\/\/infoecos.com.ar\/#organization\",\"name\":\"Infoecos\",\"alternateName\":\"Noticias\",\"url\":\"https:\/\/infoecos.com.ar\/\",\"logo\":{\"@type\":\"ImageObject\",\"inLanguage\":\"es\",\"@id\":\"https:\/\/infoecos.com.ar\/#\/schema\/logo\/image\/\",\"url\":\"https:\/\/infoecos.com.ar\/wp-content\/uploads\/2024\/03\/cropped-logo.png\",\"contentUrl\":\"https:\/\/infoecos.com.ar\/wp-content\/uploads\/2024\/03\/cropped-logo.png\",\"width\":374,\"height\":90,\"caption\":\"Infoecos\"},\"image\":{\"@id\":\"https:\/\/infoecos.com.ar\/#\/schema\/logo\/image\/\"},\"sameAs\":[\"https:\/\/www.facebook.com\/profile.php?id=100063200290284\",\"https:\/\/x.com\/infoecos\"]},{\"@type\":\"Person\",\"@id\":\"https:\/\/infoecos.com.ar\/#\/schema\/person\/8f5ace5ce73b4b4aac4b7245aee6f191\",\"name\":\"Jorge Matheus\",\"url\":\"https:\/\/infoecos.com.ar\/index.php\/author\/jomatheus\/\"}]}<\/script>\n<!-- \/ Yoast SEO plugin. -->","yoast_head_json":{"title":"Comenz\u00f3 la vacunaci\u00f3n contra el coronavirus al personal de salud del distrito de Carlos Casares - Infoecos","robots":{"index":"index","follow":"follow","max-snippet":"max-snippet:-1","max-image-preview":"max-image-preview:large","max-video-preview":"max-video-preview:-1"},"canonical":"https:\/\/infoecos.com.ar\/index.php\/comenzo-la-vacunacion-contra-el-coronavirus-al-personal-de-salud-del-distrito-de-carlos-casares\/","og_locale":"es_ES","og_type":"article","og_title":"Comenz\u00f3 la vacunaci\u00f3n contra el coronavirus al personal de salud del distrito de Carlos Casares - Infoecos","og_description":"Hay 82 casos activos. 753 recuperados, 11 casos positivos por nexo cl\u00ednico epidemiol\u00f3gico, 203 casos recuperados por nexo cl\u00ednico epidemiol\u00f3gico","og_url":"https:\/\/infoecos.com.ar\/index.php\/comenzo-la-vacunacion-contra-el-coronavirus-al-personal-de-salud-del-distrito-de-carlos-casares\/","og_site_name":"Infoecos","article_publisher":"https:\/\/www.facebook.com\/profile.php?id=100063200290284","article_published_time":"2020-12-30T20:01:30+00:00","article_modified_time":"2020-12-30T20:01:33+00:00","og_image":[{"width":600,"height":369,"url":"https:\/\/infoecos.com.ar\/wp-content\/uploads\/hospital-1.jpg","type":"image\/jpeg"}],"author":"Jorge Matheus","twitter_card":"summary_large_image","twitter_creator":"@infoecos","twitter_site":"@infoecos","twitter_misc":{"Escrito por":"Jorge Matheus","Tiempo de lectura":"1 minuto"},"schema":{"@context":"https:\/\/schema.org","@graph":[{"@type":"Article","@id":"https:\/\/infoecos.com.ar\/index.php\/comenzo-la-vacunacion-contra-el-coronavirus-al-personal-de-salud-del-distrito-de-carlos-casares\/#article","isPartOf":{"@id":"https:\/\/infoecos.com.ar\/index.php\/comenzo-la-vacunacion-contra-el-coronavirus-al-personal-de-salud-del-distrito-de-carlos-casares\/"},"author":{"name":"Jorge Matheus","@id":"https:\/\/infoecos.com.ar\/#\/schema\/person\/8f5ace5ce73b4b4aac4b7245aee6f191"},"headline":"Comenz\u00f3 la vacunaci\u00f3n contra el coronavirus al personal de salud del distrito de Carlos Casares","datePublished":"2020-12-30T20:01:30+00:00","dateModified":"2020-12-30T20:01:33+00:00","mainEntityOfPage":{"@id":"https:\/\/infoecos.com.ar\/index.php\/comenzo-la-vacunacion-contra-el-coronavirus-al-personal-de-salud-del-distrito-de-carlos-casares\/"},"wordCount":306,"publisher":{"@id":"https:\/\/infoecos.com.ar\/#organization"},"image":{"@id":"https:\/\/infoecos.com.ar\/index.php\/comenzo-la-vacunacion-contra-el-coronavirus-al-personal-de-salud-del-distrito-de-carlos-casares\/#primaryimage"},"thumbnailUrl":"","keywords":["AGRADECIMIENTO DEL INTENDENTE"],"articleSection":["C2 N2"],"inLanguage":"es"},{"@type":"WebPage","@id":"https:\/\/infoecos.com.ar\/index.php\/comenzo-la-vacunacion-contra-el-coronavirus-al-personal-de-salud-del-distrito-de-carlos-casares\/","url":"https:\/\/infoecos.com.ar\/index.php\/comenzo-la-vacunacion-contra-el-coronavirus-al-personal-de-salud-del-distrito-de-carlos-casares\/","name":"Comenz\u00f3 la vacunaci\u00f3n contra el coronavirus al personal de salud del distrito de Carlos Casares - Infoecos","isPartOf":{"@id":"https:\/\/infoecos.com.ar\/#website"},"primaryImageOfPage":{"@id":"https:\/\/infoecos.com.ar\/index.php\/comenzo-la-vacunacion-contra-el-coronavirus-al-personal-de-salud-del-distrito-de-carlos-casares\/#primaryimage"},"image":{"@id":"https:\/\/infoecos.com.ar\/index.php\/comenzo-la-vacunacion-contra-el-coronavirus-al-personal-de-salud-del-distrito-de-carlos-casares\/#primaryimage"},"thumbnailUrl":"","datePublished":"2020-12-30T20:01:30+00:00","dateModified":"2020-12-30T20:01:33+00:00","breadcrumb":{"@id":"https:\/\/infoecos.com.ar\/index.php\/comenzo-la-vacunacion-contra-el-coronavirus-al-personal-de-salud-del-distrito-de-carlos-casares\/#breadcrumb"},"inLanguage":"es","potentialAction":[{"@type":"ReadAction","target":["https:\/\/infoecos.com.ar\/index.php\/comenzo-la-vacunacion-contra-el-coronavirus-al-personal-de-salud-del-distrito-de-carlos-casares\/"]}]},{"@type":"ImageObject","inLanguage":"es","@id":"https:\/\/infoecos.com.ar\/index.php\/comenzo-la-vacunacion-contra-el-coronavirus-al-personal-de-salud-del-distrito-de-carlos-casares\/#primaryimage","url":"","contentUrl":""},{"@type":"BreadcrumbList","@id":"https:\/\/infoecos.com.ar\/index.php\/comenzo-la-vacunacion-contra-el-coronavirus-al-personal-de-salud-del-distrito-de-carlos-casares\/#breadcrumb","itemListElement":[{"@type":"ListItem","position":1,"name":"Portada","item":"https:\/\/infoecos.com.ar\/"},{"@type":"ListItem","position":2,"name":"Comenz\u00f3 la vacunaci\u00f3n contra el coronavirus al personal de salud del distrito de Carlos Casares"}]},{"@type":"WebSite","@id":"https:\/\/infoecos.com.ar\/#website","url":"https:\/\/infoecos.com.ar\/","name":"Infoecos","description":"Noticias de trenque lauquen y la zona","publisher":{"@id":"https:\/\/infoecos.com.ar\/#organization"},"alternateName":"Noticias","potentialAction":[{"@type":"SearchAction","target":{"@type":"EntryPoint","urlTemplate":"https:\/\/infoecos.com.ar\/?s={search_term_string}"},"query-input":{"@type":"PropertyValueSpecification","valueRequired":true,"valueName":"search_term_string"}}],"inLanguage":"es"},{"@type":"Organization","@id":"https:\/\/infoecos.com.ar\/#organization","name":"Infoecos","alternateName":"Noticias","url":"https:\/\/infoecos.com.ar\/","logo":{"@type":"ImageObject","inLanguage":"es","@id":"https:\/\/infoecos.com.ar\/#\/schema\/logo\/image\/","url":"https:\/\/infoecos.com.ar\/wp-content\/uploads\/2024\/03\/cropped-logo.png","contentUrl":"https:\/\/infoecos.com.ar\/wp-content\/uploads\/2024\/03\/cropped-logo.png","width":374,"height":90,"caption":"Infoecos"},"image":{"@id":"https:\/\/infoecos.com.ar\/#\/schema\/logo\/image\/"},"sameAs":["https:\/\/www.facebook.com\/profile.php?id=100063200290284","https:\/\/x.com\/infoecos"]},{"@type":"Person","@id":"https:\/\/infoecos.com.ar\/#\/schema\/person\/8f5ace5ce73b4b4aac4b7245aee6f191","name":"Jorge Matheus","url":"https:\/\/infoecos.com.ar\/index.php\/author\/jomatheus\/"}]}},"featured_image_urls":{"full":"","thumbnail":"","medium":"","medium_large":"","large":"","1536x1536":"","2048x2048":"","covernews-slider-full":"","covernews-slider-center":"","covernews-featured":"","covernews-medium":"","covernews-medium-square":""},"author_info":{"info":["Jorge Matheus"]},"category_info":"<a href=\"https:\/\/infoecos.com.ar\/index.php\/category\/c2nota2\/\" rel=\"category tag\">C2 N2<\/a>","tag_info":"C2 N2","comment_count":"0","_links":{"self":[{"href":"https:\/\/infoecos.com.ar\/index.php\/wp-json\/wp\/v2\/posts\/72156"}],"collection":[{"href":"https:\/\/infoecos.com.ar\/index.php\/wp-json\/wp\/v2\/posts"}],"about":[{"href":"https:\/\/infoecos.com.ar\/index.php\/wp-json\/wp\/v2\/types\/post"}],"author":[{"embeddable":true,"href":"https:\/\/infoecos.com.ar\/index.php\/wp-json\/wp\/v2\/users\/2"}],"replies":[{"embeddable":true,"href":"https:\/\/infoecos.com.ar\/index.php\/wp-json\/wp\/v2\/comments?post=72156"}],"version-history":[{"count":1,"href":"https:\/\/infoecos.com.ar\/index.php\/wp-json\/wp\/v2\/posts\/72156\/revisions"}],"predecessor-version":[{"id":72157,"href":"https:\/\/infoecos.com.ar\/index.php\/wp-json\/wp\/v2\/posts\/72156\/revisions\/72157"}],"wp:featuredmedia":[{"embeddable":true,"href":"https:\/\/infoecos.com.ar\/index.php\/wp-json\/"}],"wp:attachment":[{"href":"https:\/\/infoecos.com.ar\/index.php\/wp-json\/wp\/v2\/media?parent=72156"}],"wp:term":[{"taxonomy":"category","embeddable":true,"href":"https:\/\/infoecos.com.ar\/index.php\/wp-json\/wp\/v2\/categories?post=72156"},{"taxonomy":"post_tag","embeddable":true,"href":"https:\/\/infoecos.com.ar\/index.php\/wp-json\/wp\/v2\/tags?post=72156"}],"curies":[{"name":"wp","href":"https:\/\/api.w.org\/{rel}","templated":true}]}}