{"id":72161,"date":"2020-12-30T17:22:16","date_gmt":"2020-12-30T20:22:16","guid":{"rendered":"http:\/\/infoecos.com.ar\/?p=72161"},"modified":"2020-12-30T17:22:19","modified_gmt":"2020-12-30T20:22:19","slug":"subsidio-de-550-mil-pesos-para-la-cooperadora-de-la-unidad-sanitaria-de-pasteur","status":"publish","type":"post","link":"https:\/\/infoecos.com.ar\/index.php\/subsidio-de-550-mil-pesos-para-la-cooperadora-de-la-unidad-sanitaria-de-pasteur\/","title":{"rendered":"Subsidio de 550 mil pesos para la Cooperadora de la Unidad Sanitaria de Pasteur"},"content":{"rendered":"\n<p class=\"wp-block-paragraph\">El intendente municipal de Lincoln, Salvador\u00a0Serenal,\u00a0junto a integrantes de su gabinete, realiz\u00f3 la entrega de un subsidio\u00a0de $550.000 a la Asociaci\u00f3n Cooperadora de la Unidad Sanitaria de Pasteur. El aporte permitir\u00e1 continuar con la obra de ampliaci\u00f3n en el centro de salud.\u00a0<\/p>\n\n\n\n<div class=\"wp-block-image\"><figure class=\"aligncenter size-medium\"><img loading=\"lazy\" decoding=\"async\" width=\"460\" height=\"307\" src=\"http:\/\/infoecos.com.ar\/wp-content\/uploads\/2020\/12\/MANSO-PASTEUR-SERENAL-SUBSIDIO-HOSPITAL-PANDEMIA-019-460x307.jpg\" alt=\"\" class=\"wp-image-72162\" srcset=\"https:\/\/infoecos.com.ar\/wp-content\/uploads\/2020\/12\/MANSO-PASTEUR-SERENAL-SUBSIDIO-HOSPITAL-PANDEMIA-019-460x307.jpg 460w, https:\/\/infoecos.com.ar\/wp-content\/uploads\/2020\/12\/MANSO-PASTEUR-SERENAL-SUBSIDIO-HOSPITAL-PANDEMIA-019-920x614.jpg 920w, https:\/\/infoecos.com.ar\/wp-content\/uploads\/2020\/12\/MANSO-PASTEUR-SERENAL-SUBSIDIO-HOSPITAL-PANDEMIA-019-768x513.jpg 768w, https:\/\/infoecos.com.ar\/wp-content\/uploads\/2020\/12\/MANSO-PASTEUR-SERENAL-SUBSIDIO-HOSPITAL-PANDEMIA-019-1536x1025.jpg 1536w, https:\/\/infoecos.com.ar\/wp-content\/uploads\/2020\/12\/MANSO-PASTEUR-SERENAL-SUBSIDIO-HOSPITAL-PANDEMIA-019-2048x1367.jpg 2048w, https:\/\/infoecos.com.ar\/wp-content\/uploads\/2020\/12\/MANSO-PASTEUR-SERENAL-SUBSIDIO-HOSPITAL-PANDEMIA-019-1024x684.jpg 1024w, https:\/\/infoecos.com.ar\/wp-content\/uploads\/2020\/12\/MANSO-PASTEUR-SERENAL-SUBSIDIO-HOSPITAL-PANDEMIA-019-675x450.jpg 675w\" sizes=\"auto, (max-width: 460px) 100vw, 460px\" \/><\/figure><\/div>\n\n\n\n<p class=\"wp-block-paragraph\">En ese marco, el\u00a0presidente de la Asociaci\u00f3n Cooperadora, Nicol\u00e1s\u00a0Ferreyra, recibi\u00f3 de manos del Jefe Comunal esta ayuda econ\u00f3mica.\u00a0<\/p>\n\n\n\n<p class=\"wp-block-paragraph\">Durante la entrega, el intendente\u00a0Serenal\u00a0supervis\u00f3 el avance de los trabajos\u00a0que se llevan adelante y valor\u00f3 la concreci\u00f3n de esta importante obra que jerarquiza la atenci\u00f3n de este centro de salud.\u00a0\u201cEn un 2020 marcado por la pandemia, m\u00e1s que nunca seguimos fortaleciendo la atenci\u00f3n de la salud de los vecinos y vecinas de todo el distrito\u201d,\u00a0resalt\u00f3 el mandatario municipal.\u00a0<\/p>\n\n\n\n<div class=\"wp-block-image\"><figure class=\"aligncenter size-medium\"><img loading=\"lazy\" decoding=\"async\" width=\"460\" height=\"307\" src=\"http:\/\/infoecos.com.ar\/wp-content\/uploads\/2020\/12\/MANSO-PASTEUR-SERENAL-SUBSIDIO-HOSPITAL-PANDEMIA-005-460x307.jpg\" alt=\"\" class=\"wp-image-72163\" srcset=\"https:\/\/infoecos.com.ar\/wp-content\/uploads\/2020\/12\/MANSO-PASTEUR-SERENAL-SUBSIDIO-HOSPITAL-PANDEMIA-005-460x307.jpg 460w, https:\/\/infoecos.com.ar\/wp-content\/uploads\/2020\/12\/MANSO-PASTEUR-SERENAL-SUBSIDIO-HOSPITAL-PANDEMIA-005-920x614.jpg 920w, https:\/\/infoecos.com.ar\/wp-content\/uploads\/2020\/12\/MANSO-PASTEUR-SERENAL-SUBSIDIO-HOSPITAL-PANDEMIA-005-768x513.jpg 768w, https:\/\/infoecos.com.ar\/wp-content\/uploads\/2020\/12\/MANSO-PASTEUR-SERENAL-SUBSIDIO-HOSPITAL-PANDEMIA-005-1536x1025.jpg 1536w, https:\/\/infoecos.com.ar\/wp-content\/uploads\/2020\/12\/MANSO-PASTEUR-SERENAL-SUBSIDIO-HOSPITAL-PANDEMIA-005-2048x1367.jpg 2048w, https:\/\/infoecos.com.ar\/wp-content\/uploads\/2020\/12\/MANSO-PASTEUR-SERENAL-SUBSIDIO-HOSPITAL-PANDEMIA-005-1024x684.jpg 1024w, https:\/\/infoecos.com.ar\/wp-content\/uploads\/2020\/12\/MANSO-PASTEUR-SERENAL-SUBSIDIO-HOSPITAL-PANDEMIA-005-675x450.jpg 675w\" sizes=\"auto, (max-width: 460px) 100vw, 460px\" \/><\/figure><\/div>\n\n\n\n<p class=\"wp-block-paragraph\">Seg\u00fan explicaron desde la Secretar\u00eda de Obras P\u00fablicas, este subsidio le permitir\u00e1 a la Asociaci\u00f3n Cooperadora de la instituci\u00f3n adquirir los insumos de carpinter\u00eda de aluminio y vidrios para el cerramiento del interior y exterior de 5 consultorios, un ba\u00f1o adaptado, dos patios internos y una sala de espera.&nbsp;<\/p>\n","protected":false},"excerpt":{"rendered":"<p>El presidente de la Asociaci\u00f3n Cooperadora, Nicol\u00e1s Ferreyra, recibi\u00f3 de manos del Jefe Comunal esta ayuda econ\u00f3mica<\/p>\n","protected":false},"author":2,"featured_media":72163,"comment_status":"closed","ping_status":"open","sticky":false,"template":"","format":"standard","meta":{"footnotes":""},"categories":[24],"tags":[2524],"class_list":["post-72161","post","type-post","status-publish","format-standard","has-post-thumbnail","hentry","category-c1nota3","tag-para-continuar-con-la-ampliacion"],"featured_image_urls":{"full":["https:\/\/infoecos.com.ar\/wp-content\/uploads\/2020\/12\/MANSO-PASTEUR-SERENAL-SUBSIDIO-HOSPITAL-PANDEMIA-005-scaled.jpg",2560,1709,false],"thumbnail":["https:\/\/infoecos.com.ar\/wp-content\/uploads\/2020\/12\/MANSO-PASTEUR-SERENAL-SUBSIDIO-HOSPITAL-PANDEMIA-005-150x150.jpg",150,150,true],"medium":["https:\/\/infoecos.com.ar\/wp-content\/uploads\/2020\/12\/MANSO-PASTEUR-SERENAL-SUBSIDIO-HOSPITAL-PANDEMIA-005-460x307.jpg",460,307,true],"medium_large":["https:\/\/infoecos.com.ar\/wp-content\/uploads\/2020\/12\/MANSO-PASTEUR-SERENAL-SUBSIDIO-HOSPITAL-PANDEMIA-005-768x513.jpg",640,428,true],"large":["https:\/\/infoecos.com.ar\/wp-content\/uploads\/2020\/12\/MANSO-PASTEUR-SERENAL-SUBSIDIO-HOSPITAL-PANDEMIA-005-920x614.jpg",640,427,true],"1536x1536":["https:\/\/infoecos.com.ar\/wp-content\/uploads\/2020\/12\/MANSO-PASTEUR-SERENAL-SUBSIDIO-HOSPITAL-PANDEMIA-005-1536x1025.jpg",1536,1025,true],"2048x2048":["https:\/\/infoecos.com.ar\/wp-content\/uploads\/2020\/12\/MANSO-PASTEUR-SERENAL-SUBSIDIO-HOSPITAL-PANDEMIA-005-2048x1367.jpg",2048,1367,true],"covernews-slider-full":["https:\/\/infoecos.com.ar\/wp-content\/uploads\/2020\/12\/MANSO-PASTEUR-SERENAL-SUBSIDIO-HOSPITAL-PANDEMIA-005-1536x1020.jpg",1077,715,true],"covernews-slider-center":["https:\/\/infoecos.com.ar\/wp-content\/uploads\/2020\/12\/MANSO-PASTEUR-SERENAL-SUBSIDIO-HOSPITAL-PANDEMIA-005-936x897.jpg",522,500,true],"covernews-featured":["https:\/\/infoecos.com.ar\/wp-content\/uploads\/2020\/12\/MANSO-PASTEUR-SERENAL-SUBSIDIO-HOSPITAL-PANDEMIA-005-1024x684.jpg",1024,684,true],"covernews-medium":["https:\/\/infoecos.com.ar\/wp-content\/uploads\/2020\/12\/MANSO-PASTEUR-SERENAL-SUBSIDIO-HOSPITAL-PANDEMIA-005-720x380.jpg",540,285,true],"covernews-medium-square":["https:\/\/infoecos.com.ar\/wp-content\/uploads\/2020\/12\/MANSO-PASTEUR-SERENAL-SUBSIDIO-HOSPITAL-PANDEMIA-005-675x450.jpg",375,250,true]},"author_info":{"info":["Jorge Matheus"]},"category_info":"<a href=\"https:\/\/infoecos.com.ar\/index.php\/category\/c1nota3\/\" rel=\"category tag\">C1 N3<\/a>","tag_info":"C1 N3","comment_count":"0","_links":{"self":[{"href":"https:\/\/infoecos.com.ar\/index.php\/wp-json\/wp\/v2\/posts\/72161","targetHints":{"allow":["GET"]}}],"collection":[{"href":"https:\/\/infoecos.com.ar\/index.php\/wp-json\/wp\/v2\/posts"}],"about":[{"href":"https:\/\/infoecos.com.ar\/index.php\/wp-json\/wp\/v2\/types\/post"}],"author":[{"embeddable":true,"href":"https:\/\/infoecos.com.ar\/index.php\/wp-json\/wp\/v2\/users\/2"}],"replies":[{"embeddable":true,"href":"https:\/\/infoecos.com.ar\/index.php\/wp-json\/wp\/v2\/comments?post=72161"}],"version-history":[{"count":1,"href":"https:\/\/infoecos.com.ar\/index.php\/wp-json\/wp\/v2\/posts\/72161\/revisions"}],"predecessor-version":[{"id":72164,"href":"https:\/\/infoecos.com.ar\/index.php\/wp-json\/wp\/v2\/posts\/72161\/revisions\/72164"}],"wp:featuredmedia":[{"embeddable":true,"href":"https:\/\/infoecos.com.ar\/index.php\/wp-json\/wp\/v2\/media\/72163"}],"wp:attachment":[{"href":"https:\/\/infoecos.com.ar\/index.php\/wp-json\/wp\/v2\/media?parent=72161"}],"wp:term":[{"taxonomy":"category","embeddable":true,"href":"https:\/\/infoecos.com.ar\/index.php\/wp-json\/wp\/v2\/categories?post=72161"},{"taxonomy":"post_tag","embeddable":true,"href":"https:\/\/infoecos.com.ar\/index.php\/wp-json\/wp\/v2\/tags?post=72161"}],"curies":[{"name":"wp","href":"https:\/\/api.w.org\/{rel}","templated":true}]}}