{"id":72190,"date":"2021-01-01T23:39:06","date_gmt":"2021-01-02T02:39:06","guid":{"rendered":"http:\/\/infoecos.com.ar\/?p=72190"},"modified":"2021-01-01T23:39:51","modified_gmt":"2021-01-02T02:39:51","slug":"72190","status":"publish","type":"post","link":"https:\/\/infoecos.com.ar\/index.php\/72190\/","title":{"rendered":"91 casos positivos de coronavirus report\u00f3 Trenque Lauquen, este viernes"},"content":{"rendered":"\n<p class=\"wp-block-paragraph\">Ocho (8) nuevos casos de Covid-19, cuatro (4) por testeo y cuatro (4) por criterio o nexo epidemiol\u00f3gico seg\u00fan protocolo actualizado vigente, 12 personas m\u00e1s recuperadas y 20 casos descartados fueron reportados este viernes por la subsecretar\u00eda de Salud municipal de Trenque Lauquen, que inform\u00f3 adem\u00e1s que el n\u00famero de casos activos es de 91.<\/p>\n\n\n\n<div class=\"wp-block-image\"><figure class=\"aligncenter size-medium\"><img loading=\"lazy\" decoding=\"async\" width=\"460\" height=\"460\" src=\"http:\/\/infoecos.com.ar\/wp-content\/uploads\/2021\/01\/REPORTEVIERNES-460x460.jpg\" alt=\"\" class=\"wp-image-72191\" srcset=\"https:\/\/infoecos.com.ar\/wp-content\/uploads\/2021\/01\/REPORTEVIERNES-460x460.jpg 460w, https:\/\/infoecos.com.ar\/wp-content\/uploads\/2021\/01\/REPORTEVIERNES-920x920.jpg 920w, https:\/\/infoecos.com.ar\/wp-content\/uploads\/2021\/01\/REPORTEVIERNES-150x150.jpg 150w, https:\/\/infoecos.com.ar\/wp-content\/uploads\/2021\/01\/REPORTEVIERNES-768x769.jpg 768w, https:\/\/infoecos.com.ar\/wp-content\/uploads\/2021\/01\/REPORTEVIERNES-1024x1025.jpg 1024w, https:\/\/infoecos.com.ar\/wp-content\/uploads\/2021\/01\/REPORTEVIERNES.jpg 1279w\" sizes=\"auto, (max-width: 460px) 100vw, 460px\" \/><\/figure><\/div>\n\n\n\n<p class=\"wp-block-paragraph\">De los ocho (8) nuevos casos confirmados, seis (6) corresponden a Trenque Lauquen \u2013dos (2) por hisopado y cuatro (4) por nexo- y dos (2) a Treinta de Agosto \u2013ambos por testeo-.<\/p>\n\n\n\n<p class=\"wp-block-paragraph\">Los 91 casos activos se distribuyen de la siguiente manera: 79 pertenecen a Trenque Lauquen y 13 a Treinta de Agosto, y del total s\u00f3lo uno (1) se encuentra en el Hospital y dos (2) en el Centro Extrahospitalario que funciona en el ex Hotel Pailla Hu\u00e9, mientras que 88 est\u00e1n en sus domicilios particulares.<\/p>\n\n\n\n<p class=\"wp-block-paragraph\">En las \u00faltimas 24 hs. se recuperaron otras 12 personas, ocho (8) de Trenque Lauquen y cuatro (4) de Treinta de Agosto, ascendiendo a 1.181 las que recibieron el alta desde marzo pasado a la fecha, per\u00edodo en el que sumados los 20 de hoy -12 de la ciudad cabecera y ocho (8) de Treinta de Agosto-, ya son 2.674 los casos descartados.<\/p>\n\n\n\n<p class=\"wp-block-paragraph\">Hay 57 casos sospechosos -51 de Trenque Lauquen y seis (6) de Treinta de Agosto- y 265 personas en aislamiento -215 de ciudad cabecera y 50 de Treinta de Agosto-.<\/p>\n","protected":false},"excerpt":{"rendered":"<p>De los ocho (8) nuevos casos confirmados, seis (6) corresponden a Trenque Lauquen \u2013dos (2) por hisopado y cuatro (4) por nexo- y dos (2) a Treinta de Agosto \u2013ambos por testeo-<\/p>\n","protected":false},"author":2,"featured_media":60374,"comment_status":"closed","ping_status":"open","sticky":false,"template":"","format":"standard","meta":{"footnotes":""},"categories":[1613],"tags":[156],"class_list":["post-72190","post","type-post","status-publish","format-standard","has-post-thumbnail","hentry","category-noticia-secundaria","tag-salud"],"featured_image_urls":{"full":["https:\/\/infoecos.com.ar\/wp-content\/uploads\/tl45guardiahospital-2.jpg",912,608,false],"thumbnail":["https:\/\/infoecos.com.ar\/wp-content\/uploads\/tl45guardiahospital-2-150x150.jpg",150,150,true],"medium":["https:\/\/infoecos.com.ar\/wp-content\/uploads\/tl45guardiahospital-2-460x307.jpg",460,307,true],"medium_large":["https:\/\/infoecos.com.ar\/wp-content\/uploads\/tl45guardiahospital-2-768x512.jpg",640,427,true],"large":["https:\/\/infoecos.com.ar\/wp-content\/uploads\/tl45guardiahospital-2.jpg",640,427,false],"1536x1536":["https:\/\/infoecos.com.ar\/wp-content\/uploads\/tl45guardiahospital-2.jpg",912,608,false],"2048x2048":["https:\/\/infoecos.com.ar\/wp-content\/uploads\/tl45guardiahospital-2.jpg",912,608,false],"covernews-slider-full":["https:\/\/infoecos.com.ar\/wp-content\/uploads\/tl45guardiahospital-2.jpg",912,608,false],"covernews-slider-center":["https:\/\/infoecos.com.ar\/wp-content\/uploads\/tl45guardiahospital-2.jpg",750,500,false],"covernews-featured":["https:\/\/infoecos.com.ar\/wp-content\/uploads\/tl45guardiahospital-2.jpg",912,608,false],"covernews-medium":["https:\/\/infoecos.com.ar\/wp-content\/uploads\/tl45guardiahospital-2-720x380.jpg",540,285,true],"covernews-medium-square":["https:\/\/infoecos.com.ar\/wp-content\/uploads\/tl45guardiahospital-2-675x450.jpg",375,250,true]},"author_info":{"info":["Jorge Matheus"]},"category_info":"<a href=\"https:\/\/infoecos.com.ar\/index.php\/category\/noticia-secundaria\/\" rel=\"category tag\">Noticia Secundaria<\/a>","tag_info":"Noticia Secundaria","comment_count":"0","_links":{"self":[{"href":"https:\/\/infoecos.com.ar\/index.php\/wp-json\/wp\/v2\/posts\/72190","targetHints":{"allow":["GET"]}}],"collection":[{"href":"https:\/\/infoecos.com.ar\/index.php\/wp-json\/wp\/v2\/posts"}],"about":[{"href":"https:\/\/infoecos.com.ar\/index.php\/wp-json\/wp\/v2\/types\/post"}],"author":[{"embeddable":true,"href":"https:\/\/infoecos.com.ar\/index.php\/wp-json\/wp\/v2\/users\/2"}],"replies":[{"embeddable":true,"href":"https:\/\/infoecos.com.ar\/index.php\/wp-json\/wp\/v2\/comments?post=72190"}],"version-history":[{"count":2,"href":"https:\/\/infoecos.com.ar\/index.php\/wp-json\/wp\/v2\/posts\/72190\/revisions"}],"predecessor-version":[{"id":72193,"href":"https:\/\/infoecos.com.ar\/index.php\/wp-json\/wp\/v2\/posts\/72190\/revisions\/72193"}],"wp:featuredmedia":[{"embeddable":true,"href":"https:\/\/infoecos.com.ar\/index.php\/wp-json\/wp\/v2\/media\/60374"}],"wp:attachment":[{"href":"https:\/\/infoecos.com.ar\/index.php\/wp-json\/wp\/v2\/media?parent=72190"}],"wp:term":[{"taxonomy":"category","embeddable":true,"href":"https:\/\/infoecos.com.ar\/index.php\/wp-json\/wp\/v2\/categories?post=72190"},{"taxonomy":"post_tag","embeddable":true,"href":"https:\/\/infoecos.com.ar\/index.php\/wp-json\/wp\/v2\/tags?post=72190"}],"curies":[{"name":"wp","href":"https:\/\/api.w.org\/{rel}","templated":true}]}}