{"id":72205,"date":"2021-01-04T16:09:43","date_gmt":"2021-01-04T19:09:43","guid":{"rendered":"http:\/\/infoecos.com.ar\/?p=72205"},"modified":"2021-01-04T16:09:47","modified_gmt":"2021-01-04T19:09:47","slug":"100-casos-positivos-de-coronavirus-en-trenque-lauquen","status":"publish","type":"post","link":"https:\/\/infoecos.com.ar\/index.php\/100-casos-positivos-de-coronavirus-en-trenque-lauquen\/","title":{"rendered":"100 casos positivos de coronavirus en Trenque Lauquen"},"content":{"rendered":"\n<p class=\"wp-block-paragraph\">Nueve (9) casos confirmados nuevos de Covid-19, todos de Trenque Lauquen, seis (6) personas recuperadas m\u00e1s y 19 casos descartados fueron reportados este lunes por la subsecretar\u00eda de Salud municipal que adem\u00e1s inform\u00f3 que ahora el n\u00famero de activos en el distrito asciende a 100.<\/p>\n\n\n\n<div class=\"wp-block-image\"><figure class=\"aligncenter size-medium\"><img loading=\"lazy\" decoding=\"async\" width=\"460\" height=\"460\" src=\"http:\/\/infoecos.com.ar\/wp-content\/uploads\/2021\/01\/reportelunes4-460x460.jpg\" alt=\"\" class=\"wp-image-72206\" srcset=\"https:\/\/infoecos.com.ar\/wp-content\/uploads\/2021\/01\/reportelunes4-460x460.jpg 460w, https:\/\/infoecos.com.ar\/wp-content\/uploads\/2021\/01\/reportelunes4-920x920.jpg 920w, https:\/\/infoecos.com.ar\/wp-content\/uploads\/2021\/01\/reportelunes4-150x150.jpg 150w, https:\/\/infoecos.com.ar\/wp-content\/uploads\/2021\/01\/reportelunes4-768x768.jpg 768w, https:\/\/infoecos.com.ar\/wp-content\/uploads\/2021\/01\/reportelunes4-1024x1024.jpg 1024w, https:\/\/infoecos.com.ar\/wp-content\/uploads\/2021\/01\/reportelunes4.jpg 1280w\" sizes=\"auto, (max-width: 460px) 100vw, 460px\" \/><\/figure><\/div>\n\n\n\n<p class=\"wp-block-paragraph\">De los nueve (9) casos de este lunes, dos (2) se detectaron por hisopado y siete (7) por criterio o nexo epidemiol\u00f3gico de acuerdo al protocolo actualizado vigente.<\/p>\n\n\n\n<p class=\"wp-block-paragraph\">Los 100 casos activos se distribuyen del siguiente modo: 94 en Trenque Lauquen y seis (6) en Treinta de Agosto, de los cuales 98 est\u00e1n en sus domicilios y dos (2) en el Hospital Municipal Dr. Pedro T. Orellana.<\/p>\n\n\n\n<p class=\"wp-block-paragraph\">Las personas recuperadas desde el comienzo de la pandemia, en marzo pasado, hasta ahora son 1.216 sumadas las seis (6) de las \u00faltimas 24hs. -cinco (5) de Trenque Lauquen y una (1) de Treinta de Agosto-, mientras que en el mismo lapso los casos descartados son 2.731, incluidos los 19 de la fecha, todos de Trenque Lauquen.<\/p>\n\n\n\n<p class=\"wp-block-paragraph\">Los casos sospechosos son 93, 81 de Trenque Lauquen y 12 de Treinta de Agosto, y est\u00e1n en aislamiento 265 personas, 214 de la ciudad cabecera y 51 de Treinta de Agosto.<\/p>\n","protected":false},"excerpt":{"rendered":"<p>Los 100 casos activos se distribuyen del siguiente modo: 94 en Trenque Lauquen y seis (6) en Treinta de Agosto, de los cuales 98 est\u00e1n en sus domicilios y dos (2) en el Hospital Municipal Dr. Pedro T. Orellana<\/p>\n","protected":false},"author":2,"featured_media":60374,"comment_status":"closed","ping_status":"open","sticky":false,"template":"","format":"standard","meta":{"footnotes":""},"categories":[1613],"tags":[156],"class_list":["post-72205","post","type-post","status-publish","format-standard","has-post-thumbnail","hentry","category-noticia-secundaria","tag-salud"],"featured_image_urls":{"full":["https:\/\/infoecos.com.ar\/wp-content\/uploads\/tl45guardiahospital-2.jpg",912,608,false],"thumbnail":["https:\/\/infoecos.com.ar\/wp-content\/uploads\/tl45guardiahospital-2-150x150.jpg",150,150,true],"medium":["https:\/\/infoecos.com.ar\/wp-content\/uploads\/tl45guardiahospital-2-460x307.jpg",460,307,true],"medium_large":["https:\/\/infoecos.com.ar\/wp-content\/uploads\/tl45guardiahospital-2-768x512.jpg",640,427,true],"large":["https:\/\/infoecos.com.ar\/wp-content\/uploads\/tl45guardiahospital-2.jpg",640,427,false],"1536x1536":["https:\/\/infoecos.com.ar\/wp-content\/uploads\/tl45guardiahospital-2.jpg",912,608,false],"2048x2048":["https:\/\/infoecos.com.ar\/wp-content\/uploads\/tl45guardiahospital-2.jpg",912,608,false],"covernews-slider-full":["https:\/\/infoecos.com.ar\/wp-content\/uploads\/tl45guardiahospital-2.jpg",912,608,false],"covernews-slider-center":["https:\/\/infoecos.com.ar\/wp-content\/uploads\/tl45guardiahospital-2.jpg",750,500,false],"covernews-featured":["https:\/\/infoecos.com.ar\/wp-content\/uploads\/tl45guardiahospital-2.jpg",912,608,false],"covernews-medium":["https:\/\/infoecos.com.ar\/wp-content\/uploads\/tl45guardiahospital-2-720x380.jpg",540,285,true],"covernews-medium-square":["https:\/\/infoecos.com.ar\/wp-content\/uploads\/tl45guardiahospital-2-675x450.jpg",375,250,true]},"author_info":{"info":["Jorge Matheus"]},"category_info":"<a href=\"https:\/\/infoecos.com.ar\/index.php\/category\/noticia-secundaria\/\" rel=\"category tag\">Noticia Secundaria<\/a>","tag_info":"Noticia Secundaria","comment_count":"0","_links":{"self":[{"href":"https:\/\/infoecos.com.ar\/index.php\/wp-json\/wp\/v2\/posts\/72205","targetHints":{"allow":["GET"]}}],"collection":[{"href":"https:\/\/infoecos.com.ar\/index.php\/wp-json\/wp\/v2\/posts"}],"about":[{"href":"https:\/\/infoecos.com.ar\/index.php\/wp-json\/wp\/v2\/types\/post"}],"author":[{"embeddable":true,"href":"https:\/\/infoecos.com.ar\/index.php\/wp-json\/wp\/v2\/users\/2"}],"replies":[{"embeddable":true,"href":"https:\/\/infoecos.com.ar\/index.php\/wp-json\/wp\/v2\/comments?post=72205"}],"version-history":[{"count":1,"href":"https:\/\/infoecos.com.ar\/index.php\/wp-json\/wp\/v2\/posts\/72205\/revisions"}],"predecessor-version":[{"id":72207,"href":"https:\/\/infoecos.com.ar\/index.php\/wp-json\/wp\/v2\/posts\/72205\/revisions\/72207"}],"wp:featuredmedia":[{"embeddable":true,"href":"https:\/\/infoecos.com.ar\/index.php\/wp-json\/wp\/v2\/media\/60374"}],"wp:attachment":[{"href":"https:\/\/infoecos.com.ar\/index.php\/wp-json\/wp\/v2\/media?parent=72205"}],"wp:term":[{"taxonomy":"category","embeddable":true,"href":"https:\/\/infoecos.com.ar\/index.php\/wp-json\/wp\/v2\/categories?post=72205"},{"taxonomy":"post_tag","embeddable":true,"href":"https:\/\/infoecos.com.ar\/index.php\/wp-json\/wp\/v2\/tags?post=72205"}],"curies":[{"name":"wp","href":"https:\/\/api.w.org\/{rel}","templated":true}]}}