{"id":72208,"date":"2021-01-04T16:18:33","date_gmt":"2021-01-04T19:18:33","guid":{"rendered":"http:\/\/infoecos.com.ar\/?p=72208"},"modified":"2021-01-04T16:18:37","modified_gmt":"2021-01-04T19:18:37","slug":"restringe-actividades-el-gobierno-de-la-pampa-a-raiz-del-crecimiento-exponencial-de-casos","status":"publish","type":"post","link":"https:\/\/infoecos.com.ar\/index.php\/restringe-actividades-el-gobierno-de-la-pampa-a-raiz-del-crecimiento-exponencial-de-casos\/","title":{"rendered":"Restringe actividades el gobierno de La Pampa a ra\u00edz del crecimiento exponencial de casos"},"content":{"rendered":"\n<p class=\"wp-block-paragraph\">El Gobierno de La Pampa resolvi\u00f3 restringir a partir de este lunes el horario para la circulaci\u00f3n en toda la provincia, redujo la extensi\u00f3n horaria de las actividades gastron\u00f3micas y resolvi\u00f3 continuar con la suspensi\u00f3n de los encuentros sociales, a ra\u00edz del crecimiento exponencial de casos de coronavirus.<\/p>\n\n\n\n<div class=\"wp-block-image\"><figure class=\"aligncenter size-medium\"><img loading=\"lazy\" decoding=\"async\" width=\"460\" height=\"259\" src=\"http:\/\/infoecos.com.ar\/wp-content\/uploads\/5f089401ace0a_1004x565-2-460x259.jpg\" alt=\"\" class=\"wp-image-65298\" srcset=\"https:\/\/infoecos.com.ar\/wp-content\/uploads\/5f089401ace0a_1004x565-2-460x259.jpg 460w, https:\/\/infoecos.com.ar\/wp-content\/uploads\/5f089401ace0a_1004x565-2-920x518.jpg 920w, https:\/\/infoecos.com.ar\/wp-content\/uploads\/5f089401ace0a_1004x565-2-768x432.jpg 768w, https:\/\/infoecos.com.ar\/wp-content\/uploads\/5f089401ace0a_1004x565-2.jpg 1004w\" sizes=\"auto, (max-width: 460px) 100vw, 460px\" \/><\/figure><\/div>\n\n\n\n<p class=\"wp-block-paragraph\">A trav\u00e9s de un comunicado de prensa, el Gobierno inform\u00f3 sobre nuevas medidas restrictivas en el marco de la pandemia de Covid-19 en la provincia, que en los \u00faltimos d\u00edas elev\u00f3 de manera exponencial el n\u00famero de personas contagiada por el virus.<\/p>\n\n\n\n<p class=\"wp-block-paragraph\">A ra\u00edz de la curva ascendente en contagios, el Gobierno resolvi\u00f3 que a partir de las cero horas de este lunes, y hasta el lunes 18 de enero, en materia sanitaria y como medida adicional,&nbsp;<strong>se habilitar\u00e1n nuevas camas para pacientes moderados en los dispositivos modulares del Hospital Lucio Molas, pasando de 18 a 31 camas.<\/strong><\/p>\n\n\n\n<p class=\"wp-block-paragraph\">Adem\u00e1s, resolvi\u00f3 imponer&nbsp;<strong>nuevas restricciones a la circulaci\u00f3n de personas<\/strong>&nbsp;\u00abdecisi\u00f3n que obedece al crecimiento exponencial de utilizaci\u00f3n de camas, producto del sostenido incremento de casos positivos en la provincia\u00bb, se\u00f1ala el comunicado de prensa oficial.<\/p>\n\n\n\n<p class=\"wp-block-paragraph\">Las nuevas medidas de restricci\u00f3n establece la\u00a0<strong>prohibici\u00f3n de circulaci\u00f3n de personas de 01:00 a 6:30 horas<\/strong>, con excepci\u00f3n de trabajadores esenciales;\u00a0<strong>extiende la suspensi\u00f3n de los encuentros sociales y determina que todas las actividades finalizan a las 0:00\u00a0<\/strong>horas, con la extensi\u00f3n de 30 minutos para los locales gastron\u00f3micos.<\/p>\n\n\n\n<p class=\"wp-block-paragraph\">Desde el inicio de la pandemia, La Pampa registra a este lunes\u00a0<strong>151 personas fallecidas,<\/strong>\u00a0106 se encuentran internadas,\u00a0<strong>m\u00e1s de 13.100 personas est\u00e1n asiladas, son 11.828 los casos positivos y 8.848 los recuperados.<\/strong><\/p>\n","protected":false},"excerpt":{"rendered":"<p>A trav\u00e9s de un comunicado de prensa, el Gobierno inform\u00f3 sobre nuevas medidas restrictivas en el marco de la pandemia de Covid-19 en la provincia, que en los \u00faltimos d\u00edas elev\u00f3 de manera exponencial el n\u00famero de personas contagiada por el virus<\/p>\n","protected":false},"author":2,"featured_media":72209,"comment_status":"closed","ping_status":"open","sticky":false,"template":"","format":"standard","meta":{"footnotes":""},"categories":[1613],"tags":[1785],"class_list":["post-72208","post","type-post","status-publish","format-standard","has-post-thumbnail","hentry","category-noticia-secundaria","tag-coronavirus"],"featured_image_urls":{"full":["https:\/\/infoecos.com.ar\/wp-content\/uploads\/2021\/01\/coronaviruslapampa.jpg",900,507,false],"thumbnail":["https:\/\/infoecos.com.ar\/wp-content\/uploads\/2021\/01\/coronaviruslapampa-150x150.jpg",150,150,true],"medium":["https:\/\/infoecos.com.ar\/wp-content\/uploads\/2021\/01\/coronaviruslapampa-460x259.jpg",460,259,true],"medium_large":["https:\/\/infoecos.com.ar\/wp-content\/uploads\/2021\/01\/coronaviruslapampa-768x433.jpg",640,361,true],"large":["https:\/\/infoecos.com.ar\/wp-content\/uploads\/2021\/01\/coronaviruslapampa.jpg",640,361,false],"1536x1536":["https:\/\/infoecos.com.ar\/wp-content\/uploads\/2021\/01\/coronaviruslapampa.jpg",900,507,false],"2048x2048":["https:\/\/infoecos.com.ar\/wp-content\/uploads\/2021\/01\/coronaviruslapampa.jpg",900,507,false],"covernews-slider-full":["https:\/\/infoecos.com.ar\/wp-content\/uploads\/2021\/01\/coronaviruslapampa.jpg",900,507,false],"covernews-slider-center":["https:\/\/infoecos.com.ar\/wp-content\/uploads\/2021\/01\/coronaviruslapampa.jpg",800,451,false],"covernews-featured":["https:\/\/infoecos.com.ar\/wp-content\/uploads\/2021\/01\/coronaviruslapampa.jpg",900,507,false],"covernews-medium":["https:\/\/infoecos.com.ar\/wp-content\/uploads\/2021\/01\/coronaviruslapampa-720x380.jpg",540,285,true],"covernews-medium-square":["https:\/\/infoecos.com.ar\/wp-content\/uploads\/2021\/01\/coronaviruslapampa-675x450.jpg",375,250,true]},"author_info":{"info":["Jorge Matheus"]},"category_info":"<a href=\"https:\/\/infoecos.com.ar\/index.php\/category\/noticia-secundaria\/\" rel=\"category tag\">Noticia Secundaria<\/a>","tag_info":"Noticia Secundaria","comment_count":"0","_links":{"self":[{"href":"https:\/\/infoecos.com.ar\/index.php\/wp-json\/wp\/v2\/posts\/72208","targetHints":{"allow":["GET"]}}],"collection":[{"href":"https:\/\/infoecos.com.ar\/index.php\/wp-json\/wp\/v2\/posts"}],"about":[{"href":"https:\/\/infoecos.com.ar\/index.php\/wp-json\/wp\/v2\/types\/post"}],"author":[{"embeddable":true,"href":"https:\/\/infoecos.com.ar\/index.php\/wp-json\/wp\/v2\/users\/2"}],"replies":[{"embeddable":true,"href":"https:\/\/infoecos.com.ar\/index.php\/wp-json\/wp\/v2\/comments?post=72208"}],"version-history":[{"count":1,"href":"https:\/\/infoecos.com.ar\/index.php\/wp-json\/wp\/v2\/posts\/72208\/revisions"}],"predecessor-version":[{"id":72210,"href":"https:\/\/infoecos.com.ar\/index.php\/wp-json\/wp\/v2\/posts\/72208\/revisions\/72210"}],"wp:featuredmedia":[{"embeddable":true,"href":"https:\/\/infoecos.com.ar\/index.php\/wp-json\/wp\/v2\/media\/72209"}],"wp:attachment":[{"href":"https:\/\/infoecos.com.ar\/index.php\/wp-json\/wp\/v2\/media?parent=72208"}],"wp:term":[{"taxonomy":"category","embeddable":true,"href":"https:\/\/infoecos.com.ar\/index.php\/wp-json\/wp\/v2\/categories?post=72208"},{"taxonomy":"post_tag","embeddable":true,"href":"https:\/\/infoecos.com.ar\/index.php\/wp-json\/wp\/v2\/tags?post=72208"}],"curies":[{"name":"wp","href":"https:\/\/api.w.org\/{rel}","templated":true}]}}