{"id":72211,"date":"2021-01-04T17:50:57","date_gmt":"2021-01-04T20:50:57","guid":{"rendered":"http:\/\/infoecos.com.ar\/?p=72211"},"modified":"2021-01-04T17:54:46","modified_gmt":"2021-01-04T20:54:46","slug":"kicillof-se-reunira-mediante-videoconferencia-con-los-intendentes-de-toda-la-provincia","status":"publish","type":"post","link":"https:\/\/infoecos.com.ar\/index.php\/kicillof-se-reunira-mediante-videoconferencia-con-los-intendentes-de-toda-la-provincia\/","title":{"rendered":"Kicillof se reunir\u00e1 mediante videoconferencia con los intendentes de toda la provincia"},"content":{"rendered":"\n<p class=\"wp-block-paragraph\">El Gobernador de la provincia de Buenos Aires, Axel Kicillof, mantendr\u00e1 este martes una reuni\u00f3n virtual con los intendentes, a ra\u00edz del crecimiento de los \u00edndices de coronavirus.<\/p>\n\n\n\n<div class=\"wp-block-image\"><figure class=\"aligncenter size-medium\"><img loading=\"lazy\" decoding=\"async\" width=\"460\" height=\"288\" src=\"http:\/\/infoecos.com.ar\/wp-content\/uploads\/2020\/09\/2020_09_23-AK-Videoconf-FIM-112-460x288.jpg\" alt=\"\" class=\"wp-image-68214\" srcset=\"https:\/\/infoecos.com.ar\/wp-content\/uploads\/2020\/09\/2020_09_23-AK-Videoconf-FIM-112-460x288.jpg 460w, https:\/\/infoecos.com.ar\/wp-content\/uploads\/2020\/09\/2020_09_23-AK-Videoconf-FIM-112-920x575.jpg 920w, https:\/\/infoecos.com.ar\/wp-content\/uploads\/2020\/09\/2020_09_23-AK-Videoconf-FIM-112-768x480.jpg 768w, https:\/\/infoecos.com.ar\/wp-content\/uploads\/2020\/09\/2020_09_23-AK-Videoconf-FIM-112-1536x960.jpg 1536w, https:\/\/infoecos.com.ar\/wp-content\/uploads\/2020\/09\/2020_09_23-AK-Videoconf-FIM-112-2048x1280.jpg 2048w, https:\/\/infoecos.com.ar\/wp-content\/uploads\/2020\/09\/2020_09_23-AK-Videoconf-FIM-112-1024x640.jpg 1024w\" sizes=\"auto, (max-width: 460px) 100vw, 460px\" \/><\/figure><\/div>\n\n\n\n<p class=\"wp-block-paragraph\">El mandatario provincial se comunicar\u00e1 mediante videoconferencia desde una de las ciudades de la costa atl\u00e1ntica.<\/p>\n\n\n\n<p class=\"wp-block-paragraph\">Del encuentro, se estima, participar\u00e1n la totalidad de los Jefes Comunales bonaerenses. El alza de casos se verifica en todo el territorio. Ha habido un incremento considerable en el interior y tambi\u00e9n en la costa atl\u00e1ntica. <\/p>\n\n\n\n<p class=\"wp-block-paragraph\">Si bien se descarta que se puedan consensuar medidas restrictivas que podr\u00edan considerarse dr\u00e1sticas, es posible que se establezcan par\u00e1metros tendientes a prohibir juntadas y restringir horarios. <\/p>\n\n\n\n<p class=\"wp-block-paragraph\">El viceministro de Salud bonaerense, Nicol\u00e1s Kreplak, se\u00f1al\u00f3 al canal de noticias TN que \u201ces necesario que cambien a algunas cosas\u201d, en referencia la aglomeraci\u00f3n de gente en las playas y las fiestas clandestinas, fundamentalmente, de los j\u00f3venes.<\/p>\n\n\n\n<p class=\"wp-block-paragraph\">\u201cVenimos trabajando con los intendentes y el estado nacional para tomar decisiones que sean eficaces\u201d, se\u00f1al\u00f3.<\/p>\n\n\n\n<p class=\"wp-block-paragraph\">Ante la posibilidad de apelar a la restricci\u00f3n de horarios, se\u00f1al\u00f3 que &nbsp;\u201ces posible que se pueda ir por una de esas l\u00edneas\u201d, aunque aclar\u00f3 que solo ser\u00eda si hay \u201cconsensos\u201d con la Naci\u00f3n, provincia y municipios.<\/p>\n\n\n\n<p class=\"wp-block-paragraph\">La reuni\u00f3n de este martes se concretar\u00e1 a partir de las 11 horas.<\/p>\n","protected":false},"excerpt":{"rendered":"<p>Si bien se descarta que se puedan consensuar medidas restrictivas que podr\u00edan considerarse dr\u00e1sticas, es posible que se establezcan par\u00e1metros tendientes a prohibir juntadas y limitar horarios<\/p>\n","protected":false},"author":2,"featured_media":68214,"comment_status":"closed","ping_status":"open","sticky":false,"template":"","format":"standard","meta":{"footnotes":""},"categories":[28],"tags":[1785],"class_list":["post-72211","post","type-post","status-publish","format-standard","has-post-thumbnail","hentry","category-c1nota1","tag-coronavirus"],"featured_image_urls":{"full":["https:\/\/infoecos.com.ar\/wp-content\/uploads\/2020\/09\/2020_09_23-AK-Videoconf-FIM-112-scaled.jpg",2560,1600,false],"thumbnail":["https:\/\/infoecos.com.ar\/wp-content\/uploads\/2020\/09\/2020_09_23-AK-Videoconf-FIM-112-150x150.jpg",150,150,true],"medium":["https:\/\/infoecos.com.ar\/wp-content\/uploads\/2020\/09\/2020_09_23-AK-Videoconf-FIM-112-460x288.jpg",460,288,true],"medium_large":["https:\/\/infoecos.com.ar\/wp-content\/uploads\/2020\/09\/2020_09_23-AK-Videoconf-FIM-112-768x480.jpg",640,400,true],"large":["https:\/\/infoecos.com.ar\/wp-content\/uploads\/2020\/09\/2020_09_23-AK-Videoconf-FIM-112-920x575.jpg",640,400,true],"1536x1536":["https:\/\/infoecos.com.ar\/wp-content\/uploads\/2020\/09\/2020_09_23-AK-Videoconf-FIM-112-1536x960.jpg",1536,960,true],"2048x2048":["https:\/\/infoecos.com.ar\/wp-content\/uploads\/2020\/09\/2020_09_23-AK-Videoconf-FIM-112-2048x1280.jpg",2048,1280,true],"covernews-slider-full":["https:\/\/infoecos.com.ar\/wp-content\/uploads\/2020\/09\/2020_09_23-AK-Videoconf-FIM-112-1536x1020.jpg",1077,715,true],"covernews-slider-center":["https:\/\/infoecos.com.ar\/wp-content\/uploads\/2020\/09\/2020_09_23-AK-Videoconf-FIM-112-936x897.jpg",522,500,true],"covernews-featured":["https:\/\/infoecos.com.ar\/wp-content\/uploads\/2020\/09\/2020_09_23-AK-Videoconf-FIM-112-1024x640.jpg",1024,640,true],"covernews-medium":["https:\/\/infoecos.com.ar\/wp-content\/uploads\/2020\/09\/2020_09_23-AK-Videoconf-FIM-112-720x380.jpg",540,285,true],"covernews-medium-square":["https:\/\/infoecos.com.ar\/wp-content\/uploads\/2020\/09\/2020_09_23-AK-Videoconf-FIM-112-675x450.jpg",375,250,true]},"author_info":{"info":["Jorge Matheus"]},"category_info":"<a href=\"https:\/\/infoecos.com.ar\/index.php\/category\/c1nota1\/\" rel=\"category tag\">C1 N1<\/a>","tag_info":"C1 N1","comment_count":"0","_links":{"self":[{"href":"https:\/\/infoecos.com.ar\/index.php\/wp-json\/wp\/v2\/posts\/72211","targetHints":{"allow":["GET"]}}],"collection":[{"href":"https:\/\/infoecos.com.ar\/index.php\/wp-json\/wp\/v2\/posts"}],"about":[{"href":"https:\/\/infoecos.com.ar\/index.php\/wp-json\/wp\/v2\/types\/post"}],"author":[{"embeddable":true,"href":"https:\/\/infoecos.com.ar\/index.php\/wp-json\/wp\/v2\/users\/2"}],"replies":[{"embeddable":true,"href":"https:\/\/infoecos.com.ar\/index.php\/wp-json\/wp\/v2\/comments?post=72211"}],"version-history":[{"count":2,"href":"https:\/\/infoecos.com.ar\/index.php\/wp-json\/wp\/v2\/posts\/72211\/revisions"}],"predecessor-version":[{"id":72213,"href":"https:\/\/infoecos.com.ar\/index.php\/wp-json\/wp\/v2\/posts\/72211\/revisions\/72213"}],"wp:featuredmedia":[{"embeddable":true,"href":"https:\/\/infoecos.com.ar\/index.php\/wp-json\/wp\/v2\/media\/68214"}],"wp:attachment":[{"href":"https:\/\/infoecos.com.ar\/index.php\/wp-json\/wp\/v2\/media?parent=72211"}],"wp:term":[{"taxonomy":"category","embeddable":true,"href":"https:\/\/infoecos.com.ar\/index.php\/wp-json\/wp\/v2\/categories?post=72211"},{"taxonomy":"post_tag","embeddable":true,"href":"https:\/\/infoecos.com.ar\/index.php\/wp-json\/wp\/v2\/tags?post=72211"}],"curies":[{"name":"wp","href":"https:\/\/api.w.org\/{rel}","templated":true}]}}