{"id":72214,"date":"2021-01-04T18:18:58","date_gmt":"2021-01-04T21:18:58","guid":{"rendered":"http:\/\/infoecos.com.ar\/?p=72214"},"modified":"2021-01-04T18:24:13","modified_gmt":"2021-01-04T21:24:13","slug":"los-intendentes-municipales-de-la-cuarta-seccion-postergan-reunion-para-el-miercoles","status":"publish","type":"post","link":"https:\/\/infoecos.com.ar\/index.php\/los-intendentes-municipales-de-la-cuarta-seccion-postergan-reunion-para-el-miercoles\/","title":{"rendered":"Los intendentes municipales de la cuarta secci\u00f3n postergan reuni\u00f3n para el mi\u00e9rcoles"},"content":{"rendered":"\n<p class=\"wp-block-paragraph\">Se resolvi\u00f3 postergar para el mi\u00e9rcoles la reuni\u00f3n que ten\u00edan previsto realizar en Bragado los intendentes municipales de la cuarta secci\u00f3n electoral con el fin de analizar la situaci\u00f3n sanitaria en la regi\u00f3n.<\/p>\n\n\n\n<div class=\"wp-block-image\"><figure class=\"aligncenter size-medium\"><img loading=\"lazy\" decoding=\"async\" width=\"460\" height=\"259\" src=\"http:\/\/infoecos.com.ar\/wp-content\/uploads\/5f2c87e8c0168-460x259.jpg\" alt=\"\" class=\"wp-image-65685\" srcset=\"https:\/\/infoecos.com.ar\/wp-content\/uploads\/5f2c87e8c0168-460x259.jpg 460w, https:\/\/infoecos.com.ar\/wp-content\/uploads\/5f2c87e8c0168-768x433.jpg 768w, https:\/\/infoecos.com.ar\/wp-content\/uploads\/5f2c87e8c0168.jpg 900w\" sizes=\"auto, (max-width: 460px) 100vw, 460px\" \/><\/figure><\/div>\n\n\n\n<p class=\"wp-block-paragraph\">As\u00ed lo hizo saber el Jefe Comunal de Chivilcoy, Guillermo Britos, uno de los motorizadores de ese encuentro. Coment\u00f3 que se debe esperar cual es la posici\u00f3n del gobernador Kicillof y su equipo, para obrar en consecuencia.<\/p>\n\n\n\n<p class=\"wp-block-paragraph\">De acuerdo a lo que se pudo saber el inter\u00e9s de los mandatarios comunales es aunar criterios a la hora de adoptar decisiones. <\/p>\n\n\n\n<p class=\"wp-block-paragraph\">En todos los distritos de la secci\u00f3n electoral, el n\u00famero de casos se ha elevado, como as\u00ed tambi\u00e9n se viene observando cierta tendencia a la anarqu\u00eda por parte de algunos sectores, pese a los esfuerzos que se realizan a nivel municipal, con la colaboraci\u00f3n de las fuerzas de seguridad.<\/p>\n\n\n\n<p class=\"wp-block-paragraph\"><\/p>\n","protected":false},"excerpt":{"rendered":"<p>As\u00ed lo hizo saber el Jefe Comunal de Chivilcoy, Guillermo Britos, uno de los motorizadores de ese encuentro. Coment\u00f3 que se debe esperar cual es la posici\u00f3n del gobernador Kicillof<\/p>\n","protected":false},"author":2,"featured_media":65685,"comment_status":"closed","ping_status":"open","sticky":false,"template":"","format":"standard","meta":{"footnotes":""},"categories":[29],"tags":[1785],"class_list":["post-72214","post","type-post","status-publish","format-standard","has-post-thumbnail","hentry","category-c2nota1","tag-coronavirus"],"featured_image_urls":{"full":["https:\/\/infoecos.com.ar\/wp-content\/uploads\/5f2c87e8c0168.jpg",900,507,false],"thumbnail":["https:\/\/infoecos.com.ar\/wp-content\/uploads\/5f2c87e8c0168-150x150.jpg",150,150,true],"medium":["https:\/\/infoecos.com.ar\/wp-content\/uploads\/5f2c87e8c0168-460x259.jpg",460,259,true],"medium_large":["https:\/\/infoecos.com.ar\/wp-content\/uploads\/5f2c87e8c0168-768x433.jpg",640,361,true],"large":["https:\/\/infoecos.com.ar\/wp-content\/uploads\/5f2c87e8c0168.jpg",640,361,false],"1536x1536":["https:\/\/infoecos.com.ar\/wp-content\/uploads\/5f2c87e8c0168.jpg",900,507,false],"2048x2048":["https:\/\/infoecos.com.ar\/wp-content\/uploads\/5f2c87e8c0168.jpg",900,507,false],"covernews-slider-full":["https:\/\/infoecos.com.ar\/wp-content\/uploads\/5f2c87e8c0168.jpg",900,507,false],"covernews-slider-center":["https:\/\/infoecos.com.ar\/wp-content\/uploads\/5f2c87e8c0168.jpg",800,451,false],"covernews-featured":["https:\/\/infoecos.com.ar\/wp-content\/uploads\/5f2c87e8c0168.jpg",900,507,false],"covernews-medium":["https:\/\/infoecos.com.ar\/wp-content\/uploads\/5f2c87e8c0168-720x380.jpg",540,285,true],"covernews-medium-square":["https:\/\/infoecos.com.ar\/wp-content\/uploads\/5f2c87e8c0168-675x450.jpg",375,250,true]},"author_info":{"info":["Jorge Matheus"]},"category_info":"<a href=\"https:\/\/infoecos.com.ar\/index.php\/category\/c2nota1\/\" rel=\"category tag\">C2 nota 1<\/a>","tag_info":"C2 nota 1","comment_count":"0","_links":{"self":[{"href":"https:\/\/infoecos.com.ar\/index.php\/wp-json\/wp\/v2\/posts\/72214","targetHints":{"allow":["GET"]}}],"collection":[{"href":"https:\/\/infoecos.com.ar\/index.php\/wp-json\/wp\/v2\/posts"}],"about":[{"href":"https:\/\/infoecos.com.ar\/index.php\/wp-json\/wp\/v2\/types\/post"}],"author":[{"embeddable":true,"href":"https:\/\/infoecos.com.ar\/index.php\/wp-json\/wp\/v2\/users\/2"}],"replies":[{"embeddable":true,"href":"https:\/\/infoecos.com.ar\/index.php\/wp-json\/wp\/v2\/comments?post=72214"}],"version-history":[{"count":2,"href":"https:\/\/infoecos.com.ar\/index.php\/wp-json\/wp\/v2\/posts\/72214\/revisions"}],"predecessor-version":[{"id":72217,"href":"https:\/\/infoecos.com.ar\/index.php\/wp-json\/wp\/v2\/posts\/72214\/revisions\/72217"}],"wp:featuredmedia":[{"embeddable":true,"href":"https:\/\/infoecos.com.ar\/index.php\/wp-json\/wp\/v2\/media\/65685"}],"wp:attachment":[{"href":"https:\/\/infoecos.com.ar\/index.php\/wp-json\/wp\/v2\/media?parent=72214"}],"wp:term":[{"taxonomy":"category","embeddable":true,"href":"https:\/\/infoecos.com.ar\/index.php\/wp-json\/wp\/v2\/categories?post=72214"},{"taxonomy":"post_tag","embeddable":true,"href":"https:\/\/infoecos.com.ar\/index.php\/wp-json\/wp\/v2\/tags?post=72214"}],"curies":[{"name":"wp","href":"https:\/\/api.w.org\/{rel}","templated":true}]}}