{"id":72220,"date":"2021-01-04T19:02:26","date_gmt":"2021-01-04T22:02:26","guid":{"rendered":"http:\/\/infoecos.com.ar\/?p=72220"},"modified":"2021-01-06T02:03:46","modified_gmt":"2021-01-06T05:03:46","slug":"el-gobierno-de-trenque-lauquen-exime-a-comercios-e-industrias-de-la-cuota-1","status":"publish","type":"post","link":"https:\/\/infoecos.com.ar\/index.php\/el-gobierno-de-trenque-lauquen-exime-a-comercios-e-industrias-de-la-cuota-1\/","title":{"rendered":"El gobierno de Trenque Lauquen exime del pago de cuotas a comercios e industrias"},"content":{"rendered":"\n<p class=\"wp-block-paragraph\">El gobierno municipal de Trenque Lauquen dispuso eximiciones en el pago de la cuota 1 correspondiente a la Tasa General y Especial por Inspecci\u00f3n de Seguridad e Higiene a comercios e industrias que han sido afectadas por la emergencia sanitaria. <\/p>\n\n\n\n<p class=\"wp-block-paragraph\"><strong><em>En el caso de la Tasa General quedan eximidas del pago de la cuota 1 del a\u00f1o fiscal 2021 de la Tasa de Inspecci\u00f3n de Seguridad e Higiene las actividades comprendidas en la Ordenanza Impositiva n\u00ba 5042\/2020, Cap\u00edtulo V, Art\u00edculo 19; que se identifiquen como<\/em><\/strong>:<\/p>\n\n\n\n<p class=\"wp-block-paragraph\">a) Salones de Fiestas y Eventos<\/p>\n\n\n\n<p class=\"wp-block-paragraph\">b) Bares, Pizzer\u00edas, Parrillas y similares que cuenten con servicio de mesa.<\/p>\n\n\n\n<p class=\"wp-block-paragraph\">c) Hoteles, Caba\u00f1as y similares.<\/p>\n\n\n\n<p class=\"wp-block-paragraph\">d) Gimnasios, academias de danzas, pilates, yoga, explotaci\u00f3n de canchas de f\u00fatbol 5 y\/o 9 y similares.<\/p>\n\n\n\n<p class=\"wp-block-paragraph\">e) Piletas climatizadas.<\/p>\n\n\n\n<p class=\"wp-block-paragraph\">f) Estudios de fotograf\u00eda.<\/p>\n\n\n\n<p class=\"wp-block-paragraph\">g) Armer\u00edas.<\/p>\n\n\n\n<p class=\"wp-block-paragraph\">h) Ludotecas, guarder\u00edas o similares.<\/p>\n\n\n\n<p class=\"wp-block-paragraph\">i) Industrias l\u00e1cteas con 50 (cincuenta) empleados o menos.<\/p>\n\n\n\n<p class=\"wp-block-paragraph\"><strong><em>En la Tasa Especial por Inspecci\u00f3n de Seguridad e Higiene la eximici\u00f3n incluye el pago de las cuotas 1, 2, 3 y 4 de 2021 para las siguientes actividades comprendidas en la Ordenanza Impositiva n\u00ba 5042\/2020, Cap\u00edtulo V, Art\u00edculo 20:<\/em><\/strong><\/p>\n\n\n\n<p class=\"wp-block-paragraph\">Inciso a) (Confiter\u00edas)<\/p>\n\n\n\n<p class=\"wp-block-paragraph\">Inciso d) Restaurantes<\/p>\n\n\n\n<p class=\"wp-block-paragraph\">Inciso f) (Agencias de Viajes y Turismo).<\/p>\n\n\n\n<p class=\"wp-block-paragraph\">El decreto 1928\/29020, que lleva las firmas del intendente municipal, Miguel Fern\u00e1ndez, y del secretario de Administraci\u00f3n y Gesti\u00f3n Tributaria, Alfredo Zambiasio, ya fue elevado al Concejo Deliberante para su convalidaci\u00f3n.<\/p>\n\n\n\n<p class=\"wp-block-paragraph\"><\/p>\n\n\n\n<p class=\"wp-block-paragraph\"><\/p>\n\n\n\n<p class=\"wp-block-paragraph\"><\/p>\n\n\n\n<p class=\"wp-block-paragraph\"><\/p>\n\n\n\n<p class=\"wp-block-paragraph\"><\/p>\n","protected":false},"excerpt":{"rendered":"<p>Tasa General y Especial por Inspecci\u00f3n de Seguridad e Higiene a comercios e industrias que han sido afectadas por la emergencia sanitaria<\/p>\n","protected":false},"author":2,"featured_media":61593,"comment_status":"closed","ping_status":"open","sticky":false,"template":"","format":"standard","meta":{"footnotes":""},"categories":[1325],"tags":[2529],"class_list":["post-72220","post","type-post","status-publish","format-standard","has-post-thumbnail","hentry","category-c1nota6","tag-al-concejo-deliberante"],"featured_image_urls":{"full":["https:\/\/infoecos.com.ar\/wp-content\/uploads\/Municipio-2.jpg",800,532,false],"thumbnail":["https:\/\/infoecos.com.ar\/wp-content\/uploads\/Municipio-2-150x150.jpg",150,150,true],"medium":["https:\/\/infoecos.com.ar\/wp-content\/uploads\/Municipio-2-460x306.jpg",460,306,true],"medium_large":["https:\/\/infoecos.com.ar\/wp-content\/uploads\/Municipio-2-768x511.jpg",640,426,true],"large":["https:\/\/infoecos.com.ar\/wp-content\/uploads\/Municipio-2.jpg",640,426,false],"1536x1536":["https:\/\/infoecos.com.ar\/wp-content\/uploads\/Municipio-2.jpg",800,532,false],"2048x2048":["https:\/\/infoecos.com.ar\/wp-content\/uploads\/Municipio-2.jpg",800,532,false],"covernews-slider-full":["https:\/\/infoecos.com.ar\/wp-content\/uploads\/Municipio-2.jpg",800,532,false],"covernews-slider-center":["https:\/\/infoecos.com.ar\/wp-content\/uploads\/Municipio-2.jpg",752,500,false],"covernews-featured":["https:\/\/infoecos.com.ar\/wp-content\/uploads\/Municipio-2.jpg",800,532,false],"covernews-medium":["https:\/\/infoecos.com.ar\/wp-content\/uploads\/Municipio-2-720x380.jpg",540,285,true],"covernews-medium-square":["https:\/\/infoecos.com.ar\/wp-content\/uploads\/Municipio-2-675x450.jpg",375,250,true]},"author_info":{"info":["Jorge Matheus"]},"category_info":"<a href=\"https:\/\/infoecos.com.ar\/index.php\/category\/c1nota6\/\" rel=\"category tag\">C1 nota 6<\/a>","tag_info":"C1 nota 6","comment_count":"0","_links":{"self":[{"href":"https:\/\/infoecos.com.ar\/index.php\/wp-json\/wp\/v2\/posts\/72220","targetHints":{"allow":["GET"]}}],"collection":[{"href":"https:\/\/infoecos.com.ar\/index.php\/wp-json\/wp\/v2\/posts"}],"about":[{"href":"https:\/\/infoecos.com.ar\/index.php\/wp-json\/wp\/v2\/types\/post"}],"author":[{"embeddable":true,"href":"https:\/\/infoecos.com.ar\/index.php\/wp-json\/wp\/v2\/users\/2"}],"replies":[{"embeddable":true,"href":"https:\/\/infoecos.com.ar\/index.php\/wp-json\/wp\/v2\/comments?post=72220"}],"version-history":[{"count":4,"href":"https:\/\/infoecos.com.ar\/index.php\/wp-json\/wp\/v2\/posts\/72220\/revisions"}],"predecessor-version":[{"id":72226,"href":"https:\/\/infoecos.com.ar\/index.php\/wp-json\/wp\/v2\/posts\/72220\/revisions\/72226"}],"wp:featuredmedia":[{"embeddable":true,"href":"https:\/\/infoecos.com.ar\/index.php\/wp-json\/wp\/v2\/media\/61593"}],"wp:attachment":[{"href":"https:\/\/infoecos.com.ar\/index.php\/wp-json\/wp\/v2\/media?parent=72220"}],"wp:term":[{"taxonomy":"category","embeddable":true,"href":"https:\/\/infoecos.com.ar\/index.php\/wp-json\/wp\/v2\/categories?post=72220"},{"taxonomy":"post_tag","embeddable":true,"href":"https:\/\/infoecos.com.ar\/index.php\/wp-json\/wp\/v2\/tags?post=72220"}],"curies":[{"name":"wp","href":"https:\/\/api.w.org\/{rel}","templated":true}]}}