{"id":72227,"date":"2021-01-04T19:12:24","date_gmt":"2021-01-04T22:12:24","guid":{"rendered":"http:\/\/infoecos.com.ar\/?p=72227"},"modified":"2021-01-04T19:15:41","modified_gmt":"2021-01-04T22:15:41","slug":"labran-infraccion-a-un-vecino-que-fumigo-su-vereda","status":"publish","type":"post","link":"https:\/\/infoecos.com.ar\/index.php\/labran-infraccion-a-un-vecino-que-fumigo-su-vereda\/","title":{"rendered":"Labran infracci\u00f3n a un vecino que fumig\u00f3 su vereda"},"content":{"rendered":"\n<p class=\"wp-block-paragraph\">El Municipio de Trenque Lauquen labr\u00f3 una infracci\u00f3n a un vecino por fumigar la vereda, una pr\u00e1ctica que est\u00e1 prohibida por Ordenanza municipal y que prev\u00e9 importantes multas para aquellos que no cumplen con la normativa.<\/p>\n\n\n\n<div class=\"wp-block-image\"><figure class=\"aligncenter size-large\"><img loading=\"lazy\" decoding=\"async\" width=\"436\" height=\"920\" src=\"http:\/\/infoecos.com.ar\/wp-content\/uploads\/2021\/01\/Veredas-Fumigadas-436x920.jpeg\" alt=\"\" class=\"wp-image-72228\" srcset=\"https:\/\/infoecos.com.ar\/wp-content\/uploads\/2021\/01\/Veredas-Fumigadas-436x920.jpeg 436w, https:\/\/infoecos.com.ar\/wp-content\/uploads\/2021\/01\/Veredas-Fumigadas-218x460.jpeg 218w, https:\/\/infoecos.com.ar\/wp-content\/uploads\/2021\/01\/Veredas-Fumigadas.jpeg 489w\" sizes=\"auto, (max-width: 436px) 100vw, 436px\" \/><\/figure><\/div>\n\n\n\n<p class=\"wp-block-paragraph\">\u201cSiguen las denuncias por veredas fumigadas a pesar de la existencia de la ordenanza que proh\u00edbe la aplicaci\u00f3n de ese tipo de productos en la zona urbana\u201d, coment\u00f3 este lunes la directora de Ambiente y Desarrollo Sustentable del Municipio, Ana Paula Motrel, quien marc\u00f3 que \u201cen este caso es recurrente\u201d y que fueron los vecinos del sector los que se comunicaron con el \u00e1rea a su cargo para manifestar su malestar por la conducta de esta persona.<\/p>\n\n\n\n<p class=\"wp-block-paragraph\">Motrel record\u00f3 que \u201cest\u00e1 vigente la ordenanza que regula este tipo de situaciones y no se puede usar nada y mucho menos en la vereda porque es espacio p\u00fablico y el \u00fanico que puede hacer el control de malezas y cortar el pasto es el Municipio\u201d.<\/p>\n\n\n\n<p class=\"wp-block-paragraph\">Acerca de la infracci\u00f3n Motrel inform\u00f3 que \u201cse cuenta con un relevamiento fotogr\u00e1fico adem\u00e1s de la denuncia de los vecinos y la multa seguro ser\u00e1 un poco m\u00e1s elevada por la reincidencia\u201d.<\/p>\n\n\n\n<p class=\"wp-block-paragraph\">La funcionaria se\u00f1al\u00f3 que \u201ctambi\u00e9n es una falta grave a la Ley provincial (10.699) y si hace falta dar intervenci\u00f3n a la Provincia para que la multa sea doble lo haremos porque la idea es que cese el uso de este tipo de productos en toda la zona urbana\u201d.<\/p>\n\n\n\n<p class=\"wp-block-paragraph\">Motrel consider\u00f3 que \u201ces hora de empezar a hacer las cosas de otra manera, desarrollar la empat\u00eda de la que tanto hablamos en este a\u00f1o de pandemia, de ver al otro que tambi\u00e9n tiene su derecho y no tiene ganas de preocuparse por este tipo de situaciones y sobre todo cumplir con la ley\u201d.<\/p>\n","protected":false},"excerpt":{"rendered":"<p>\u201cSiguen las denuncias por veredas fumigadas a pesar de la existencia de la ordenanza que proh\u00edbe la aplicaci\u00f3n de ese tipo de productos en la zona urbana\u201d, coment\u00f3 este lunes la directora de Ambiente y Desarrollo Sustentable<\/p>\n","protected":false},"author":2,"featured_media":72228,"comment_status":"closed","ping_status":"open","sticky":false,"template":"","format":"standard","meta":{"footnotes":""},"categories":[46],"tags":[2399],"class_list":["post-72227","post","type-post","status-publish","format-standard","has-post-thumbnail","hentry","category-c2nota2","tag-oficial-trenque-lauquen"],"featured_image_urls":{"full":["https:\/\/infoecos.com.ar\/wp-content\/uploads\/2021\/01\/Veredas-Fumigadas.jpeg",489,1032,false],"thumbnail":["https:\/\/infoecos.com.ar\/wp-content\/uploads\/2021\/01\/Veredas-Fumigadas-150x150.jpeg",150,150,true],"medium":["https:\/\/infoecos.com.ar\/wp-content\/uploads\/2021\/01\/Veredas-Fumigadas-218x460.jpeg",218,460,true],"medium_large":["https:\/\/infoecos.com.ar\/wp-content\/uploads\/2021\/01\/Veredas-Fumigadas.jpeg",489,1032,false],"large":["https:\/\/infoecos.com.ar\/wp-content\/uploads\/2021\/01\/Veredas-Fumigadas-436x920.jpeg",436,920,true],"1536x1536":["https:\/\/infoecos.com.ar\/wp-content\/uploads\/2021\/01\/Veredas-Fumigadas.jpeg",489,1032,false],"2048x2048":["https:\/\/infoecos.com.ar\/wp-content\/uploads\/2021\/01\/Veredas-Fumigadas.jpeg",489,1032,false],"covernews-slider-full":["https:\/\/infoecos.com.ar\/wp-content\/uploads\/2021\/01\/Veredas-Fumigadas-489x1020.jpeg",343,715,true],"covernews-slider-center":["https:\/\/infoecos.com.ar\/wp-content\/uploads\/2021\/01\/Veredas-Fumigadas-489x897.jpeg",273,500,true],"covernews-featured":["https:\/\/infoecos.com.ar\/wp-content\/uploads\/2021\/01\/Veredas-Fumigadas.jpeg",489,1032,false],"covernews-medium":["https:\/\/infoecos.com.ar\/wp-content\/uploads\/2021\/01\/Veredas-Fumigadas-489x380.jpeg",438,340,true],"covernews-medium-square":["https:\/\/infoecos.com.ar\/wp-content\/uploads\/2021\/01\/Veredas-Fumigadas-489x450.jpeg",272,250,true]},"author_info":{"info":["Jorge Matheus"]},"category_info":"<a href=\"https:\/\/infoecos.com.ar\/index.php\/category\/c2nota2\/\" rel=\"category tag\">C2 N2<\/a>","tag_info":"C2 N2","comment_count":"0","_links":{"self":[{"href":"https:\/\/infoecos.com.ar\/index.php\/wp-json\/wp\/v2\/posts\/72227","targetHints":{"allow":["GET"]}}],"collection":[{"href":"https:\/\/infoecos.com.ar\/index.php\/wp-json\/wp\/v2\/posts"}],"about":[{"href":"https:\/\/infoecos.com.ar\/index.php\/wp-json\/wp\/v2\/types\/post"}],"author":[{"embeddable":true,"href":"https:\/\/infoecos.com.ar\/index.php\/wp-json\/wp\/v2\/users\/2"}],"replies":[{"embeddable":true,"href":"https:\/\/infoecos.com.ar\/index.php\/wp-json\/wp\/v2\/comments?post=72227"}],"version-history":[{"count":2,"href":"https:\/\/infoecos.com.ar\/index.php\/wp-json\/wp\/v2\/posts\/72227\/revisions"}],"predecessor-version":[{"id":120896,"href":"https:\/\/infoecos.com.ar\/index.php\/wp-json\/wp\/v2\/posts\/72227\/revisions\/120896"}],"wp:featuredmedia":[{"embeddable":true,"href":"https:\/\/infoecos.com.ar\/index.php\/wp-json\/wp\/v2\/media\/72228"}],"wp:attachment":[{"href":"https:\/\/infoecos.com.ar\/index.php\/wp-json\/wp\/v2\/media?parent=72227"}],"wp:term":[{"taxonomy":"category","embeddable":true,"href":"https:\/\/infoecos.com.ar\/index.php\/wp-json\/wp\/v2\/categories?post=72227"},{"taxonomy":"post_tag","embeddable":true,"href":"https:\/\/infoecos.com.ar\/index.php\/wp-json\/wp\/v2\/tags?post=72227"}],"curies":[{"name":"wp","href":"https:\/\/api.w.org\/{rel}","templated":true}]}}