{"id":72230,"date":"2021-01-05T00:30:24","date_gmt":"2021-01-05T03:30:24","guid":{"rendered":"http:\/\/infoecos.com.ar\/?p=72230"},"modified":"2021-01-05T00:30:27","modified_gmt":"2021-01-05T03:30:27","slug":"ya-estarian-en-trenque-lauquen-las-primeras-450-dosis-de-la-sputnik-450","status":"publish","type":"post","link":"https:\/\/infoecos.com.ar\/index.php\/ya-estarian-en-trenque-lauquen-las-primeras-450-dosis-de-la-sputnik-450\/","title":{"rendered":"Ya estar\u00edan en Trenque Lauquen las primeras 450 dosis de la Sputnik 450"},"content":{"rendered":"\n<p class=\"wp-block-paragraph\">Ya estar\u00edan en Trenque Lauquen las 450 dosis de vacunas Sputnik 450 que, en una primera instancia, se destinar\u00e1n al personal del \u00e1rea de salud.<\/p>\n\n\n\n<div class=\"wp-block-image\"><figure class=\"aligncenter size-medium is-resized\"><img loading=\"lazy\" decoding=\"async\" src=\"http:\/\/infoecos.com.ar\/wp-content\/uploads\/2020\/12\/5fe4caaa138eb_1004x565-460x259.jpg\" alt=\"\" class=\"wp-image-71928\" width=\"460\" height=\"259\" srcset=\"https:\/\/infoecos.com.ar\/wp-content\/uploads\/2020\/12\/5fe4caaa138eb_1004x565-460x259.jpg 460w, https:\/\/infoecos.com.ar\/wp-content\/uploads\/2020\/12\/5fe4caaa138eb_1004x565-920x518.jpg 920w, https:\/\/infoecos.com.ar\/wp-content\/uploads\/2020\/12\/5fe4caaa138eb_1004x565-768x432.jpg 768w, https:\/\/infoecos.com.ar\/wp-content\/uploads\/2020\/12\/5fe4caaa138eb_1004x565.jpg 1004w\" sizes=\"auto, (max-width: 460px) 100vw, 460px\" \/><\/figure><\/div>\n\n\n\n<p class=\"wp-block-paragraph\">Habr\u00edan sido trasladadas desde la sede de la Zona Sanitaria II con asiento en Pehuaj\u00f3, en un cami\u00f3n del Correo Argentino, bajo la custodia de la Polic\u00eda de la provincia de Buenos Aires.<\/p>\n\n\n\n<p class=\"wp-block-paragraph\">Se cumplir\u00eda de esta manera con lo anticipado por el doctor Hern\u00e1ndez, titular del \u00e1rea provincial mencionada y ratificado por el subsecretario de salud del municipio de Trenque Lauquen, doctor Valente, la semana anterior.<\/p>\n\n\n\n<p class=\"wp-block-paragraph\">Se trata del primer env\u00edo y de la misma forma en que se ha hecho en seis distritos. Ahora comienza la etapa de cubrir los doce que componen la regi\u00f3n sanitaria.  <\/p>\n\n\n\n<p class=\"wp-block-paragraph\"><\/p>\n\n\n\n<p class=\"wp-block-paragraph\"><\/p>\n","protected":false},"excerpt":{"rendered":"<p>Habr\u00edan sido trasladadas desde la sede de la Zona Sanitaria II con asiento en Pehuaj\u00f3, en un cami\u00f3n del Correo Argentino, bajo la custodia de la Polic\u00eda de la provincia de Buenos Aires<\/p>\n","protected":false},"author":2,"featured_media":71928,"comment_status":"closed","ping_status":"open","sticky":false,"template":"","format":"standard","meta":{"footnotes":""},"categories":[47],"tags":[1785],"class_list":["post-72230","post","type-post","status-publish","format-standard","has-post-thumbnail","hentry","category-c3nota2","tag-coronavirus"],"featured_image_urls":{"full":["https:\/\/infoecos.com.ar\/wp-content\/uploads\/2020\/12\/5fe4caaa138eb_1004x565.jpg",1004,565,false],"thumbnail":["https:\/\/infoecos.com.ar\/wp-content\/uploads\/2020\/12\/5fe4caaa138eb_1004x565-150x150.jpg",150,150,true],"medium":["https:\/\/infoecos.com.ar\/wp-content\/uploads\/2020\/12\/5fe4caaa138eb_1004x565-460x259.jpg",460,259,true],"medium_large":["https:\/\/infoecos.com.ar\/wp-content\/uploads\/2020\/12\/5fe4caaa138eb_1004x565-768x432.jpg",640,360,true],"large":["https:\/\/infoecos.com.ar\/wp-content\/uploads\/2020\/12\/5fe4caaa138eb_1004x565-920x518.jpg",640,360,true],"1536x1536":["https:\/\/infoecos.com.ar\/wp-content\/uploads\/2020\/12\/5fe4caaa138eb_1004x565.jpg",1004,565,false],"2048x2048":["https:\/\/infoecos.com.ar\/wp-content\/uploads\/2020\/12\/5fe4caaa138eb_1004x565.jpg",1004,565,false],"covernews-slider-full":["https:\/\/infoecos.com.ar\/wp-content\/uploads\/2020\/12\/5fe4caaa138eb_1004x565.jpg",1004,565,false],"covernews-slider-center":["https:\/\/infoecos.com.ar\/wp-content\/uploads\/2020\/12\/5fe4caaa138eb_1004x565-936x565.jpg",800,483,true],"covernews-featured":["https:\/\/infoecos.com.ar\/wp-content\/uploads\/2020\/12\/5fe4caaa138eb_1004x565.jpg",1004,565,false],"covernews-medium":["https:\/\/infoecos.com.ar\/wp-content\/uploads\/2020\/12\/5fe4caaa138eb_1004x565-720x380.jpg",540,285,true],"covernews-medium-square":["https:\/\/infoecos.com.ar\/wp-content\/uploads\/2020\/12\/5fe4caaa138eb_1004x565-675x450.jpg",375,250,true]},"author_info":{"info":["Jorge Matheus"]},"category_info":"<a href=\"https:\/\/infoecos.com.ar\/index.php\/category\/c3nota2\/\" rel=\"category tag\">C3 N2<\/a>","tag_info":"C3 N2","comment_count":"0","_links":{"self":[{"href":"https:\/\/infoecos.com.ar\/index.php\/wp-json\/wp\/v2\/posts\/72230","targetHints":{"allow":["GET"]}}],"collection":[{"href":"https:\/\/infoecos.com.ar\/index.php\/wp-json\/wp\/v2\/posts"}],"about":[{"href":"https:\/\/infoecos.com.ar\/index.php\/wp-json\/wp\/v2\/types\/post"}],"author":[{"embeddable":true,"href":"https:\/\/infoecos.com.ar\/index.php\/wp-json\/wp\/v2\/users\/2"}],"replies":[{"embeddable":true,"href":"https:\/\/infoecos.com.ar\/index.php\/wp-json\/wp\/v2\/comments?post=72230"}],"version-history":[{"count":1,"href":"https:\/\/infoecos.com.ar\/index.php\/wp-json\/wp\/v2\/posts\/72230\/revisions"}],"predecessor-version":[{"id":72231,"href":"https:\/\/infoecos.com.ar\/index.php\/wp-json\/wp\/v2\/posts\/72230\/revisions\/72231"}],"wp:featuredmedia":[{"embeddable":true,"href":"https:\/\/infoecos.com.ar\/index.php\/wp-json\/wp\/v2\/media\/71928"}],"wp:attachment":[{"href":"https:\/\/infoecos.com.ar\/index.php\/wp-json\/wp\/v2\/media?parent=72230"}],"wp:term":[{"taxonomy":"category","embeddable":true,"href":"https:\/\/infoecos.com.ar\/index.php\/wp-json\/wp\/v2\/categories?post=72230"},{"taxonomy":"post_tag","embeddable":true,"href":"https:\/\/infoecos.com.ar\/index.php\/wp-json\/wp\/v2\/tags?post=72230"}],"curies":[{"name":"wp","href":"https:\/\/api.w.org\/{rel}","templated":true}]}}