{"id":72245,"date":"2021-01-05T01:39:50","date_gmt":"2021-01-05T04:39:50","guid":{"rendered":"http:\/\/infoecos.com.ar\/?p=72245"},"modified":"2021-01-05T01:39:52","modified_gmt":"2021-01-05T04:39:52","slug":"el-cierre-de-las-exportaciones-de-maiz-puede-genere-un-cese-de-actividades-del-sector-agropecuario","status":"publish","type":"post","link":"https:\/\/infoecos.com.ar\/index.php\/el-cierre-de-las-exportaciones-de-maiz-puede-genere-un-cese-de-actividades-del-sector-agropecuario\/","title":{"rendered":"El cierre de las exportaciones de ma\u00edz puede genere un cese de actividades del sector agropecuario"},"content":{"rendered":"\n<p class=\"wp-block-paragraph\">La\u00a0Comisi\u00f3n de Enlace de Entidades Agropecuarias\u00a0decidi\u00f3\u00a0de forma un\u00e1nime realizar un cese de comercializaci\u00f3n\u00a0que involucrar\u00e1 a todos los asociados de las cuatro entidades (SRA, CRA, FAA y Coninagro)<strong>.\u00a0<\/strong><\/p>\n\n\n\n<div class=\"wp-block-image\"><figure class=\"aligncenter size-medium\"><img decoding=\"async\" src=\"http:\/\/infoecos.com.ar\/wp-content\/uploads\/11-02-19-460x305.jpg\" alt=\"\" class=\"wp-image-53990\"\/><figcaption>Ma\u00edz<\/figcaption><\/figure><\/div>\n\n\n\n<p class=\"wp-block-paragraph\">Cabe destacar que\u00a0la reuni\u00f3n qued\u00f3 en \u201ccuarto intermedio\u201d y hoy martes a las 17 horas se volver\u00e1n a juntar los representantes de las entidades\u00a0para definir los tiempos y formas del paro. <\/p>\n\n\n\n<p class=\"wp-block-paragraph\">\u201cLa Comisi\u00f3n de Enlace de Entidades Agropecuarias, en su reuni\u00f3n del d\u00eda de la fecha, evalu\u00f3 la medida que comprende el cierre del registro de exportaci\u00f3n de ma\u00edz dispuesto por el gobierno nacional, anuncio que se suma a un conjunto de pol\u00edticas perjudiciales para el campo, implementadas a lo largo del a\u00f1o que acaba de concluir\u201d, indicaron Confederaciones Rurales (CRA), Coninagro, Federaci\u00f3n Agraria (FAA) y Sociedad Rural Argentina (SRA) por medio de un comunicado.<\/p>\n\n\n\n<p class=\"wp-block-paragraph\">\u201cEn rigor, hemos decidido un cuarto intermedio de esta Comisi\u00f3n hasta este martes a las 17:00 horas, con el prop\u00f3sito de realizar las consultas internas en el seno de cada instituci\u00f3n con el objeto de tomar una definici\u00f3n sobre las acciones por seguir\u201d, a\u00f1adi\u00f3.<\/p>\n","protected":false},"excerpt":{"rendered":"<p>La Comisi\u00f3n de Enlace de Entidades Agropecuarias decidi\u00f3 de forma un\u00e1nime realizar un cese de comercializaci\u00f3n que involucrar\u00e1 a todos los asociados de las cuatro entidades (SRA, CRA, FAA y Coninagro)<\/p>\n","protected":false},"author":2,"featured_media":53990,"comment_status":"closed","ping_status":"open","sticky":false,"template":"","format":"standard","meta":{"footnotes":""},"categories":[24],"tags":[2531],"class_list":["post-72245","post","type-post","status-publish","format-standard","has-post-thumbnail","hentry","category-c1nota3","tag-conflicto-gobierno-campo"],"featured_image_urls":{"full":"","thumbnail":"","medium":"","medium_large":"","large":"","1536x1536":"","2048x2048":"","covernews-slider-full":"","covernews-slider-center":"","covernews-featured":"","covernews-medium":"","covernews-medium-square":""},"author_info":{"info":["Jorge Matheus"]},"category_info":"<a href=\"https:\/\/infoecos.com.ar\/index.php\/category\/c1nota3\/\" rel=\"category tag\">C1 N3<\/a>","tag_info":"C1 N3","comment_count":"0","_links":{"self":[{"href":"https:\/\/infoecos.com.ar\/index.php\/wp-json\/wp\/v2\/posts\/72245","targetHints":{"allow":["GET"]}}],"collection":[{"href":"https:\/\/infoecos.com.ar\/index.php\/wp-json\/wp\/v2\/posts"}],"about":[{"href":"https:\/\/infoecos.com.ar\/index.php\/wp-json\/wp\/v2\/types\/post"}],"author":[{"embeddable":true,"href":"https:\/\/infoecos.com.ar\/index.php\/wp-json\/wp\/v2\/users\/2"}],"replies":[{"embeddable":true,"href":"https:\/\/infoecos.com.ar\/index.php\/wp-json\/wp\/v2\/comments?post=72245"}],"version-history":[{"count":1,"href":"https:\/\/infoecos.com.ar\/index.php\/wp-json\/wp\/v2\/posts\/72245\/revisions"}],"predecessor-version":[{"id":72246,"href":"https:\/\/infoecos.com.ar\/index.php\/wp-json\/wp\/v2\/posts\/72245\/revisions\/72246"}],"wp:attachment":[{"href":"https:\/\/infoecos.com.ar\/index.php\/wp-json\/wp\/v2\/media?parent=72245"}],"wp:term":[{"taxonomy":"category","embeddable":true,"href":"https:\/\/infoecos.com.ar\/index.php\/wp-json\/wp\/v2\/categories?post=72245"},{"taxonomy":"post_tag","embeddable":true,"href":"https:\/\/infoecos.com.ar\/index.php\/wp-json\/wp\/v2\/tags?post=72245"}],"curies":[{"name":"wp","href":"https:\/\/api.w.org\/{rel}","templated":true}]}}