{"id":72247,"date":"2021-01-05T01:54:17","date_gmt":"2021-01-05T04:54:17","guid":{"rendered":"http:\/\/infoecos.com.ar\/?p=72247"},"modified":"2021-01-05T01:54:21","modified_gmt":"2021-01-05T04:54:21","slug":"el-municipio-de-rivadavia-reporto-este-lunes-18-nuevos-casos","status":"publish","type":"post","link":"https:\/\/infoecos.com.ar\/index.php\/el-municipio-de-rivadavia-reporto-este-lunes-18-nuevos-casos\/","title":{"rendered":"El municipio de Rivadavia report\u00f3, este lunes, 18 nuevos casos"},"content":{"rendered":"\n<p class=\"wp-block-paragraph\">La Municipalidad de Rivadavia inform\u00f3 este lunes que registr\u00f3 18 casos de COVID-19, lo que es un nuevo r\u00e9cord para una sola jornada. El r\u00e9cord anterior fue el 28 de diciembre de 2020,\u00a0con 13 casos positivos.<\/p>\n\n\n\n<div class=\"wp-block-image\"><figure class=\"aligncenter size-medium\"><img loading=\"lazy\" decoding=\"async\" width=\"460\" height=\"460\" src=\"http:\/\/infoecos.com.ar\/wp-content\/uploads\/2021\/01\/REPORTERIVADAVIA-460x460.jpg\" alt=\"\" class=\"wp-image-72248\" srcset=\"https:\/\/infoecos.com.ar\/wp-content\/uploads\/2021\/01\/REPORTERIVADAVIA-460x460.jpg 460w, https:\/\/infoecos.com.ar\/wp-content\/uploads\/2021\/01\/REPORTERIVADAVIA-150x150.jpg 150w, https:\/\/infoecos.com.ar\/wp-content\/uploads\/2021\/01\/REPORTERIVADAVIA.jpg 526w\" sizes=\"auto, (max-width: 460px) 100vw, 460px\" \/><\/figure><\/div>\n\n\n\n<p class=\"wp-block-paragraph\">Del total de nuevos casos hay 12 que corresponden a Am\u00e9rica (6 de ellos fueron diagnosticados por criterio cl\u00ednico epidemiol\u00f3gico), &nbsp;5 a Fort\u00edn Olavarr\u00eda y 1 a Roosevelt. &nbsp;El total acumulado de casos en el distrito es de 366. &nbsp;Los activos est\u00e1n en 50. Adem\u00e1s, se registraron 14 hisopados negativos.<\/p>\n\n\n\n<p class=\"wp-block-paragraph\">Hubo 6 pacientes que recibieron el alta. Los recuperados suman 313. Se inform\u00f3 sobre 17 casos en estudio. Los vecinos en aislamiento preventivo son 293.<\/p>\n","protected":false},"excerpt":{"rendered":"<p>Es un nuevo r\u00e9cord para una sola jornada. El r\u00e9cord anterior fue el 28 de diciembre de 2020, con 13 casos positivos<\/p>\n","protected":false},"author":2,"featured_media":68682,"comment_status":"closed","ping_status":"open","sticky":false,"template":"","format":"standard","meta":{"footnotes":""},"categories":[198],"tags":[2532],"class_list":["post-72247","post","type-post","status-publish","format-standard","has-post-thumbnail","hentry","category-c1nota5","tag-se-eleva-la-estadistica"],"featured_image_urls":{"full":["https:\/\/infoecos.com.ar\/wp-content\/uploads\/2020\/09\/america.jpg",1024,683,false],"thumbnail":["https:\/\/infoecos.com.ar\/wp-content\/uploads\/2020\/09\/america-150x150.jpg",150,150,true],"medium":["https:\/\/infoecos.com.ar\/wp-content\/uploads\/2020\/09\/america-460x307.jpg",460,307,true],"medium_large":["https:\/\/infoecos.com.ar\/wp-content\/uploads\/2020\/09\/america-768x512.jpg",640,427,true],"large":["https:\/\/infoecos.com.ar\/wp-content\/uploads\/2020\/09\/america-920x614.jpg",640,427,true],"1536x1536":["https:\/\/infoecos.com.ar\/wp-content\/uploads\/2020\/09\/america.jpg",1024,683,false],"2048x2048":["https:\/\/infoecos.com.ar\/wp-content\/uploads\/2020\/09\/america.jpg",1024,683,false],"covernews-slider-full":["https:\/\/infoecos.com.ar\/wp-content\/uploads\/2020\/09\/america.jpg",1024,683,false],"covernews-slider-center":["https:\/\/infoecos.com.ar\/wp-content\/uploads\/2020\/09\/america-936x683.jpg",685,500,true],"covernews-featured":["https:\/\/infoecos.com.ar\/wp-content\/uploads\/2020\/09\/america.jpg",1024,683,false],"covernews-medium":["https:\/\/infoecos.com.ar\/wp-content\/uploads\/2020\/09\/america-720x380.jpg",540,285,true],"covernews-medium-square":["https:\/\/infoecos.com.ar\/wp-content\/uploads\/2020\/09\/america-675x450.jpg",375,250,true]},"author_info":{"info":["Jorge Matheus"]},"category_info":"<a href=\"https:\/\/infoecos.com.ar\/index.php\/category\/c1nota5\/\" rel=\"category tag\">C1 nota 5<\/a>","tag_info":"C1 nota 5","comment_count":"0","_links":{"self":[{"href":"https:\/\/infoecos.com.ar\/index.php\/wp-json\/wp\/v2\/posts\/72247","targetHints":{"allow":["GET"]}}],"collection":[{"href":"https:\/\/infoecos.com.ar\/index.php\/wp-json\/wp\/v2\/posts"}],"about":[{"href":"https:\/\/infoecos.com.ar\/index.php\/wp-json\/wp\/v2\/types\/post"}],"author":[{"embeddable":true,"href":"https:\/\/infoecos.com.ar\/index.php\/wp-json\/wp\/v2\/users\/2"}],"replies":[{"embeddable":true,"href":"https:\/\/infoecos.com.ar\/index.php\/wp-json\/wp\/v2\/comments?post=72247"}],"version-history":[{"count":1,"href":"https:\/\/infoecos.com.ar\/index.php\/wp-json\/wp\/v2\/posts\/72247\/revisions"}],"predecessor-version":[{"id":72249,"href":"https:\/\/infoecos.com.ar\/index.php\/wp-json\/wp\/v2\/posts\/72247\/revisions\/72249"}],"wp:featuredmedia":[{"embeddable":true,"href":"https:\/\/infoecos.com.ar\/index.php\/wp-json\/wp\/v2\/media\/68682"}],"wp:attachment":[{"href":"https:\/\/infoecos.com.ar\/index.php\/wp-json\/wp\/v2\/media?parent=72247"}],"wp:term":[{"taxonomy":"category","embeddable":true,"href":"https:\/\/infoecos.com.ar\/index.php\/wp-json\/wp\/v2\/categories?post=72247"},{"taxonomy":"post_tag","embeddable":true,"href":"https:\/\/infoecos.com.ar\/index.php\/wp-json\/wp\/v2\/tags?post=72247"}],"curies":[{"name":"wp","href":"https:\/\/api.w.org\/{rel}","templated":true}]}}