{"id":72268,"date":"2021-01-05T15:18:19","date_gmt":"2021-01-05T18:18:19","guid":{"rendered":"http:\/\/infoecos.com.ar\/?p=72268"},"modified":"2021-01-05T16:38:27","modified_gmt":"2021-01-05T19:38:27","slug":"trenque-lauquen-pellegrini-y-salliquelo-recibieron-las-primeras-dosis-de-la-sputnik-v","status":"publish","type":"post","link":"https:\/\/infoecos.com.ar\/index.php\/trenque-lauquen-pellegrini-y-salliquelo-recibieron-las-primeras-dosis-de-la-sputnik-v\/","title":{"rendered":"Trenque Lauquen, Pellegrini y Salliquel\u00f3 recibieron las dosis de la Sputnik V"},"content":{"rendered":"\n<p class=\"wp-block-paragraph\">Ya est\u00e1n en Trenque Lauquen las primeras 450 dosis de la vacuna Sputnik V contra el virus Covid-19.<\/p>\n\n\n\n<div class=\"wp-block-image\"><figure class=\"aligncenter size-medium\"><img loading=\"lazy\" decoding=\"async\" width=\"460\" height=\"345\" src=\"http:\/\/infoecos.com.ar\/wp-content\/uploads\/2021\/01\/Vacunas-460x345.jpeg\" alt=\"\" class=\"wp-image-72269\" srcset=\"https:\/\/infoecos.com.ar\/wp-content\/uploads\/2021\/01\/Vacunas-460x345.jpeg 460w, https:\/\/infoecos.com.ar\/wp-content\/uploads\/2021\/01\/Vacunas-920x690.jpeg 920w, https:\/\/infoecos.com.ar\/wp-content\/uploads\/2021\/01\/Vacunas-768x576.jpeg 768w, https:\/\/infoecos.com.ar\/wp-content\/uploads\/2021\/01\/Vacunas-1024x768.jpeg 1024w, https:\/\/infoecos.com.ar\/wp-content\/uploads\/2021\/01\/Vacunas.jpeg 1280w\" sizes=\"auto, (max-width: 460px) 100vw, 460px\" \/><\/figure><\/div>\n\n\n\n<p class=\"wp-block-paragraph\">Fueron recibidas por el subsecretario de Salud municipal, Dr. Sergio Valente, y la responsable del \u00e1rea de Vacunaci\u00f3n, Dra. Mar\u00eda Teste, despu\u00e9s de la medianoche.<\/p>\n\n\n\n<p class=\"wp-block-paragraph\">Llegaron, tal como se hab\u00eda adelantado, en un operativo de traslado especial realizado por la Jefatura Departamental de la Polic\u00eda. <\/p>\n\n\n\n<p class=\"wp-block-paragraph\">En esta primera etapa est\u00e1n destinadas al personal de Salud que se haya registrado de manera voluntaria para recibir su aplicaci\u00f3n.<\/p>\n\n\n\n<div class=\"wp-block-image\"><figure class=\"aligncenter size-medium\"><img loading=\"lazy\" decoding=\"async\" width=\"460\" height=\"404\" src=\"http:\/\/infoecos.com.ar\/wp-content\/uploads\/2021\/01\/pachecosputnik-460x404.jpg\" alt=\"\" class=\"wp-image-72270\" srcset=\"https:\/\/infoecos.com.ar\/wp-content\/uploads\/2021\/01\/pachecosputnik-460x404.jpg 460w, https:\/\/infoecos.com.ar\/wp-content\/uploads\/2021\/01\/pachecosputnik-920x808.jpg 920w, https:\/\/infoecos.com.ar\/wp-content\/uploads\/2021\/01\/pachecosputnik-768x674.jpg 768w, https:\/\/infoecos.com.ar\/wp-content\/uploads\/2021\/01\/pachecosputnik-1536x1349.jpg 1536w, https:\/\/infoecos.com.ar\/wp-content\/uploads\/2021\/01\/pachecosputnik-1024x899.jpg 1024w, https:\/\/infoecos.com.ar\/wp-content\/uploads\/2021\/01\/pachecosputnik.jpg 1820w\" sizes=\"auto, (max-width: 460px) 100vw, 460px\" \/><figcaption>Pacheco, Guillermo (intendente de Pellegrini) y Ben\u00edtez, Fabia (Directora de Salud)<\/figcaption><\/figure><\/div>\n\n\n\n<p class=\"wp-block-paragraph\">Tambi\u00e9n recibieron las dosis los distritos de Pellegrini y Salliquel\u00f3. Estuvieron presentes los intendentes municipales, Guillermo Pacheco y Juan Miguel Nosetti, respectivamente. En el caso de Trenque Lauquen, la ausencia del mandatario comunal se debi\u00f3 a que est\u00e1 cumpliendo con aislamiento obligatorio, como consecuencia de estar contagiada por el COVID-19 su se\u00f1ora esposa, profesional m\u00e9dica que pertenece al \u00e1rea de salud del municipio. <\/p>\n\n\n\n<div class=\"wp-block-image\"><figure class=\"aligncenter size-medium\"><img loading=\"lazy\" decoding=\"async\" width=\"460\" height=\"307\" src=\"http:\/\/infoecos.com.ar\/wp-content\/uploads\/2021\/01\/salliquelosputnik-460x307.jpg\" alt=\"\" class=\"wp-image-72271\" srcset=\"https:\/\/infoecos.com.ar\/wp-content\/uploads\/2021\/01\/salliquelosputnik-460x307.jpg 460w, https:\/\/infoecos.com.ar\/wp-content\/uploads\/2021\/01\/salliquelosputnik-920x613.jpg 920w, https:\/\/infoecos.com.ar\/wp-content\/uploads\/2021\/01\/salliquelosputnik-768x512.jpg 768w, https:\/\/infoecos.com.ar\/wp-content\/uploads\/2021\/01\/salliquelosputnik-1536x1024.jpg 1536w, https:\/\/infoecos.com.ar\/wp-content\/uploads\/2021\/01\/salliquelosputnik-1024x683.jpg 1024w, https:\/\/infoecos.com.ar\/wp-content\/uploads\/2021\/01\/salliquelosputnik-675x450.jpg 675w, https:\/\/infoecos.com.ar\/wp-content\/uploads\/2021\/01\/salliquelosputnik.jpg 1566w\" sizes=\"auto, (max-width: 460px) 100vw, 460px\" \/><figcaption>Nosetii, Juan Miguel (intendente de Salliquel\u00f3)<\/figcaption><\/figure><\/div>\n\n\n\n<p class=\"wp-block-paragraph\"><\/p>\n","protected":false},"excerpt":{"rendered":"<p>En esta primera etapa est\u00e1n destinadas al personal de Salud que se haya registrado de manera voluntaria para recibir su aplicaci\u00f3n<\/p>\n","protected":false},"author":2,"featured_media":72272,"comment_status":"closed","ping_status":"open","sticky":false,"template":"","format":"standard","meta":{"footnotes":""},"categories":[1613],"tags":[1785],"class_list":["post-72268","post","type-post","status-publish","format-standard","has-post-thumbnail","hentry","category-noticia-secundaria","tag-coronavirus"],"featured_image_urls":{"full":["https:\/\/infoecos.com.ar\/wp-content\/uploads\/2021\/01\/Vacunas-4.jpeg",1040,780,false],"thumbnail":["https:\/\/infoecos.com.ar\/wp-content\/uploads\/2021\/01\/Vacunas-4-150x150.jpeg",150,150,true],"medium":["https:\/\/infoecos.com.ar\/wp-content\/uploads\/2021\/01\/Vacunas-4-460x345.jpeg",460,345,true],"medium_large":["https:\/\/infoecos.com.ar\/wp-content\/uploads\/2021\/01\/Vacunas-4-768x576.jpeg",640,480,true],"large":["https:\/\/infoecos.com.ar\/wp-content\/uploads\/2021\/01\/Vacunas-4-920x690.jpeg",640,480,true],"1536x1536":["https:\/\/infoecos.com.ar\/wp-content\/uploads\/2021\/01\/Vacunas-4.jpeg",1040,780,false],"2048x2048":["https:\/\/infoecos.com.ar\/wp-content\/uploads\/2021\/01\/Vacunas-4.jpeg",1040,780,false],"covernews-slider-full":["https:\/\/infoecos.com.ar\/wp-content\/uploads\/2021\/01\/Vacunas-4.jpeg",953,715,false],"covernews-slider-center":["https:\/\/infoecos.com.ar\/wp-content\/uploads\/2021\/01\/Vacunas-4-936x780.jpeg",600,500,true],"covernews-featured":["https:\/\/infoecos.com.ar\/wp-content\/uploads\/2021\/01\/Vacunas-4-1024x768.jpeg",1024,768,true],"covernews-medium":["https:\/\/infoecos.com.ar\/wp-content\/uploads\/2021\/01\/Vacunas-4-720x380.jpeg",540,285,true],"covernews-medium-square":["https:\/\/infoecos.com.ar\/wp-content\/uploads\/2021\/01\/Vacunas-4-675x450.jpeg",375,250,true]},"author_info":{"info":["Jorge Matheus"]},"category_info":"<a href=\"https:\/\/infoecos.com.ar\/index.php\/category\/noticia-secundaria\/\" rel=\"category tag\">Noticia Secundaria<\/a>","tag_info":"Noticia Secundaria","comment_count":"0","_links":{"self":[{"href":"https:\/\/infoecos.com.ar\/index.php\/wp-json\/wp\/v2\/posts\/72268","targetHints":{"allow":["GET"]}}],"collection":[{"href":"https:\/\/infoecos.com.ar\/index.php\/wp-json\/wp\/v2\/posts"}],"about":[{"href":"https:\/\/infoecos.com.ar\/index.php\/wp-json\/wp\/v2\/types\/post"}],"author":[{"embeddable":true,"href":"https:\/\/infoecos.com.ar\/index.php\/wp-json\/wp\/v2\/users\/2"}],"replies":[{"embeddable":true,"href":"https:\/\/infoecos.com.ar\/index.php\/wp-json\/wp\/v2\/comments?post=72268"}],"version-history":[{"count":2,"href":"https:\/\/infoecos.com.ar\/index.php\/wp-json\/wp\/v2\/posts\/72268\/revisions"}],"predecessor-version":[{"id":72287,"href":"https:\/\/infoecos.com.ar\/index.php\/wp-json\/wp\/v2\/posts\/72268\/revisions\/72287"}],"wp:featuredmedia":[{"embeddable":true,"href":"https:\/\/infoecos.com.ar\/index.php\/wp-json\/wp\/v2\/media\/72272"}],"wp:attachment":[{"href":"https:\/\/infoecos.com.ar\/index.php\/wp-json\/wp\/v2\/media?parent=72268"}],"wp:term":[{"taxonomy":"category","embeddable":true,"href":"https:\/\/infoecos.com.ar\/index.php\/wp-json\/wp\/v2\/categories?post=72268"},{"taxonomy":"post_tag","embeddable":true,"href":"https:\/\/infoecos.com.ar\/index.php\/wp-json\/wp\/v2\/tags?post=72268"}],"curies":[{"name":"wp","href":"https:\/\/api.w.org\/{rel}","templated":true}]}}