{"id":72288,"date":"2021-01-06T00:00:52","date_gmt":"2021-01-06T03:00:52","guid":{"rendered":"http:\/\/infoecos.com.ar\/?p=72288"},"modified":"2021-01-06T00:00:59","modified_gmt":"2021-01-06T03:00:59","slug":"otras-151-personas-murieron-y-13-790-fueron-reportadas-con-coronavirus-en-las-ultimas-24-horas-en-la-argentina","status":"publish","type":"post","link":"https:\/\/infoecos.com.ar\/index.php\/otras-151-personas-murieron-y-13-790-fueron-reportadas-con-coronavirus-en-las-ultimas-24-horas-en-la-argentina\/","title":{"rendered":"Otras 151 personas murieron y 13.790 fueron reportadas con coronavirus en las \u00faltimas 24 horas en la Argentina"},"content":{"rendered":"\n<p class=\"wp-block-paragraph\"><strong>Otras 151 personas murieron y 13.790 fueron reportadas con coronavirus en las \u00faltimas 24 horas en la Argentina, con lo que suman 43.785 los fallecidos registrados oficialmente a nivel nacional y 1.662.730 los contagiados desde el inicio de la pandemia, inform\u00f3 este martes el Ministerio de Salud.<\/strong><\/p>\n\n\n\n<div class=\"wp-block-image\"><figure class=\"aligncenter size-medium\"><img loading=\"lazy\" decoding=\"async\" width=\"460\" height=\"259\" src=\"http:\/\/infoecos.com.ar\/wp-content\/uploads\/coronavirust-460x259.jpg\" alt=\"\" class=\"wp-image-61804\" srcset=\"https:\/\/infoecos.com.ar\/wp-content\/uploads\/coronavirust-460x259.jpg 460w, https:\/\/infoecos.com.ar\/wp-content\/uploads\/coronavirust-920x518.jpg 920w, https:\/\/infoecos.com.ar\/wp-content\/uploads\/coronavirust-768x432.jpg 768w, https:\/\/infoecos.com.ar\/wp-content\/uploads\/coronavirust.jpg 1004w\" sizes=\"auto, (max-width: 460px) 100vw, 460px\" \/><\/figure><\/div>\n\n\n\n<p class=\"wp-block-paragraph\">La cartera sanitaria indic\u00f3 que son 3.460 los internados en unidades de terapia intensiva, con un porcentaje de ocupaci\u00f3n de camas de adultos de 54% en el pa\u00eds y del 58,1% en la \u00c1rea Metropolitana Buenos Aires.<\/p>\n\n\n\n<p class=\"wp-block-paragraph\">Un 49,77% (6.864 personas) de los infectados de este martes (13.790) corresponden a la Ciudad y a la Provincia de Buenos Aires.<\/p>\n\n\n\n<p class=\"wp-block-paragraph\"><strong>De los 1.662.730 contagiados, el 88,2% (1.466.616) recibi\u00f3 el alta y 152.329 son casos confirmados activos.<\/strong><\/p>\n","protected":false},"excerpt":{"rendered":"<p>La cartera sanitaria indic\u00f3 que son 3.460 los internados en unidades de terapia intensiva, con un porcentaje de ocupaci\u00f3n de camas de adultos de 54% en el pa\u00eds y del 58,1% en la \u00c1rea Metropolitana Buenos Aires<\/p>\n","protected":false},"author":2,"featured_media":61804,"comment_status":"closed","ping_status":"open","sticky":false,"template":"","format":"standard","meta":{"footnotes":""},"categories":[45],"tags":[156],"class_list":["post-72288","post","type-post","status-publish","format-standard","has-post-thumbnail","hentry","category-c1nota2","tag-salud"],"featured_image_urls":{"full":["https:\/\/infoecos.com.ar\/wp-content\/uploads\/coronavirust.jpg",1004,565,false],"thumbnail":["https:\/\/infoecos.com.ar\/wp-content\/uploads\/coronavirust-150x150.jpg",150,150,true],"medium":["https:\/\/infoecos.com.ar\/wp-content\/uploads\/coronavirust-460x259.jpg",460,259,true],"medium_large":["https:\/\/infoecos.com.ar\/wp-content\/uploads\/coronavirust-768x432.jpg",640,360,true],"large":["https:\/\/infoecos.com.ar\/wp-content\/uploads\/coronavirust-920x518.jpg",640,360,true],"1536x1536":["https:\/\/infoecos.com.ar\/wp-content\/uploads\/coronavirust.jpg",1004,565,false],"2048x2048":["https:\/\/infoecos.com.ar\/wp-content\/uploads\/coronavirust.jpg",1004,565,false],"covernews-slider-full":["https:\/\/infoecos.com.ar\/wp-content\/uploads\/coronavirust.jpg",1004,565,false],"covernews-slider-center":["https:\/\/infoecos.com.ar\/wp-content\/uploads\/coronavirust-936x565.jpg",800,483,true],"covernews-featured":["https:\/\/infoecos.com.ar\/wp-content\/uploads\/coronavirust.jpg",1004,565,false],"covernews-medium":["https:\/\/infoecos.com.ar\/wp-content\/uploads\/coronavirust-720x380.jpg",540,285,true],"covernews-medium-square":["https:\/\/infoecos.com.ar\/wp-content\/uploads\/coronavirust-675x450.jpg",375,250,true]},"author_info":{"info":["Jorge Matheus"]},"category_info":"<a href=\"https:\/\/infoecos.com.ar\/index.php\/category\/c1nota2\/\" rel=\"category tag\">C1 N2<\/a>","tag_info":"C1 N2","comment_count":"0","_links":{"self":[{"href":"https:\/\/infoecos.com.ar\/index.php\/wp-json\/wp\/v2\/posts\/72288","targetHints":{"allow":["GET"]}}],"collection":[{"href":"https:\/\/infoecos.com.ar\/index.php\/wp-json\/wp\/v2\/posts"}],"about":[{"href":"https:\/\/infoecos.com.ar\/index.php\/wp-json\/wp\/v2\/types\/post"}],"author":[{"embeddable":true,"href":"https:\/\/infoecos.com.ar\/index.php\/wp-json\/wp\/v2\/users\/2"}],"replies":[{"embeddable":true,"href":"https:\/\/infoecos.com.ar\/index.php\/wp-json\/wp\/v2\/comments?post=72288"}],"version-history":[{"count":1,"href":"https:\/\/infoecos.com.ar\/index.php\/wp-json\/wp\/v2\/posts\/72288\/revisions"}],"predecessor-version":[{"id":72289,"href":"https:\/\/infoecos.com.ar\/index.php\/wp-json\/wp\/v2\/posts\/72288\/revisions\/72289"}],"wp:featuredmedia":[{"embeddable":true,"href":"https:\/\/infoecos.com.ar\/index.php\/wp-json\/wp\/v2\/media\/61804"}],"wp:attachment":[{"href":"https:\/\/infoecos.com.ar\/index.php\/wp-json\/wp\/v2\/media?parent=72288"}],"wp:term":[{"taxonomy":"category","embeddable":true,"href":"https:\/\/infoecos.com.ar\/index.php\/wp-json\/wp\/v2\/categories?post=72288"},{"taxonomy":"post_tag","embeddable":true,"href":"https:\/\/infoecos.com.ar\/index.php\/wp-json\/wp\/v2\/tags?post=72288"}],"curies":[{"name":"wp","href":"https:\/\/api.w.org\/{rel}","templated":true}]}}