{"id":72290,"date":"2021-01-06T00:16:43","date_gmt":"2021-01-06T03:16:43","guid":{"rendered":"http:\/\/infoecos.com.ar\/?p=72290"},"modified":"2021-01-06T00:16:45","modified_gmt":"2021-01-06T03:16:45","slug":"marta-cohen-sobre-la-situacion-en-gran-bretana-y-que-deberia-hacerse-en-argentina","status":"publish","type":"post","link":"https:\/\/infoecos.com.ar\/index.php\/marta-cohen-sobre-la-situacion-en-gran-bretana-y-que-deberia-hacerse-en-argentina\/","title":{"rendered":"Marta Cohen sobre la situaci\u00f3n en Gran Breta\u00f1a y que deber\u00eda hacerse en Argentina"},"content":{"rendered":"\n<p>La m\u00e9dica argentina, oriunda de Trenque Lauquen, y residente brit\u00e1nica\u00a0<strong>Marta Cohen<\/strong>\u00a0sostuvo que \u201c<strong>la nueva variante del virus es muy contagiosa entre gente joven, cosa que la anterior no<\/strong>\u201c.<\/p>\n\n\n\n<div class=\"wp-block-image\"><figure class=\"aligncenter size-medium\"><img loading=\"lazy\" decoding=\"async\" width=\"460\" height=\"286\" src=\"http:\/\/infoecos.com.ar\/wp-content\/uploads\/2021\/01\/cohenmarta-460x286.jpg\" alt=\"\" class=\"wp-image-72291\" srcset=\"https:\/\/infoecos.com.ar\/wp-content\/uploads\/2021\/01\/cohenmarta-460x286.jpg 460w, https:\/\/infoecos.com.ar\/wp-content\/uploads\/2021\/01\/cohenmarta-920x571.jpg 920w, https:\/\/infoecos.com.ar\/wp-content\/uploads\/2021\/01\/cohenmarta-768x477.jpg 768w, https:\/\/infoecos.com.ar\/wp-content\/uploads\/2021\/01\/cohenmarta-1024x636.jpg 1024w, https:\/\/infoecos.com.ar\/wp-content\/uploads\/2021\/01\/cohenmarta.jpg 1409w\" sizes=\"(max-width: 460px) 100vw, 460px\" \/><\/figure><\/div>\n\n\n\n<p>\u201cEl nivel de casos ha incrementado a un nivel incre\u00edble. Se ha sobrepasado el nivel de casos de la primera ola. Ya han habido seis d\u00edas consecutivos de m\u00e1s de 50.000\u201d, se\u00f1al\u00f3 en\u00a0Radio Mitre.<\/p>\n\n\n\n<p>Al mismo tiempo, Cohen manifest\u00f3 que las medidas de restricci\u00f3n impuestas por las autoridades en Gran Breta\u00f1a \u201cson muy estrictas y ac\u00e1 no hay fiestas ilegales porque uno corre el riesgo de ir preso\u201d.<\/p>\n\n\n\n<p>La pat\u00f3loga subray\u00f3 que los ciudadanos deben seguir aplicando las medidas b\u00e1sicas de cuidado -lavado de manos, barbijo y distancia social- e inst\u00f3 a que se manejen \u201c<strong>como si cada uno tuviera la infecci\u00f3n y con ese cuidado de no contagiar<\/strong>\u201c.<\/p>\n\n\n\n<p>Sobre la variaci\u00f3n del coronavirus que se disemin\u00f3 por Gran Breta\u00f1a, la entrevistada explic\u00f3 que \u201c<strong>tiene un 70% m\u00e1s de posibilidad de contagio que antes<\/strong>\u201c.<\/p>\n\n\n\n<p>\u201cCon menos carga viral, ingresa m\u00e1s f\u00e1cilmente. Las medidas que hicimos hasta ahora son pocas. Es por eso que las restricciones es quedarse en la casa. Se puede salir solamente para ir caminar, al doctor, a comprar y para trabajar si uno es trabajador esencial\u201d, agreg\u00f3.<\/p>\n\n\n\n<p><strong>A la hora de analizar el escenario en nuestro pa\u00eds, Marta Cohen dictamin\u00f3 que \u201cla Argentina tiene que tomar medidas inmediatamente\u201d.<\/strong><\/p>\n\n\n\n<p>\u201cAqu\u00ed la tercera ola es muy dura, mucho m\u00e1s que la primera. En Europa durante el verano pr\u00e1cticamente no hab\u00eda casos. Ahora el verano latinoamericano est\u00e1 muy mal.<strong>&nbsp;\u00bfC\u00f3mo va a ser entonces esa segunda ola? Potencialmente peor que la europea<\/strong>\u201c, vaticin\u00f3.<\/p>\n\n\n\n<p>En ese sentido, Cohen admiti\u00f3 no entender \u201cc\u00f3mo pueden estar abiertos los casinos, los boliches bailables y los padres que saben que sus hijos van a fiestas ilegales\u201d.<\/p>\n\n\n\n<p>Para la experta, el gobierno nacional deber\u00eda endurecer las restricciones, cerrar distintos establecimientos de diversos rubros y ofrecer asistencia econ\u00f3mica con el objeto de asegurar la subsistencia de esos comercios.<\/p>\n\n\n\n<p>\u201cTiene que haber un buen paquete social por detr\u00e1s apoyando las medidas basadas en la salud. Por otro lado, la gente tiene que mostrar una responsabilidad que yo no veo en muchos argentinos. Sobre todo en los j\u00f3venes que se toman esto como si fuera una joda\u201d, asever\u00f3.<\/p>\n\n\n\n<p>Seg\u00fan la m\u00e9dica pediatra, m\u00e1s all\u00e1 de las vacunas, el correcto uso del barbijo, la higiene y el distanciamiento social, los testeos masivos son determinantes para controlar la diseminaci\u00f3n del coronavirus.<\/p>\n\n\n\n<p>\u201c<strong>Los gobiernos tienen hacer much\u00edsimos testeos. Cuando m\u00e1s del 10% de los tests son positivos, quieren decir que el n\u00famero es insuficiente. La ciencia sabe que el 80% de casos que circulan de coronavirus son asintom\u00e1ticos. C\u00f3mo vamos a captar a los asintom\u00e1ticos si solo se testean los sintom\u00e1ticos? As\u00ed nunca se va a enlentecer la transmisi\u00f3n del virus\u201d, concluy\u00f3 Marta Cohen.<\/strong><\/p>\n","protected":false},"excerpt":{"rendered":"<p>Cohen admiti\u00f3 no entender \u201cc\u00f3mo pueden estar abiertos los casinos, los boliches bailables y los padres que saben que sus hijos van a fiestas ilegales\u201d<\/p>\n","protected":false},"author":2,"featured_media":72291,"comment_status":"closed","ping_status":"open","sticky":false,"template":"","format":"standard","meta":{"footnotes":""},"categories":[46],"tags":[2538],"class_list":["post-72290","post","type-post","status-publish","format-standard","has-post-thumbnail","hentry","category-c2nota2","tag-declaraciones-a-radio-mitre"],"yoast_head":"<!-- This site is optimized with the Yoast SEO plugin v23.4 - https:\/\/yoast.com\/wordpress\/plugins\/seo\/ -->\n<title>Marta Cohen sobre la situaci\u00f3n en Gran Breta\u00f1a y que deber\u00eda hacerse en Argentina - Infoecos<\/title>\n<meta name=\"robots\" content=\"index, follow, max-snippet:-1, max-image-preview:large, max-video-preview:-1\" \/>\n<link rel=\"canonical\" href=\"https:\/\/infoecos.com.ar\/index.php\/marta-cohen-sobre-la-situacion-en-gran-bretana-y-que-deberia-hacerse-en-argentina\/\" \/>\n<meta property=\"og:locale\" content=\"es_ES\" \/>\n<meta property=\"og:type\" content=\"article\" \/>\n<meta property=\"og:title\" content=\"Marta Cohen sobre la situaci\u00f3n en Gran Breta\u00f1a y que deber\u00eda hacerse en Argentina - Infoecos\" \/>\n<meta property=\"og:description\" content=\"Cohen admiti\u00f3 no entender \u201cc\u00f3mo pueden estar abiertos los casinos, los boliches bailables y los padres que saben que sus hijos van a fiestas ilegales\u201d\" \/>\n<meta property=\"og:url\" content=\"https:\/\/infoecos.com.ar\/index.php\/marta-cohen-sobre-la-situacion-en-gran-bretana-y-que-deberia-hacerse-en-argentina\/\" \/>\n<meta property=\"og:site_name\" content=\"Infoecos\" \/>\n<meta property=\"article:publisher\" content=\"https:\/\/www.facebook.com\/profile.php?id=100063200290284\" \/>\n<meta property=\"article:published_time\" content=\"2021-01-06T03:16:43+00:00\" \/>\n<meta property=\"article:modified_time\" content=\"2021-01-06T03:16:45+00:00\" \/>\n<meta property=\"og:image\" content=\"https:\/\/infoecos.com.ar\/wp-content\/uploads\/2021\/01\/cohenmarta.jpg\" \/>\n\t<meta property=\"og:image:width\" content=\"1409\" \/>\n\t<meta property=\"og:image:height\" content=\"875\" \/>\n\t<meta property=\"og:image:type\" content=\"image\/jpeg\" \/>\n<meta name=\"author\" content=\"Jorge Matheus\" \/>\n<meta name=\"twitter:card\" content=\"summary_large_image\" \/>\n<meta name=\"twitter:creator\" content=\"@infoecos\" \/>\n<meta name=\"twitter:site\" content=\"@infoecos\" \/>\n<meta name=\"twitter:label1\" content=\"Escrito por\" \/>\n\t<meta name=\"twitter:data1\" content=\"Jorge Matheus\" \/>\n\t<meta name=\"twitter:label2\" content=\"Tiempo de lectura\" \/>\n\t<meta name=\"twitter:data2\" content=\"3 minutos\" \/>\n<script type=\"application\/ld+json\" class=\"yoast-schema-graph\">{\"@context\":\"https:\/\/schema.org\",\"@graph\":[{\"@type\":\"Article\",\"@id\":\"https:\/\/infoecos.com.ar\/index.php\/marta-cohen-sobre-la-situacion-en-gran-bretana-y-que-deberia-hacerse-en-argentina\/#article\",\"isPartOf\":{\"@id\":\"https:\/\/infoecos.com.ar\/index.php\/marta-cohen-sobre-la-situacion-en-gran-bretana-y-que-deberia-hacerse-en-argentina\/\"},\"author\":{\"name\":\"Jorge Matheus\",\"@id\":\"https:\/\/infoecos.com.ar\/#\/schema\/person\/8f5ace5ce73b4b4aac4b7245aee6f191\"},\"headline\":\"Marta Cohen sobre la situaci\u00f3n en Gran Breta\u00f1a y que deber\u00eda hacerse en Argentina\",\"datePublished\":\"2021-01-06T03:16:43+00:00\",\"dateModified\":\"2021-01-06T03:16:45+00:00\",\"mainEntityOfPage\":{\"@id\":\"https:\/\/infoecos.com.ar\/index.php\/marta-cohen-sobre-la-situacion-en-gran-bretana-y-que-deberia-hacerse-en-argentina\/\"},\"wordCount\":525,\"publisher\":{\"@id\":\"https:\/\/infoecos.com.ar\/#organization\"},\"image\":{\"@id\":\"https:\/\/infoecos.com.ar\/index.php\/marta-cohen-sobre-la-situacion-en-gran-bretana-y-que-deberia-hacerse-en-argentina\/#primaryimage\"},\"thumbnailUrl\":\"https:\/\/infoecos.com.ar\/wp-content\/uploads\/2021\/01\/cohenmarta.jpg\",\"keywords\":[\"DECLARACIONES A RADIO MITRE\"],\"articleSection\":[\"C2 N2\"],\"inLanguage\":\"es\"},{\"@type\":\"WebPage\",\"@id\":\"https:\/\/infoecos.com.ar\/index.php\/marta-cohen-sobre-la-situacion-en-gran-bretana-y-que-deberia-hacerse-en-argentina\/\",\"url\":\"https:\/\/infoecos.com.ar\/index.php\/marta-cohen-sobre-la-situacion-en-gran-bretana-y-que-deberia-hacerse-en-argentina\/\",\"name\":\"Marta Cohen sobre la situaci\u00f3n en Gran Breta\u00f1a y que deber\u00eda hacerse en Argentina - Infoecos\",\"isPartOf\":{\"@id\":\"https:\/\/infoecos.com.ar\/#website\"},\"primaryImageOfPage\":{\"@id\":\"https:\/\/infoecos.com.ar\/index.php\/marta-cohen-sobre-la-situacion-en-gran-bretana-y-que-deberia-hacerse-en-argentina\/#primaryimage\"},\"image\":{\"@id\":\"https:\/\/infoecos.com.ar\/index.php\/marta-cohen-sobre-la-situacion-en-gran-bretana-y-que-deberia-hacerse-en-argentina\/#primaryimage\"},\"thumbnailUrl\":\"https:\/\/infoecos.com.ar\/wp-content\/uploads\/2021\/01\/cohenmarta.jpg\",\"datePublished\":\"2021-01-06T03:16:43+00:00\",\"dateModified\":\"2021-01-06T03:16:45+00:00\",\"breadcrumb\":{\"@id\":\"https:\/\/infoecos.com.ar\/index.php\/marta-cohen-sobre-la-situacion-en-gran-bretana-y-que-deberia-hacerse-en-argentina\/#breadcrumb\"},\"inLanguage\":\"es\",\"potentialAction\":[{\"@type\":\"ReadAction\",\"target\":[\"https:\/\/infoecos.com.ar\/index.php\/marta-cohen-sobre-la-situacion-en-gran-bretana-y-que-deberia-hacerse-en-argentina\/\"]}]},{\"@type\":\"ImageObject\",\"inLanguage\":\"es\",\"@id\":\"https:\/\/infoecos.com.ar\/index.php\/marta-cohen-sobre-la-situacion-en-gran-bretana-y-que-deberia-hacerse-en-argentina\/#primaryimage\",\"url\":\"https:\/\/infoecos.com.ar\/wp-content\/uploads\/2021\/01\/cohenmarta.jpg\",\"contentUrl\":\"https:\/\/infoecos.com.ar\/wp-content\/uploads\/2021\/01\/cohenmarta.jpg\",\"width\":1409,\"height\":875},{\"@type\":\"BreadcrumbList\",\"@id\":\"https:\/\/infoecos.com.ar\/index.php\/marta-cohen-sobre-la-situacion-en-gran-bretana-y-que-deberia-hacerse-en-argentina\/#breadcrumb\",\"itemListElement\":[{\"@type\":\"ListItem\",\"position\":1,\"name\":\"Portada\",\"item\":\"https:\/\/infoecos.com.ar\/\"},{\"@type\":\"ListItem\",\"position\":2,\"name\":\"Marta Cohen sobre la situaci\u00f3n en Gran Breta\u00f1a y que deber\u00eda hacerse en Argentina\"}]},{\"@type\":\"WebSite\",\"@id\":\"https:\/\/infoecos.com.ar\/#website\",\"url\":\"https:\/\/infoecos.com.ar\/\",\"name\":\"Infoecos\",\"description\":\"Noticias de trenque lauquen y la zona\",\"publisher\":{\"@id\":\"https:\/\/infoecos.com.ar\/#organization\"},\"alternateName\":\"Noticias\",\"potentialAction\":[{\"@type\":\"SearchAction\",\"target\":{\"@type\":\"EntryPoint\",\"urlTemplate\":\"https:\/\/infoecos.com.ar\/?s={search_term_string}\"},\"query-input\":{\"@type\":\"PropertyValueSpecification\",\"valueRequired\":true,\"valueName\":\"search_term_string\"}}],\"inLanguage\":\"es\"},{\"@type\":\"Organization\",\"@id\":\"https:\/\/infoecos.com.ar\/#organization\",\"name\":\"Infoecos\",\"alternateName\":\"Noticias\",\"url\":\"https:\/\/infoecos.com.ar\/\",\"logo\":{\"@type\":\"ImageObject\",\"inLanguage\":\"es\",\"@id\":\"https:\/\/infoecos.com.ar\/#\/schema\/logo\/image\/\",\"url\":\"https:\/\/infoecos.com.ar\/wp-content\/uploads\/2024\/03\/cropped-logo.png\",\"contentUrl\":\"https:\/\/infoecos.com.ar\/wp-content\/uploads\/2024\/03\/cropped-logo.png\",\"width\":374,\"height\":90,\"caption\":\"Infoecos\"},\"image\":{\"@id\":\"https:\/\/infoecos.com.ar\/#\/schema\/logo\/image\/\"},\"sameAs\":[\"https:\/\/www.facebook.com\/profile.php?id=100063200290284\",\"https:\/\/x.com\/infoecos\"]},{\"@type\":\"Person\",\"@id\":\"https:\/\/infoecos.com.ar\/#\/schema\/person\/8f5ace5ce73b4b4aac4b7245aee6f191\",\"name\":\"Jorge Matheus\",\"url\":\"https:\/\/infoecos.com.ar\/index.php\/author\/jomatheus\/\"}]}<\/script>\n<!-- \/ Yoast SEO plugin. -->","yoast_head_json":{"title":"Marta Cohen sobre la situaci\u00f3n en Gran Breta\u00f1a y que deber\u00eda hacerse en Argentina - Infoecos","robots":{"index":"index","follow":"follow","max-snippet":"max-snippet:-1","max-image-preview":"max-image-preview:large","max-video-preview":"max-video-preview:-1"},"canonical":"https:\/\/infoecos.com.ar\/index.php\/marta-cohen-sobre-la-situacion-en-gran-bretana-y-que-deberia-hacerse-en-argentina\/","og_locale":"es_ES","og_type":"article","og_title":"Marta Cohen sobre la situaci\u00f3n en Gran Breta\u00f1a y que deber\u00eda hacerse en Argentina - Infoecos","og_description":"Cohen admiti\u00f3 no entender \u201cc\u00f3mo pueden estar abiertos los casinos, los boliches bailables y los padres que saben que sus hijos van a fiestas ilegales\u201d","og_url":"https:\/\/infoecos.com.ar\/index.php\/marta-cohen-sobre-la-situacion-en-gran-bretana-y-que-deberia-hacerse-en-argentina\/","og_site_name":"Infoecos","article_publisher":"https:\/\/www.facebook.com\/profile.php?id=100063200290284","article_published_time":"2021-01-06T03:16:43+00:00","article_modified_time":"2021-01-06T03:16:45+00:00","og_image":[{"width":1409,"height":875,"url":"https:\/\/infoecos.com.ar\/wp-content\/uploads\/2021\/01\/cohenmarta.jpg","type":"image\/jpeg"}],"author":"Jorge Matheus","twitter_card":"summary_large_image","twitter_creator":"@infoecos","twitter_site":"@infoecos","twitter_misc":{"Escrito por":"Jorge Matheus","Tiempo de lectura":"3 minutos"},"schema":{"@context":"https:\/\/schema.org","@graph":[{"@type":"Article","@id":"https:\/\/infoecos.com.ar\/index.php\/marta-cohen-sobre-la-situacion-en-gran-bretana-y-que-deberia-hacerse-en-argentina\/#article","isPartOf":{"@id":"https:\/\/infoecos.com.ar\/index.php\/marta-cohen-sobre-la-situacion-en-gran-bretana-y-que-deberia-hacerse-en-argentina\/"},"author":{"name":"Jorge Matheus","@id":"https:\/\/infoecos.com.ar\/#\/schema\/person\/8f5ace5ce73b4b4aac4b7245aee6f191"},"headline":"Marta Cohen sobre la situaci\u00f3n en Gran Breta\u00f1a y que deber\u00eda hacerse en Argentina","datePublished":"2021-01-06T03:16:43+00:00","dateModified":"2021-01-06T03:16:45+00:00","mainEntityOfPage":{"@id":"https:\/\/infoecos.com.ar\/index.php\/marta-cohen-sobre-la-situacion-en-gran-bretana-y-que-deberia-hacerse-en-argentina\/"},"wordCount":525,"publisher":{"@id":"https:\/\/infoecos.com.ar\/#organization"},"image":{"@id":"https:\/\/infoecos.com.ar\/index.php\/marta-cohen-sobre-la-situacion-en-gran-bretana-y-que-deberia-hacerse-en-argentina\/#primaryimage"},"thumbnailUrl":"https:\/\/infoecos.com.ar\/wp-content\/uploads\/2021\/01\/cohenmarta.jpg","keywords":["DECLARACIONES A RADIO MITRE"],"articleSection":["C2 N2"],"inLanguage":"es"},{"@type":"WebPage","@id":"https:\/\/infoecos.com.ar\/index.php\/marta-cohen-sobre-la-situacion-en-gran-bretana-y-que-deberia-hacerse-en-argentina\/","url":"https:\/\/infoecos.com.ar\/index.php\/marta-cohen-sobre-la-situacion-en-gran-bretana-y-que-deberia-hacerse-en-argentina\/","name":"Marta Cohen sobre la situaci\u00f3n en Gran Breta\u00f1a y que deber\u00eda hacerse en Argentina - Infoecos","isPartOf":{"@id":"https:\/\/infoecos.com.ar\/#website"},"primaryImageOfPage":{"@id":"https:\/\/infoecos.com.ar\/index.php\/marta-cohen-sobre-la-situacion-en-gran-bretana-y-que-deberia-hacerse-en-argentina\/#primaryimage"},"image":{"@id":"https:\/\/infoecos.com.ar\/index.php\/marta-cohen-sobre-la-situacion-en-gran-bretana-y-que-deberia-hacerse-en-argentina\/#primaryimage"},"thumbnailUrl":"https:\/\/infoecos.com.ar\/wp-content\/uploads\/2021\/01\/cohenmarta.jpg","datePublished":"2021-01-06T03:16:43+00:00","dateModified":"2021-01-06T03:16:45+00:00","breadcrumb":{"@id":"https:\/\/infoecos.com.ar\/index.php\/marta-cohen-sobre-la-situacion-en-gran-bretana-y-que-deberia-hacerse-en-argentina\/#breadcrumb"},"inLanguage":"es","potentialAction":[{"@type":"ReadAction","target":["https:\/\/infoecos.com.ar\/index.php\/marta-cohen-sobre-la-situacion-en-gran-bretana-y-que-deberia-hacerse-en-argentina\/"]}]},{"@type":"ImageObject","inLanguage":"es","@id":"https:\/\/infoecos.com.ar\/index.php\/marta-cohen-sobre-la-situacion-en-gran-bretana-y-que-deberia-hacerse-en-argentina\/#primaryimage","url":"https:\/\/infoecos.com.ar\/wp-content\/uploads\/2021\/01\/cohenmarta.jpg","contentUrl":"https:\/\/infoecos.com.ar\/wp-content\/uploads\/2021\/01\/cohenmarta.jpg","width":1409,"height":875},{"@type":"BreadcrumbList","@id":"https:\/\/infoecos.com.ar\/index.php\/marta-cohen-sobre-la-situacion-en-gran-bretana-y-que-deberia-hacerse-en-argentina\/#breadcrumb","itemListElement":[{"@type":"ListItem","position":1,"name":"Portada","item":"https:\/\/infoecos.com.ar\/"},{"@type":"ListItem","position":2,"name":"Marta Cohen sobre la situaci\u00f3n en Gran Breta\u00f1a y que deber\u00eda hacerse en Argentina"}]},{"@type":"WebSite","@id":"https:\/\/infoecos.com.ar\/#website","url":"https:\/\/infoecos.com.ar\/","name":"Infoecos","description":"Noticias de trenque lauquen y la zona","publisher":{"@id":"https:\/\/infoecos.com.ar\/#organization"},"alternateName":"Noticias","potentialAction":[{"@type":"SearchAction","target":{"@type":"EntryPoint","urlTemplate":"https:\/\/infoecos.com.ar\/?s={search_term_string}"},"query-input":{"@type":"PropertyValueSpecification","valueRequired":true,"valueName":"search_term_string"}}],"inLanguage":"es"},{"@type":"Organization","@id":"https:\/\/infoecos.com.ar\/#organization","name":"Infoecos","alternateName":"Noticias","url":"https:\/\/infoecos.com.ar\/","logo":{"@type":"ImageObject","inLanguage":"es","@id":"https:\/\/infoecos.com.ar\/#\/schema\/logo\/image\/","url":"https:\/\/infoecos.com.ar\/wp-content\/uploads\/2024\/03\/cropped-logo.png","contentUrl":"https:\/\/infoecos.com.ar\/wp-content\/uploads\/2024\/03\/cropped-logo.png","width":374,"height":90,"caption":"Infoecos"},"image":{"@id":"https:\/\/infoecos.com.ar\/#\/schema\/logo\/image\/"},"sameAs":["https:\/\/www.facebook.com\/profile.php?id=100063200290284","https:\/\/x.com\/infoecos"]},{"@type":"Person","@id":"https:\/\/infoecos.com.ar\/#\/schema\/person\/8f5ace5ce73b4b4aac4b7245aee6f191","name":"Jorge Matheus","url":"https:\/\/infoecos.com.ar\/index.php\/author\/jomatheus\/"}]}},"featured_image_urls":{"full":["https:\/\/infoecos.com.ar\/wp-content\/uploads\/2021\/01\/cohenmarta.jpg",1409,875,false],"thumbnail":["https:\/\/infoecos.com.ar\/wp-content\/uploads\/2021\/01\/cohenmarta-150x150.jpg",150,150,true],"medium":["https:\/\/infoecos.com.ar\/wp-content\/uploads\/2021\/01\/cohenmarta-460x286.jpg",460,286,true],"medium_large":["https:\/\/infoecos.com.ar\/wp-content\/uploads\/2021\/01\/cohenmarta-768x477.jpg",640,398,true],"large":["https:\/\/infoecos.com.ar\/wp-content\/uploads\/2021\/01\/cohenmarta-920x571.jpg",640,397,true],"1536x1536":["https:\/\/infoecos.com.ar\/wp-content\/uploads\/2021\/01\/cohenmarta.jpg",1409,875,false],"2048x2048":["https:\/\/infoecos.com.ar\/wp-content\/uploads\/2021\/01\/cohenmarta.jpg",1409,875,false],"covernews-slider-full":["https:\/\/infoecos.com.ar\/wp-content\/uploads\/2021\/01\/cohenmarta.jpg",1115,692,false],"covernews-slider-center":["https:\/\/infoecos.com.ar\/wp-content\/uploads\/2021\/01\/cohenmarta-936x875.jpg",535,500,true],"covernews-featured":["https:\/\/infoecos.com.ar\/wp-content\/uploads\/2021\/01\/cohenmarta-1024x636.jpg",1024,636,true],"covernews-medium":["https:\/\/infoecos.com.ar\/wp-content\/uploads\/2021\/01\/cohenmarta-720x380.jpg",540,285,true],"covernews-medium-square":["https:\/\/infoecos.com.ar\/wp-content\/uploads\/2021\/01\/cohenmarta-675x450.jpg",375,250,true]},"author_info":{"info":["Jorge Matheus"]},"category_info":"<a href=\"https:\/\/infoecos.com.ar\/index.php\/category\/c2nota2\/\" rel=\"category tag\">C2 N2<\/a>","tag_info":"C2 N2","comment_count":"0","_links":{"self":[{"href":"https:\/\/infoecos.com.ar\/index.php\/wp-json\/wp\/v2\/posts\/72290"}],"collection":[{"href":"https:\/\/infoecos.com.ar\/index.php\/wp-json\/wp\/v2\/posts"}],"about":[{"href":"https:\/\/infoecos.com.ar\/index.php\/wp-json\/wp\/v2\/types\/post"}],"author":[{"embeddable":true,"href":"https:\/\/infoecos.com.ar\/index.php\/wp-json\/wp\/v2\/users\/2"}],"replies":[{"embeddable":true,"href":"https:\/\/infoecos.com.ar\/index.php\/wp-json\/wp\/v2\/comments?post=72290"}],"version-history":[{"count":1,"href":"https:\/\/infoecos.com.ar\/index.php\/wp-json\/wp\/v2\/posts\/72290\/revisions"}],"predecessor-version":[{"id":72292,"href":"https:\/\/infoecos.com.ar\/index.php\/wp-json\/wp\/v2\/posts\/72290\/revisions\/72292"}],"wp:featuredmedia":[{"embeddable":true,"href":"https:\/\/infoecos.com.ar\/index.php\/wp-json\/wp\/v2\/media\/72291"}],"wp:attachment":[{"href":"https:\/\/infoecos.com.ar\/index.php\/wp-json\/wp\/v2\/media?parent=72290"}],"wp:term":[{"taxonomy":"category","embeddable":true,"href":"https:\/\/infoecos.com.ar\/index.php\/wp-json\/wp\/v2\/categories?post=72290"},{"taxonomy":"post_tag","embeddable":true,"href":"https:\/\/infoecos.com.ar\/index.php\/wp-json\/wp\/v2\/tags?post=72290"}],"curies":[{"name":"wp","href":"https:\/\/api.w.org\/{rel}","templated":true}]}}