{"id":72299,"date":"2021-01-06T01:05:16","date_gmt":"2021-01-06T04:05:16","guid":{"rendered":"http:\/\/infoecos.com.ar\/?p=72299"},"modified":"2021-01-06T01:05:20","modified_gmt":"2021-01-06T04:05:20","slug":"roberto-feletti-lo-que-dicen-las-entidades-del-campo-no-es-cierto","status":"publish","type":"post","link":"https:\/\/infoecos.com.ar\/index.php\/roberto-feletti-lo-que-dicen-las-entidades-del-campo-no-es-cierto\/","title":{"rendered":"Roberto Feletti: \u00ablo que dicen las entidades del campo no es cierto\u00bb"},"content":{"rendered":"\n<p class=\"wp-block-paragraph\">\u00abSi los argentinos van a tener que pagar la leche, el pan y la carne a precios internacionales, en Argentina va a haber hambre, porque ac\u00e1 no ganamos salarios internacionales\u00bb, asegur\u00f3 Roberto Feletti, en di\u00e1logo con Radio Provincia de La Plata.<\/p>\n\n\n\n<div class=\"wp-block-image\"><figure class=\"aligncenter size-medium\"><img loading=\"lazy\" decoding=\"async\" width=\"460\" height=\"345\" src=\"http:\/\/infoecos.com.ar\/wp-content\/uploads\/2021\/01\/pers_Roberto_Feletti281112488948-460x345.jpg\" alt=\"\" class=\"wp-image-72300\" srcset=\"https:\/\/infoecos.com.ar\/wp-content\/uploads\/2021\/01\/pers_Roberto_Feletti281112488948-460x345.jpg 460w, https:\/\/infoecos.com.ar\/wp-content\/uploads\/2021\/01\/pers_Roberto_Feletti281112488948.jpg 600w\" sizes=\"auto, (max-width: 460px) 100vw, 460px\" \/><\/figure><\/div>\n\n\n\n<p class=\"wp-block-paragraph\">Por otro lado, asegur\u00f3 que \u201cla discusi\u00f3n sobre la renta agropecuaria corresponde a todos los argentinos, no s\u00f3lo a los due\u00f1os de la tierra. No puede quedar en manos de 50 garcas arriba de una camioneta que salen a la ruta. Lo que dicen las entidades del campo no es cierto, porque el precio del ma\u00edz incide en los valores de los alimentos\u00bb.<\/p>\n\n\n\n<p class=\"wp-block-paragraph\">En tanto, el funcionario resalt\u00f3 que \u00abel abastecimiento del trigo, ma\u00edz, carne, leche, debe estar garantizado y reci\u00e9n despu\u00e9s de ah\u00ed la exportamos, si no, estamos en un problema\u00bb.<\/p>\n\n\n\n<p class=\"wp-block-paragraph\">Feletti manifest\u00f3 que si se liberan las&nbsp; exportaciones va a impactar en \u00abla mesa de los argentinos\u00bb. Asimismo, agreg\u00f3 que \u00abtodos los pa\u00edses del mundo regulan la exportaci\u00f3n de los alimentos de acuerdo a su poblaci\u00f3n\u00bb.<\/p>\n","protected":false},"excerpt":{"rendered":"<p>El secretario administrativo del Senado de la Provincia de Buenos Aires dijo que \u201cla discusi\u00f3n sobre la renta agropecuaria corresponde a todos los argentinos\u201d<\/p>\n","protected":false},"author":2,"featured_media":72300,"comment_status":"closed","ping_status":"open","sticky":false,"template":"","format":"standard","meta":{"footnotes":""},"categories":[49],"tags":[2542],"class_list":["post-72299","post","type-post","status-publish","format-standard","has-post-thumbnail","hentry","category-c3nota3","tag-conflicto-por-las-exportaciones-de-maiz"],"featured_image_urls":{"full":["https:\/\/infoecos.com.ar\/wp-content\/uploads\/2021\/01\/pers_Roberto_Feletti281112488948.jpg",600,450,false],"thumbnail":["https:\/\/infoecos.com.ar\/wp-content\/uploads\/2021\/01\/pers_Roberto_Feletti281112488948-150x150.jpg",150,150,true],"medium":["https:\/\/infoecos.com.ar\/wp-content\/uploads\/2021\/01\/pers_Roberto_Feletti281112488948-460x345.jpg",460,345,true],"medium_large":["https:\/\/infoecos.com.ar\/wp-content\/uploads\/2021\/01\/pers_Roberto_Feletti281112488948.jpg",600,450,false],"large":["https:\/\/infoecos.com.ar\/wp-content\/uploads\/2021\/01\/pers_Roberto_Feletti281112488948.jpg",600,450,false],"1536x1536":["https:\/\/infoecos.com.ar\/wp-content\/uploads\/2021\/01\/pers_Roberto_Feletti281112488948.jpg",600,450,false],"2048x2048":["https:\/\/infoecos.com.ar\/wp-content\/uploads\/2021\/01\/pers_Roberto_Feletti281112488948.jpg",600,450,false],"covernews-slider-full":["https:\/\/infoecos.com.ar\/wp-content\/uploads\/2021\/01\/pers_Roberto_Feletti281112488948.jpg",600,450,false],"covernews-slider-center":["https:\/\/infoecos.com.ar\/wp-content\/uploads\/2021\/01\/pers_Roberto_Feletti281112488948.jpg",600,450,false],"covernews-featured":["https:\/\/infoecos.com.ar\/wp-content\/uploads\/2021\/01\/pers_Roberto_Feletti281112488948.jpg",600,450,false],"covernews-medium":["https:\/\/infoecos.com.ar\/wp-content\/uploads\/2021\/01\/pers_Roberto_Feletti281112488948-600x380.jpg",537,340,true],"covernews-medium-square":["https:\/\/infoecos.com.ar\/wp-content\/uploads\/2021\/01\/pers_Roberto_Feletti281112488948.jpg",333,250,false]},"author_info":{"info":["Jorge Matheus"]},"category_info":"<a href=\"https:\/\/infoecos.com.ar\/index.php\/category\/c3nota3\/\" rel=\"category tag\">C3 N3<\/a>","tag_info":"C3 N3","comment_count":"0","_links":{"self":[{"href":"https:\/\/infoecos.com.ar\/index.php\/wp-json\/wp\/v2\/posts\/72299","targetHints":{"allow":["GET"]}}],"collection":[{"href":"https:\/\/infoecos.com.ar\/index.php\/wp-json\/wp\/v2\/posts"}],"about":[{"href":"https:\/\/infoecos.com.ar\/index.php\/wp-json\/wp\/v2\/types\/post"}],"author":[{"embeddable":true,"href":"https:\/\/infoecos.com.ar\/index.php\/wp-json\/wp\/v2\/users\/2"}],"replies":[{"embeddable":true,"href":"https:\/\/infoecos.com.ar\/index.php\/wp-json\/wp\/v2\/comments?post=72299"}],"version-history":[{"count":1,"href":"https:\/\/infoecos.com.ar\/index.php\/wp-json\/wp\/v2\/posts\/72299\/revisions"}],"predecessor-version":[{"id":72301,"href":"https:\/\/infoecos.com.ar\/index.php\/wp-json\/wp\/v2\/posts\/72299\/revisions\/72301"}],"wp:featuredmedia":[{"embeddable":true,"href":"https:\/\/infoecos.com.ar\/index.php\/wp-json\/wp\/v2\/media\/72300"}],"wp:attachment":[{"href":"https:\/\/infoecos.com.ar\/index.php\/wp-json\/wp\/v2\/media?parent=72299"}],"wp:term":[{"taxonomy":"category","embeddable":true,"href":"https:\/\/infoecos.com.ar\/index.php\/wp-json\/wp\/v2\/categories?post=72299"},{"taxonomy":"post_tag","embeddable":true,"href":"https:\/\/infoecos.com.ar\/index.php\/wp-json\/wp\/v2\/tags?post=72299"}],"curies":[{"name":"wp","href":"https:\/\/api.w.org\/{rel}","templated":true}]}}