{"id":72305,"date":"2021-01-06T01:28:30","date_gmt":"2021-01-06T04:28:30","guid":{"rendered":"http:\/\/infoecos.com.ar\/?p=72305"},"modified":"2021-01-06T01:28:32","modified_gmt":"2021-01-06T04:28:32","slug":"en-9-de-julio-son-362-los-casos-positivos","status":"publish","type":"post","link":"https:\/\/infoecos.com.ar\/index.php\/en-9-de-julio-son-362-los-casos-positivos\/","title":{"rendered":"En 9 de Julio son 362 los casos positivos"},"content":{"rendered":"\n<p class=\"wp-block-paragraph\">Se confirmaron diecis\u00e9is nuevos pacientes por coronavirus en el distrito de 9 de Julio, de los cuales diez fueron por hisopados y seis casos que se diagnostican por Criterio Cl\u00ednico Epidemiol\u00f3gico. Adem\u00e1s, se recibi\u00f3 un hisopado negativo.<\/p>\n\n\n\n<div class=\"wp-block-image\"><figure class=\"aligncenter size-medium\"><img loading=\"lazy\" decoding=\"async\" width=\"460\" height=\"460\" src=\"http:\/\/infoecos.com.ar\/wp-content\/uploads\/2021\/01\/reporte9dj-460x460.jpeg\" alt=\"\" class=\"wp-image-72306\" srcset=\"https:\/\/infoecos.com.ar\/wp-content\/uploads\/2021\/01\/reporte9dj-460x460.jpeg 460w, https:\/\/infoecos.com.ar\/wp-content\/uploads\/2021\/01\/reporte9dj-150x150.jpeg 150w, https:\/\/infoecos.com.ar\/wp-content\/uploads\/2021\/01\/reporte9dj.jpeg 707w\" sizes=\"auto, (max-width: 460px) 100vw, 460px\" \/><\/figure><\/div>\n\n\n\n<p class=\"wp-block-paragraph\">Recibieron el alta cincuenta (50) pacientes, y de los trecientos sesenta y dos (362) que cursan la enfermedad Covid-19, veintis\u00e9is (26) se encuentran internados y el resto de los casos activos, un total de 336, se encuentran cursando la enfermedad en forma ambulatoria.<\/p>\n\n\n\n<p class=\"wp-block-paragraph\">Actualmente existen noventa y seis (96) casos sospechosos o en estudio de los cuales siete (7) permanecen internados y los ochenta y nueve (89) restantes son pacientes ambulatorios que cumplen aislamiento domiciliario.<\/p>\n","protected":false},"excerpt":{"rendered":"<p>Se confirmaron, este martes, diecis\u00e9is nuevos pacientes por coronavirus en el distrito de 9 de Julio, de los cuales diez fueron por hisopados y seis casos que se diagnostican por Criterio Cl\u00ednico Epidemiol\u00f3gico<\/p>\n","protected":false},"author":2,"featured_media":66944,"comment_status":"closed","ping_status":"open","sticky":false,"template":"","format":"standard","meta":{"footnotes":""},"categories":[51],"tags":[156],"class_list":["post-72305","post","type-post","status-publish","format-standard","has-post-thumbnail","hentry","category-c2nota4","tag-salud"],"featured_image_urls":{"full":["https:\/\/infoecos.com.ar\/wp-content\/uploads\/2020\/09\/1.jpeg",974,584,false],"thumbnail":["https:\/\/infoecos.com.ar\/wp-content\/uploads\/2020\/09\/1-150x150.jpeg",150,150,true],"medium":["https:\/\/infoecos.com.ar\/wp-content\/uploads\/2020\/09\/1-460x276.jpeg",460,276,true],"medium_large":["https:\/\/infoecos.com.ar\/wp-content\/uploads\/2020\/09\/1-768x460.jpeg",640,383,true],"large":["https:\/\/infoecos.com.ar\/wp-content\/uploads\/2020\/09\/1-920x552.jpeg",640,384,true],"1536x1536":["https:\/\/infoecos.com.ar\/wp-content\/uploads\/2020\/09\/1.jpeg",974,584,false],"2048x2048":["https:\/\/infoecos.com.ar\/wp-content\/uploads\/2020\/09\/1.jpeg",974,584,false],"covernews-slider-full":["https:\/\/infoecos.com.ar\/wp-content\/uploads\/2020\/09\/1.jpeg",974,584,false],"covernews-slider-center":["https:\/\/infoecos.com.ar\/wp-content\/uploads\/2020\/09\/1-936x584.jpeg",800,500,true],"covernews-featured":["https:\/\/infoecos.com.ar\/wp-content\/uploads\/2020\/09\/1.jpeg",974,584,false],"covernews-medium":["https:\/\/infoecos.com.ar\/wp-content\/uploads\/2020\/09\/1-720x380.jpeg",540,285,true],"covernews-medium-square":["https:\/\/infoecos.com.ar\/wp-content\/uploads\/2020\/09\/1-675x450.jpeg",375,250,true]},"author_info":{"info":["Jorge Matheus"]},"category_info":"<a href=\"https:\/\/infoecos.com.ar\/index.php\/category\/c2nota4\/\" rel=\"category tag\">C2 N4<\/a>","tag_info":"C2 N4","comment_count":"0","_links":{"self":[{"href":"https:\/\/infoecos.com.ar\/index.php\/wp-json\/wp\/v2\/posts\/72305","targetHints":{"allow":["GET"]}}],"collection":[{"href":"https:\/\/infoecos.com.ar\/index.php\/wp-json\/wp\/v2\/posts"}],"about":[{"href":"https:\/\/infoecos.com.ar\/index.php\/wp-json\/wp\/v2\/types\/post"}],"author":[{"embeddable":true,"href":"https:\/\/infoecos.com.ar\/index.php\/wp-json\/wp\/v2\/users\/2"}],"replies":[{"embeddable":true,"href":"https:\/\/infoecos.com.ar\/index.php\/wp-json\/wp\/v2\/comments?post=72305"}],"version-history":[{"count":1,"href":"https:\/\/infoecos.com.ar\/index.php\/wp-json\/wp\/v2\/posts\/72305\/revisions"}],"predecessor-version":[{"id":72307,"href":"https:\/\/infoecos.com.ar\/index.php\/wp-json\/wp\/v2\/posts\/72305\/revisions\/72307"}],"wp:featuredmedia":[{"embeddable":true,"href":"https:\/\/infoecos.com.ar\/index.php\/wp-json\/wp\/v2\/media\/66944"}],"wp:attachment":[{"href":"https:\/\/infoecos.com.ar\/index.php\/wp-json\/wp\/v2\/media?parent=72305"}],"wp:term":[{"taxonomy":"category","embeddable":true,"href":"https:\/\/infoecos.com.ar\/index.php\/wp-json\/wp\/v2\/categories?post=72305"},{"taxonomy":"post_tag","embeddable":true,"href":"https:\/\/infoecos.com.ar\/index.php\/wp-json\/wp\/v2\/tags?post=72305"}],"curies":[{"name":"wp","href":"https:\/\/api.w.org\/{rel}","templated":true}]}}