{"id":72308,"date":"2021-01-06T01:33:29","date_gmt":"2021-01-06T04:33:29","guid":{"rendered":"http:\/\/infoecos.com.ar\/?p=72308"},"modified":"2021-01-06T01:33:32","modified_gmt":"2021-01-06T04:33:32","slug":"otros-21-casos-positivos-informo-el-municipio-de-rivadavia","status":"publish","type":"post","link":"https:\/\/infoecos.com.ar\/index.php\/otros-21-casos-positivos-informo-el-municipio-de-rivadavia\/","title":{"rendered":"Otros 21 casos positivos inform\u00f3 el municipio de Rivadavia"},"content":{"rendered":"\n<p class=\"wp-block-paragraph\">La Municipalidad de Rivadavia inform\u00f3 este martes que registr\u00f3 21 casos de COVID-19, lo que es un nuevo r\u00e9cord para una sola jornada; y por segundo d\u00eda consecutivo. El r\u00e9cord anterior fue apenas 24 horas antes cuando este lunes se diagnosticaron 18 casos.<\/p>\n\n\n\n<div class=\"wp-block-image\"><figure class=\"aligncenter size-medium\"><img loading=\"lazy\" decoding=\"async\" width=\"460\" height=\"307\" src=\"http:\/\/infoecos.com.ar\/wp-content\/uploads\/2020\/09\/america-460x307.jpg\" alt=\"\" class=\"wp-image-68682\" srcset=\"https:\/\/infoecos.com.ar\/wp-content\/uploads\/2020\/09\/america-460x307.jpg 460w, https:\/\/infoecos.com.ar\/wp-content\/uploads\/2020\/09\/america-920x614.jpg 920w, https:\/\/infoecos.com.ar\/wp-content\/uploads\/2020\/09\/america-768x512.jpg 768w, https:\/\/infoecos.com.ar\/wp-content\/uploads\/2020\/09\/america-675x450.jpg 675w, https:\/\/infoecos.com.ar\/wp-content\/uploads\/2020\/09\/america.jpg 1024w\" sizes=\"auto, (max-width: 460px) 100vw, 460px\" \/><\/figure><\/div>\n\n\n\n<p class=\"wp-block-paragraph\">Del total de pacientes hay 10 que fueron diagnosticados por criterio cl\u00ednico epidemiol\u00f3gico. Hay 14 que corresponden a Am\u00e9rica,&nbsp; 3 a Roosevelt, 2 a Fort\u00edn Olavarr\u00eda y 2 a Gonz\u00e1lez Moreno. &nbsp;El total acumulado de casos en el distrito es de 387. &nbsp;Los activos est\u00e1n en 67. Adem\u00e1s, se registraron 22 hisopados negativos.<\/p>\n\n\n\n<p class=\"wp-block-paragraph\">Hubo 4 pacientes que recibieron el alta. Los recuperados suman 317. Se inform\u00f3 sobre 27 casos en estudio. Los vecinos en aislamiento preventivo subieron marcadamente a 425.<\/p>\n\n\n\n<p class=\"wp-block-paragraph\">Fuente: tienpodeloeste.com<\/p>\n","protected":false},"excerpt":{"rendered":"<p>Del total de pacientes hay 10 que fueron diagnosticados por criterio cl\u00ednico epidemiol\u00f3gico. Hay 14 que corresponden a Am\u00e9rica,  3 a Roosevelt, 2 a Fort\u00edn Olavarr\u00eda y 2 a Gonz\u00e1lez Moreno<\/p>\n","protected":false},"author":2,"featured_media":68682,"comment_status":"closed","ping_status":"open","sticky":false,"template":"","format":"standard","meta":{"footnotes":""},"categories":[197],"tags":[1785],"class_list":["post-72308","post","type-post","status-publish","format-standard","has-post-thumbnail","hentry","category-c3nota4","tag-coronavirus"],"featured_image_urls":{"full":["https:\/\/infoecos.com.ar\/wp-content\/uploads\/2020\/09\/america.jpg",1024,683,false],"thumbnail":["https:\/\/infoecos.com.ar\/wp-content\/uploads\/2020\/09\/america-150x150.jpg",150,150,true],"medium":["https:\/\/infoecos.com.ar\/wp-content\/uploads\/2020\/09\/america-460x307.jpg",460,307,true],"medium_large":["https:\/\/infoecos.com.ar\/wp-content\/uploads\/2020\/09\/america-768x512.jpg",640,427,true],"large":["https:\/\/infoecos.com.ar\/wp-content\/uploads\/2020\/09\/america-920x614.jpg",640,427,true],"1536x1536":["https:\/\/infoecos.com.ar\/wp-content\/uploads\/2020\/09\/america.jpg",1024,683,false],"2048x2048":["https:\/\/infoecos.com.ar\/wp-content\/uploads\/2020\/09\/america.jpg",1024,683,false],"covernews-slider-full":["https:\/\/infoecos.com.ar\/wp-content\/uploads\/2020\/09\/america.jpg",1024,683,false],"covernews-slider-center":["https:\/\/infoecos.com.ar\/wp-content\/uploads\/2020\/09\/america-936x683.jpg",685,500,true],"covernews-featured":["https:\/\/infoecos.com.ar\/wp-content\/uploads\/2020\/09\/america.jpg",1024,683,false],"covernews-medium":["https:\/\/infoecos.com.ar\/wp-content\/uploads\/2020\/09\/america-720x380.jpg",540,285,true],"covernews-medium-square":["https:\/\/infoecos.com.ar\/wp-content\/uploads\/2020\/09\/america-675x450.jpg",375,250,true]},"author_info":{"info":["Jorge Matheus"]},"category_info":"<a href=\"https:\/\/infoecos.com.ar\/index.php\/category\/c3nota4\/\" rel=\"category tag\">C3 N4<\/a>","tag_info":"C3 N4","comment_count":"0","_links":{"self":[{"href":"https:\/\/infoecos.com.ar\/index.php\/wp-json\/wp\/v2\/posts\/72308","targetHints":{"allow":["GET"]}}],"collection":[{"href":"https:\/\/infoecos.com.ar\/index.php\/wp-json\/wp\/v2\/posts"}],"about":[{"href":"https:\/\/infoecos.com.ar\/index.php\/wp-json\/wp\/v2\/types\/post"}],"author":[{"embeddable":true,"href":"https:\/\/infoecos.com.ar\/index.php\/wp-json\/wp\/v2\/users\/2"}],"replies":[{"embeddable":true,"href":"https:\/\/infoecos.com.ar\/index.php\/wp-json\/wp\/v2\/comments?post=72308"}],"version-history":[{"count":1,"href":"https:\/\/infoecos.com.ar\/index.php\/wp-json\/wp\/v2\/posts\/72308\/revisions"}],"predecessor-version":[{"id":72309,"href":"https:\/\/infoecos.com.ar\/index.php\/wp-json\/wp\/v2\/posts\/72308\/revisions\/72309"}],"wp:featuredmedia":[{"embeddable":true,"href":"https:\/\/infoecos.com.ar\/index.php\/wp-json\/wp\/v2\/media\/68682"}],"wp:attachment":[{"href":"https:\/\/infoecos.com.ar\/index.php\/wp-json\/wp\/v2\/media?parent=72308"}],"wp:term":[{"taxonomy":"category","embeddable":true,"href":"https:\/\/infoecos.com.ar\/index.php\/wp-json\/wp\/v2\/categories?post=72308"},{"taxonomy":"post_tag","embeddable":true,"href":"https:\/\/infoecos.com.ar\/index.php\/wp-json\/wp\/v2\/tags?post=72308"}],"curies":[{"name":"wp","href":"https:\/\/api.w.org\/{rel}","templated":true}]}}