{"id":72310,"date":"2021-01-06T01:42:22","date_gmt":"2021-01-06T04:42:22","guid":{"rendered":"http:\/\/infoecos.com.ar\/?p=72310"},"modified":"2021-01-06T01:42:26","modified_gmt":"2021-01-06T04:42:26","slug":"con-71-casos-positivos-se-reunio-el-comite-de-emergencia-covid-19-de-tres-lomas","status":"publish","type":"post","link":"https:\/\/infoecos.com.ar\/index.php\/con-71-casos-positivos-se-reunio-el-comite-de-emergencia-covid-19-de-tres-lomas\/","title":{"rendered":"Con 71 casos positivos se reuni\u00f3 el Comit\u00e9 de Emergencia COVID-19 de Tres Lomas"},"content":{"rendered":"\n<p class=\"wp-block-paragraph\">El Comit\u00e9 de Emergencia COVID19 del distrito de Tres Lomas inform\u00f3 que que se contin\u00faa con las medidas tomadas en la reuni\u00f3n del jueves 17 de diciembre \u00faltimo y que fueran difundidas por Infoecos.\u00a0<\/p>\n\n\n\n<div class=\"wp-block-image\"><figure class=\"aligncenter size-medium\"><img loading=\"lazy\" decoding=\"async\" width=\"460\" height=\"460\" src=\"http:\/\/infoecos.com.ar\/wp-content\/uploads\/2021\/01\/Informe-5-1-22-hs-460x460.png\" alt=\"\" class=\"wp-image-72311\" srcset=\"https:\/\/infoecos.com.ar\/wp-content\/uploads\/2021\/01\/Informe-5-1-22-hs-460x460.png 460w, https:\/\/infoecos.com.ar\/wp-content\/uploads\/2021\/01\/Informe-5-1-22-hs-150x150.png 150w, https:\/\/infoecos.com.ar\/wp-content\/uploads\/2021\/01\/Informe-5-1-22-hs-768x768.png 768w, https:\/\/infoecos.com.ar\/wp-content\/uploads\/2021\/01\/Informe-5-1-22-hs.png 800w\" sizes=\"auto, (max-width: 460px) 100vw, 460px\" \/><\/figure><\/div>\n\n\n\n<ul class=\"wp-block-list\"><li>En esa misma l\u00ednea de acci\u00f3n se solicita a los se\u00f1ores comerciantes respetar los horarios establecidos para el cierre (tres de la ma\u00f1ana) y extremar las medidas preventivas&nbsp; establecidos hasta ahora, (Distanciamiento, Barbijos, Alcohol)&nbsp; y conforme a los espacios permitidos por las dimensiones de cada edificio (1 persona por cada 2 mts.&nbsp; cuadrados), como una manera m\u00e1s de mejorar la situaci\u00f3n actual.<\/li><\/ul>\n\n\n\n<ul class=\"wp-block-list\"><li>Se recuerda la obligaci\u00f3n del uso de barbijo en todos los lugares cerrados y tambi\u00e9n en los espacios al aire libre donde haya aglomeraci\u00f3n de gente.<\/li><\/ul>\n\n\n\n<ul class=\"wp-block-list\"><li>Desde la Secretar\u00eda de Salud se dio a conocer que al d\u00eda de la fecha se registran: 71 casos positivos activos \u2013 12 en estudio \u2013 2 pacientes fueron trasladados a centros de alta complejidad&nbsp; &#8211; 73 recuperados y 270 &nbsp;aislados, y record\u00f3 la importancia de evitar la automedicaci\u00f3n ante la aparici\u00f3n de s\u00edntomas sospechosos. EN TAL CASO, LLAMAR DE MANERA INMEDIATA A LA GUARDIA DEL HOSPITAL MUNICIPAL (430277 \u2013 430278).<\/li><\/ul>\n\n\n\n<ul class=\"wp-block-list\"><li>Estas medidas se mantendr\u00e1n vigentes hasta el 13\/01\/2021 inclusive y luego este Comit\u00e9 de Emergencia evaluar\u00e1 la situaci\u00f3n epidemiol\u00f3gica para determinar las medidas a tomar en el futuro.<\/li><\/ul>\n\n\n\n<ul class=\"wp-block-list\"><li>La polic\u00eda local realiz\u00f3 una infracci\u00f3n por el incumplimiento del horario establecido para prevenci\u00f3n de COVID en nuestra ciudad.<\/li><\/ul>\n","protected":false},"excerpt":{"rendered":"<p>Se contin\u00faa con las medidas tomadas en la reuni\u00f3n del jueves 17 de diciembre \u00faltimo y que fueran difundidas por Infoecos<\/p>\n","protected":false},"author":2,"featured_media":54834,"comment_status":"closed","ping_status":"open","sticky":false,"template":"","format":"standard","meta":{"footnotes":""},"categories":[198],"tags":[1785],"class_list":["post-72310","post","type-post","status-publish","format-standard","has-post-thumbnail","hentry","category-c1nota5","tag-coronavirus"],"featured_image_urls":{"full":"","thumbnail":"","medium":"","medium_large":"","large":"","1536x1536":"","2048x2048":"","covernews-slider-full":"","covernews-slider-center":"","covernews-featured":"","covernews-medium":"","covernews-medium-square":""},"author_info":{"info":["Jorge Matheus"]},"category_info":"<a href=\"https:\/\/infoecos.com.ar\/index.php\/category\/c1nota5\/\" rel=\"category tag\">C1 nota 5<\/a>","tag_info":"C1 nota 5","comment_count":"0","_links":{"self":[{"href":"https:\/\/infoecos.com.ar\/index.php\/wp-json\/wp\/v2\/posts\/72310","targetHints":{"allow":["GET"]}}],"collection":[{"href":"https:\/\/infoecos.com.ar\/index.php\/wp-json\/wp\/v2\/posts"}],"about":[{"href":"https:\/\/infoecos.com.ar\/index.php\/wp-json\/wp\/v2\/types\/post"}],"author":[{"embeddable":true,"href":"https:\/\/infoecos.com.ar\/index.php\/wp-json\/wp\/v2\/users\/2"}],"replies":[{"embeddable":true,"href":"https:\/\/infoecos.com.ar\/index.php\/wp-json\/wp\/v2\/comments?post=72310"}],"version-history":[{"count":1,"href":"https:\/\/infoecos.com.ar\/index.php\/wp-json\/wp\/v2\/posts\/72310\/revisions"}],"predecessor-version":[{"id":72312,"href":"https:\/\/infoecos.com.ar\/index.php\/wp-json\/wp\/v2\/posts\/72310\/revisions\/72312"}],"wp:attachment":[{"href":"https:\/\/infoecos.com.ar\/index.php\/wp-json\/wp\/v2\/media?parent=72310"}],"wp:term":[{"taxonomy":"category","embeddable":true,"href":"https:\/\/infoecos.com.ar\/index.php\/wp-json\/wp\/v2\/categories?post=72310"},{"taxonomy":"post_tag","embeddable":true,"href":"https:\/\/infoecos.com.ar\/index.php\/wp-json\/wp\/v2\/tags?post=72310"}],"curies":[{"name":"wp","href":"https:\/\/api.w.org\/{rel}","templated":true}]}}