{"id":72323,"date":"2021-01-06T16:30:16","date_gmt":"2021-01-06T19:30:16","guid":{"rendered":"http:\/\/infoecos.com.ar\/?p=72323"},"modified":"2021-01-06T16:30:21","modified_gmt":"2021-01-06T19:30:21","slug":"ya-se-esta-vacunando-al-personal-de-salud-del-distrito-de-trenque-lauquen","status":"publish","type":"post","link":"https:\/\/infoecos.com.ar\/index.php\/ya-se-esta-vacunando-al-personal-de-salud-del-distrito-de-trenque-lauquen\/","title":{"rendered":"Ya se est\u00e1 vacunando al personal de salud del distrito de Trenque Lauquen"},"content":{"rendered":"\n<p class=\"wp-block-paragraph\">Comenz\u00f3 a ejecutarse en forma intensiva en el Hospital Municipal Dr. Pedro T. Orellana para el personal de Salud del distrito del \u00e1mbito p\u00fablico y privado, dando prioridad a los trabajadores con mayor riesgo de exposici\u00f3n, el Plan de Vacunaci\u00f3n contra el COVID-19. Ayer se hab\u00eda realizado una primera vacunaci\u00f3n a diez personas para medir los tiempos y ajustar aspectos organizativos. <\/p>\n\n\n\n<div class=\"wp-block-image\"><figure class=\"aligncenter size-medium\"><img loading=\"lazy\" decoding=\"async\" width=\"460\" height=\"307\" src=\"http:\/\/infoecos.com.ar\/wp-content\/uploads\/2021\/01\/Vacunacion-3-460x307.jpg\" alt=\"\" class=\"wp-image-72324\" srcset=\"https:\/\/infoecos.com.ar\/wp-content\/uploads\/2021\/01\/Vacunacion-3-460x307.jpg 460w, https:\/\/infoecos.com.ar\/wp-content\/uploads\/2021\/01\/Vacunacion-3-768x512.jpg 768w, https:\/\/infoecos.com.ar\/wp-content\/uploads\/2021\/01\/Vacunacion-3-675x450.jpg 675w, https:\/\/infoecos.com.ar\/wp-content\/uploads\/2021\/01\/Vacunacion-3.jpg 852w\" sizes=\"auto, (max-width: 460px) 100vw, 460px\" \/><\/figure><\/div>\n\n\n\n<p class=\"wp-block-paragraph\">La vacunaci\u00f3n se inici\u00f3 a las 9 horas en el sector del Laboratorio del Hospital donde se arm\u00f3 una sala de espera exclusiva para el \u00e1rea.<\/p>\n\n\n\n<p class=\"wp-block-paragraph\">La responsable del \u00e1rea de Vacunaci\u00f3n del Municipio, Mar\u00eda Teste consider\u00f3 con respecto al tiempo que demandar\u00e1 la tarea que \u201cdepender\u00e1 de c\u00f3mo lo podamos ajustar, la plataforma que propone Provincia asigna 20 turnos por d\u00eda, pero nosotros creemos que tenemos capacidad para hacer m\u00e1s vacunaciones por d\u00eda y la idea es llevarlo a 40; si logramos esto, nos llevar\u00e1 alrededor de una semana (vacunar a todo el personal de salud que voluntariamente quiera hacerlo) porque trabajamos durante cinco (5) horas siempre respetando el tiempo, la distancia y la din\u00e1mica\u201d.<\/p>\n\n\n\n<div class=\"wp-block-image\"><figure class=\"aligncenter size-medium\"><img loading=\"lazy\" decoding=\"async\" width=\"460\" height=\"307\" src=\"http:\/\/infoecos.com.ar\/wp-content\/uploads\/2021\/01\/Vacunacion-2-460x307.jpg\" alt=\"\" class=\"wp-image-72325\" srcset=\"https:\/\/infoecos.com.ar\/wp-content\/uploads\/2021\/01\/Vacunacion-2-460x307.jpg 460w, https:\/\/infoecos.com.ar\/wp-content\/uploads\/2021\/01\/Vacunacion-2-768x512.jpg 768w, https:\/\/infoecos.com.ar\/wp-content\/uploads\/2021\/01\/Vacunacion-2-675x450.jpg 675w, https:\/\/infoecos.com.ar\/wp-content\/uploads\/2021\/01\/Vacunacion-2.jpg 852w\" sizes=\"auto, (max-width: 460px) 100vw, 460px\" \/><\/figure><\/div>\n\n\n\n<p class=\"wp-block-paragraph\">Por otro lado se\u00f1al\u00f3 que no es posible precisar, por el momento, cu\u00e1ntas dosis se necesitar\u00e1n para vacunar a todo el personal del salud: \u201cEn la teor\u00eda recibimos 450 dosis, el personal de salud tanto del \u00e1mbito privado como p\u00fablico supera las 1.000 personas, lo que no sabemos, como la vacunaci\u00f3n es voluntaria, es cu\u00e1ntas personas de todo el personal de salud van a cumplir la vacunaci\u00f3n por distintos motivos\u201d.<\/p>\n\n\n\n<p class=\"wp-block-paragraph\"><\/p>\n\n\n\n<p class=\"wp-block-paragraph\"><\/p>\n","protected":false},"excerpt":{"rendered":"<p>La vacunaci\u00f3n se inici\u00f3 a las 9 horas en el sector del Laboratorio del Hospital donde se arm\u00f3 una sala de espera exclusiva para el \u00e1rea<\/p>\n","protected":false},"author":2,"featured_media":72326,"comment_status":"closed","ping_status":"open","sticky":false,"template":"","format":"standard","meta":{"footnotes":""},"categories":[1613],"tags":[1785],"class_list":["post-72323","post","type-post","status-publish","format-standard","has-post-thumbnail","hentry","category-noticia-secundaria","tag-coronavirus"],"featured_image_urls":{"full":["https:\/\/infoecos.com.ar\/wp-content\/uploads\/2021\/01\/Vacunacion-7.jpg",852,568,false],"thumbnail":["https:\/\/infoecos.com.ar\/wp-content\/uploads\/2021\/01\/Vacunacion-7-150x150.jpg",150,150,true],"medium":["https:\/\/infoecos.com.ar\/wp-content\/uploads\/2021\/01\/Vacunacion-7-460x307.jpg",460,307,true],"medium_large":["https:\/\/infoecos.com.ar\/wp-content\/uploads\/2021\/01\/Vacunacion-7-768x512.jpg",640,427,true],"large":["https:\/\/infoecos.com.ar\/wp-content\/uploads\/2021\/01\/Vacunacion-7.jpg",640,427,false],"1536x1536":["https:\/\/infoecos.com.ar\/wp-content\/uploads\/2021\/01\/Vacunacion-7.jpg",852,568,false],"2048x2048":["https:\/\/infoecos.com.ar\/wp-content\/uploads\/2021\/01\/Vacunacion-7.jpg",852,568,false],"covernews-slider-full":["https:\/\/infoecos.com.ar\/wp-content\/uploads\/2021\/01\/Vacunacion-7.jpg",852,568,false],"covernews-slider-center":["https:\/\/infoecos.com.ar\/wp-content\/uploads\/2021\/01\/Vacunacion-7.jpg",750,500,false],"covernews-featured":["https:\/\/infoecos.com.ar\/wp-content\/uploads\/2021\/01\/Vacunacion-7.jpg",852,568,false],"covernews-medium":["https:\/\/infoecos.com.ar\/wp-content\/uploads\/2021\/01\/Vacunacion-7-720x380.jpg",540,285,true],"covernews-medium-square":["https:\/\/infoecos.com.ar\/wp-content\/uploads\/2021\/01\/Vacunacion-7-675x450.jpg",375,250,true]},"author_info":{"info":["Jorge Matheus"]},"category_info":"<a href=\"https:\/\/infoecos.com.ar\/index.php\/category\/noticia-secundaria\/\" rel=\"category tag\">Noticia Secundaria<\/a>","tag_info":"Noticia Secundaria","comment_count":"0","_links":{"self":[{"href":"https:\/\/infoecos.com.ar\/index.php\/wp-json\/wp\/v2\/posts\/72323","targetHints":{"allow":["GET"]}}],"collection":[{"href":"https:\/\/infoecos.com.ar\/index.php\/wp-json\/wp\/v2\/posts"}],"about":[{"href":"https:\/\/infoecos.com.ar\/index.php\/wp-json\/wp\/v2\/types\/post"}],"author":[{"embeddable":true,"href":"https:\/\/infoecos.com.ar\/index.php\/wp-json\/wp\/v2\/users\/2"}],"replies":[{"embeddable":true,"href":"https:\/\/infoecos.com.ar\/index.php\/wp-json\/wp\/v2\/comments?post=72323"}],"version-history":[{"count":1,"href":"https:\/\/infoecos.com.ar\/index.php\/wp-json\/wp\/v2\/posts\/72323\/revisions"}],"predecessor-version":[{"id":72327,"href":"https:\/\/infoecos.com.ar\/index.php\/wp-json\/wp\/v2\/posts\/72323\/revisions\/72327"}],"wp:featuredmedia":[{"embeddable":true,"href":"https:\/\/infoecos.com.ar\/index.php\/wp-json\/wp\/v2\/media\/72326"}],"wp:attachment":[{"href":"https:\/\/infoecos.com.ar\/index.php\/wp-json\/wp\/v2\/media?parent=72323"}],"wp:term":[{"taxonomy":"category","embeddable":true,"href":"https:\/\/infoecos.com.ar\/index.php\/wp-json\/wp\/v2\/categories?post=72323"},{"taxonomy":"post_tag","embeddable":true,"href":"https:\/\/infoecos.com.ar\/index.php\/wp-json\/wp\/v2\/tags?post=72323"}],"curies":[{"name":"wp","href":"https:\/\/api.w.org\/{rel}","templated":true}]}}