{"id":72329,"date":"2021-01-06T16:48:11","date_gmt":"2021-01-06T19:48:11","guid":{"rendered":"http:\/\/infoecos.com.ar\/?p=72329"},"modified":"2021-01-06T16:50:13","modified_gmt":"2021-01-06T19:50:13","slug":"la-uatre-califico-de-incomprensibles-e-injustificables-las-medidas-dispuestas-por-tres-entidades-del-sector-agropecuario","status":"publish","type":"post","link":"https:\/\/infoecos.com.ar\/index.php\/la-uatre-califico-de-incomprensibles-e-injustificables-las-medidas-dispuestas-por-tres-entidades-del-sector-agropecuario\/","title":{"rendered":"La UATRE calific\u00f3 de \u00abincomprensibles e injustificables\u00bb las medidas dispuestas por entidades agropecuarias"},"content":{"rendered":"\n<p class=\"wp-block-paragraph\">Mientras los dirigentes m\u00e1s propensos a conversar con los medios de Confederaciones Rurales (CRA), Federaci\u00f3n Agraria (FAA) y la Sociedad Rural (SRA), hacen o\u00edr el descontento por la decisi\u00f3n gubernamental de cerrar la registraci\u00f3n de nuevas Declaraciones Juradas de Ventas al Exterior (DJVE) del ma\u00edz, el presidente de la Uni\u00f3n de Trabajadores Rurales y Estibadores (UATRE) dijo que \u201clas actitudes del sector patronal resultan cada vez m\u00e1s incomprensibles e injustificables\u201d. <\/p>\n\n\n\n<div class=\"wp-block-image\"><figure class=\"aligncenter size-large\"><img decoding=\"async\" src=\"http:\/\/infoecos.com.ar\/wp-content\/uploads\/imagenes.jpg\" alt=\"\" class=\"wp-image-30019\"\/><figcaption>Cosechadora John Deere<\/figcaption><\/figure><\/div>\n\n\n\n<p class=\"wp-block-paragraph\">Las tres entidades mencionados, salvo Coninagro, convocaron a un cese de comercializaci\u00f3n entre el lunes y el mi\u00e9rcoles de la semana pr\u00f3xima.<\/p>\n\n\n\n<p class=\"wp-block-paragraph\"><strong>Jos\u00e9 Voytenco<\/strong>, Secretario General de la Uni\u00f3n Argentina de Trabajadores Rurales y Estibadores (UATRE) critic\u00f3 el paro de 72 horas decidido por la Mesa de Enlace, se\u00f1alando que \u201ces absolutamente fuera de lugar el lockout patronal impulsado. Como casi ning\u00fan otro sector de la econom\u00eda de nuestro pa\u00eds, nuestro campo no vio resentido su funcionamiento en el a\u00f1o que pas\u00f3, pese a las dificultades impuestas por la irrupci\u00f3n del COVID-19\u201d.<\/p>\n\n\n\n<p class=\"wp-block-paragraph\">\u201cComo se recordar\u00e1, ya desde el comienzo de las medidas de aislamiento, los trabajadores rurales fueron declarados esenciales y no dejaron de trabajar ni un solo d\u00eda durante la pandemia. En 2020 no se detuvo ninguna actividad agropecuaria y a la mayor\u00eda les fue mejor que en el 2019. Tengamos en cuenta que hoy amanecimos con un precio de la soja de 500 d\u00f3lares por tonelada. El Gobierno Nacional ha demostrado saber diferenciar entre grandes, medianos y peque\u00f1os productores en la aplicaci\u00f3n de retenciones. Con todo esto a su favor, la convocatoria de los integrantes de la Mesa de Enlace a un paro de actividades resulta, cuanto menos, ins\u00f3lita y absurda\u201d, se\u00f1al\u00f3 adem\u00e1s.<\/p>\n\n\n\n<p class=\"wp-block-paragraph\">\u201cLas actitudes de la c\u00fapula del sector patronal del campo resultan cada vez m\u00e1s incomprensibles e injustificables. Al igual que en la cerrada negativa a pagar a los trabajadores rurales un bono de fin de a\u00f1o de 15 mil pesos, impulsar un paro empresarial ante una medida del gobierno que, en el peor de los casos, afecta a solo una parte del sector rural. Parecen estar pesando m\u00e1s cuestiones pol\u00edticas o ideol\u00f3gicas que la defensa de leg\u00edtimos intereses econ\u00f3micos\u201d, a\u00f1adi\u00f3 <strong>Voytenco<\/strong>, para agregar que \u00abla UATRE seguir\u00e1 acompa\u00f1ando las medidas del Gobierno aunque el sector empresario pretenda enfrentarlas. Consideramos que son acertadas ya que apuntan a proteger el mercado interno y la provisi\u00f3n de alimentos para toda la poblaci\u00f3n. Son medidas que est\u00e1n pensadas para el conjunto de la sociedad y nunca pueden ser condicionados por intereses sectoriales\u201d.\u00a0<\/p>\n\n\n\n<p class=\"wp-block-paragraph\"><\/p>\n","protected":false},"excerpt":{"rendered":"<p>Jos\u00e9 Voytenco, Secretario General de la Uni\u00f3n Argentina de Trabajadores Rurales y Estibadores (UATRE) critic\u00f3 el paro de 72 horas <\/p>\n","protected":false},"author":2,"featured_media":56405,"comment_status":"closed","ping_status":"open","sticky":false,"template":"","format":"standard","meta":{"footnotes":""},"categories":[28],"tags":[2544],"class_list":["post-72329","post","type-post","status-publish","format-standard","has-post-thumbnail","hentry","category-c1nota1","tag-por-el-cese-de-comercializacion"],"featured_image_urls":{"full":"","thumbnail":"","medium":"","medium_large":"","large":"","1536x1536":"","2048x2048":"","covernews-slider-full":"","covernews-slider-center":"","covernews-featured":"","covernews-medium":"","covernews-medium-square":""},"author_info":{"info":["Jorge Matheus"]},"category_info":"<a href=\"https:\/\/infoecos.com.ar\/index.php\/category\/c1nota1\/\" rel=\"category tag\">C1 N1<\/a>","tag_info":"C1 N1","comment_count":"0","_links":{"self":[{"href":"https:\/\/infoecos.com.ar\/index.php\/wp-json\/wp\/v2\/posts\/72329","targetHints":{"allow":["GET"]}}],"collection":[{"href":"https:\/\/infoecos.com.ar\/index.php\/wp-json\/wp\/v2\/posts"}],"about":[{"href":"https:\/\/infoecos.com.ar\/index.php\/wp-json\/wp\/v2\/types\/post"}],"author":[{"embeddable":true,"href":"https:\/\/infoecos.com.ar\/index.php\/wp-json\/wp\/v2\/users\/2"}],"replies":[{"embeddable":true,"href":"https:\/\/infoecos.com.ar\/index.php\/wp-json\/wp\/v2\/comments?post=72329"}],"version-history":[{"count":4,"href":"https:\/\/infoecos.com.ar\/index.php\/wp-json\/wp\/v2\/posts\/72329\/revisions"}],"predecessor-version":[{"id":72333,"href":"https:\/\/infoecos.com.ar\/index.php\/wp-json\/wp\/v2\/posts\/72329\/revisions\/72333"}],"wp:attachment":[{"href":"https:\/\/infoecos.com.ar\/index.php\/wp-json\/wp\/v2\/media?parent=72329"}],"wp:term":[{"taxonomy":"category","embeddable":true,"href":"https:\/\/infoecos.com.ar\/index.php\/wp-json\/wp\/v2\/categories?post=72329"},{"taxonomy":"post_tag","embeddable":true,"href":"https:\/\/infoecos.com.ar\/index.php\/wp-json\/wp\/v2\/tags?post=72329"}],"curies":[{"name":"wp","href":"https:\/\/api.w.org\/{rel}","templated":true}]}}