{"id":72334,"date":"2021-01-06T16:57:57","date_gmt":"2021-01-06T19:57:57","guid":{"rendered":"http:\/\/infoecos.com.ar\/?p=72334"},"modified":"2021-01-06T16:57:59","modified_gmt":"2021-01-06T19:57:59","slug":"el-presidente-le-pidio-solidaridad-a-los-productores-agropecuarios","status":"publish","type":"post","link":"https:\/\/infoecos.com.ar\/index.php\/el-presidente-le-pidio-solidaridad-a-los-productores-agropecuarios\/","title":{"rendered":"El presidente le pidi\u00f3 \u00absolidaridad\u00bb a los productores agropecuarios"},"content":{"rendered":"\n<p class=\"wp-block-paragraph\">El presidente Alberto Fern\u00e1ndez les plante\u00f3 este mi\u00e9rcoles a los productores agropecuarios y a sectores de la industria alimentaria tener \u201cun principio de solidaridad\u201d basado en \u201cgarantizar a los argentinos lo que se consume en el pa\u00eds\u201d a un precio acorde y que \u201cluego el resto lo exporten y cobren lo que quieran\u201d.<\/p>\n\n\n\n<div class=\"wp-block-image\"><figure class=\"aligncenter size-large\"><img decoding=\"async\" src=\"http:\/\/infoecos.com.ar\/wp-content\/uploads\/maiz.jpg\" alt=\"\" class=\"wp-image-17734\"\/><figcaption>Ma\u00edz<\/figcaption><\/figure><\/div>\n\n\n\n<p class=\"wp-block-paragraph\">\u201cYo entiendo que el -precio del- ma\u00edz ha crecido mucho y es una gran oportunidad de exportarlo, pero lo que no entiendo es porqu\u00e9 a los argentinos le tienen que cobrar el ma\u00edz del mismo modo que a otro que lo quiere pagar en otro lugar del mundo\u201d, dijo el jefe de Estado en declaraciones a radio Con Vos.<\/p>\n\n\n\n<p class=\"wp-block-paragraph\">\u201cLos productores producen el ma\u00edz en Argentina, pagan impuestos en Argentina, pagan tarifas en Argentina y por qu\u00e9 le tienen que hacer pagar a los argentinos el precio que paga el mundo\u201d, se pregunt\u00f3 el primer mandatario en la entrevista.<\/p>\n","protected":false},"excerpt":{"rendered":"<p>\u201cLos productores producen el ma\u00edz en Argentina, pagan impuestos en Argentina, pagan tarifas en Argentina y por qu\u00e9 le tienen que hacer pagar a los argentinos el precio que paga el mundo\u201d, se pregunt\u00f3<\/p>\n","protected":false},"author":2,"featured_media":53990,"comment_status":"closed","ping_status":"open","sticky":false,"template":"","format":"standard","meta":{"footnotes":""},"categories":[29],"tags":[2545],"class_list":["post-72334","post","type-post","status-publish","format-standard","has-post-thumbnail","hentry","category-c2nota1","tag-cierre-del-registro-de-maiz"],"featured_image_urls":{"full":"","thumbnail":"","medium":"","medium_large":"","large":"","1536x1536":"","2048x2048":"","covernews-slider-full":"","covernews-slider-center":"","covernews-featured":"","covernews-medium":"","covernews-medium-square":""},"author_info":{"info":["Jorge Matheus"]},"category_info":"<a href=\"https:\/\/infoecos.com.ar\/index.php\/category\/c2nota1\/\" rel=\"category tag\">C2 nota 1<\/a>","tag_info":"C2 nota 1","comment_count":"0","_links":{"self":[{"href":"https:\/\/infoecos.com.ar\/index.php\/wp-json\/wp\/v2\/posts\/72334","targetHints":{"allow":["GET"]}}],"collection":[{"href":"https:\/\/infoecos.com.ar\/index.php\/wp-json\/wp\/v2\/posts"}],"about":[{"href":"https:\/\/infoecos.com.ar\/index.php\/wp-json\/wp\/v2\/types\/post"}],"author":[{"embeddable":true,"href":"https:\/\/infoecos.com.ar\/index.php\/wp-json\/wp\/v2\/users\/2"}],"replies":[{"embeddable":true,"href":"https:\/\/infoecos.com.ar\/index.php\/wp-json\/wp\/v2\/comments?post=72334"}],"version-history":[{"count":1,"href":"https:\/\/infoecos.com.ar\/index.php\/wp-json\/wp\/v2\/posts\/72334\/revisions"}],"predecessor-version":[{"id":72335,"href":"https:\/\/infoecos.com.ar\/index.php\/wp-json\/wp\/v2\/posts\/72334\/revisions\/72335"}],"wp:attachment":[{"href":"https:\/\/infoecos.com.ar\/index.php\/wp-json\/wp\/v2\/media?parent=72334"}],"wp:term":[{"taxonomy":"category","embeddable":true,"href":"https:\/\/infoecos.com.ar\/index.php\/wp-json\/wp\/v2\/categories?post=72334"},{"taxonomy":"post_tag","embeddable":true,"href":"https:\/\/infoecos.com.ar\/index.php\/wp-json\/wp\/v2\/tags?post=72334"}],"curies":[{"name":"wp","href":"https:\/\/api.w.org\/{rel}","templated":true}]}}