{"id":72336,"date":"2021-01-06T17:09:03","date_gmt":"2021-01-06T20:09:03","guid":{"rendered":"http:\/\/infoecos.com.ar\/?p=72336"},"modified":"2021-01-06T17:09:05","modified_gmt":"2021-01-06T20:09:05","slug":"trenque-lauquen-recibio-3-346-748-pesos-del-fondo-para-el-turismo-y-la-cultura","status":"publish","type":"post","link":"https:\/\/infoecos.com.ar\/index.php\/trenque-lauquen-recibio-3-346-748-pesos-del-fondo-para-el-turismo-y-la-cultura\/","title":{"rendered":"Trenque Lauquen recibi\u00f3 3.346.748 pesos del Fondo para el Turismo y la Cultura"},"content":{"rendered":"\n<p class=\"wp-block-paragraph\">El distrito de Trenque Lauquen recibi\u00f3 3.346.748 pesos correspondientes a la segunda edici\u00f3n del Fondo Especial para la Reactivaci\u00f3n del Turismo y la Cultura, un programa de asistencia financiera creado por la provincia de Buenos Aires, que ser\u00e1n distribuidos entre m\u00e1s de 50 establecimientos locales de distintos rubros y que previamente se anotaron en el Cat\u00e1logo Tur\u00edstico y Cultural, seg\u00fan lo hab\u00eda dispuesto el ministerio de Producci\u00f3n, Ciencia e Innovaci\u00f3n Tecnol\u00f3gica bonaerense, se inform\u00f3 a trav\u00e9s del \u00e1rea de prensa municipal.<\/p>\n\n\n\n<div class=\"wp-block-image\"><figure class=\"aligncenter size-medium\"><img loading=\"lazy\" decoding=\"async\" width=\"460\" height=\"307\" src=\"http:\/\/infoecos.com.ar\/wp-content\/uploads\/2021\/01\/Bocca-y-Ferreyra-460x307.jpg\" alt=\"\" class=\"wp-image-72337\" srcset=\"https:\/\/infoecos.com.ar\/wp-content\/uploads\/2021\/01\/Bocca-y-Ferreyra-460x307.jpg 460w, https:\/\/infoecos.com.ar\/wp-content\/uploads\/2021\/01\/Bocca-y-Ferreyra-768x512.jpg 768w, https:\/\/infoecos.com.ar\/wp-content\/uploads\/2021\/01\/Bocca-y-Ferreyra-675x450.jpg 675w, https:\/\/infoecos.com.ar\/wp-content\/uploads\/2021\/01\/Bocca-y-Ferreyra.jpg 852w\" sizes=\"auto, (max-width: 460px) 100vw, 460px\" \/><\/figure><\/div>\n\n\n\n<p class=\"wp-block-paragraph\">La directora de Cultura, Mar\u00eda Elena Bocca, y el responsable del \u00c1rea de Promoci\u00f3n Tur\u00edstica de la Municipalidad, Maximiliano Ferreyra, brindaron este mi\u00e9rcoles detalles de esta etapa del programa e informaron que una vez culminado el proceso administrativo las instituciones beneficiadas podr\u00e1n cobrar el subsidio.<\/p>\n","protected":false},"excerpt":{"rendered":"<p>Ser\u00e1n distribuidos entre m\u00e1s de 50 establecimientos locales de distintos rubros y que previamente se anotaron en el Cat\u00e1logo Tur\u00edstico y Cultural<\/p>\n","protected":false},"author":2,"featured_media":72337,"comment_status":"closed","ping_status":"open","sticky":false,"template":"","format":"standard","meta":{"footnotes":""},"categories":[25],"tags":[2546],"class_list":["post-72336","post","type-post","status-publish","format-standard","has-post-thumbnail","hentry","category-c3nota1","tag-desde-el-gobierno-bonaerense"],"featured_image_urls":{"full":["https:\/\/infoecos.com.ar\/wp-content\/uploads\/2021\/01\/Bocca-y-Ferreyra.jpg",852,568,false],"thumbnail":["https:\/\/infoecos.com.ar\/wp-content\/uploads\/2021\/01\/Bocca-y-Ferreyra-150x150.jpg",150,150,true],"medium":["https:\/\/infoecos.com.ar\/wp-content\/uploads\/2021\/01\/Bocca-y-Ferreyra-460x307.jpg",460,307,true],"medium_large":["https:\/\/infoecos.com.ar\/wp-content\/uploads\/2021\/01\/Bocca-y-Ferreyra-768x512.jpg",640,427,true],"large":["https:\/\/infoecos.com.ar\/wp-content\/uploads\/2021\/01\/Bocca-y-Ferreyra.jpg",640,427,false],"1536x1536":["https:\/\/infoecos.com.ar\/wp-content\/uploads\/2021\/01\/Bocca-y-Ferreyra.jpg",852,568,false],"2048x2048":["https:\/\/infoecos.com.ar\/wp-content\/uploads\/2021\/01\/Bocca-y-Ferreyra.jpg",852,568,false],"covernews-slider-full":["https:\/\/infoecos.com.ar\/wp-content\/uploads\/2021\/01\/Bocca-y-Ferreyra.jpg",852,568,false],"covernews-slider-center":["https:\/\/infoecos.com.ar\/wp-content\/uploads\/2021\/01\/Bocca-y-Ferreyra.jpg",750,500,false],"covernews-featured":["https:\/\/infoecos.com.ar\/wp-content\/uploads\/2021\/01\/Bocca-y-Ferreyra.jpg",852,568,false],"covernews-medium":["https:\/\/infoecos.com.ar\/wp-content\/uploads\/2021\/01\/Bocca-y-Ferreyra-720x380.jpg",540,285,true],"covernews-medium-square":["https:\/\/infoecos.com.ar\/wp-content\/uploads\/2021\/01\/Bocca-y-Ferreyra-675x450.jpg",375,250,true]},"author_info":{"info":["Jorge Matheus"]},"category_info":"<a href=\"https:\/\/infoecos.com.ar\/index.php\/category\/c3nota1\/\" rel=\"category tag\">C3 N1<\/a>","tag_info":"C3 N1","comment_count":"0","_links":{"self":[{"href":"https:\/\/infoecos.com.ar\/index.php\/wp-json\/wp\/v2\/posts\/72336","targetHints":{"allow":["GET"]}}],"collection":[{"href":"https:\/\/infoecos.com.ar\/index.php\/wp-json\/wp\/v2\/posts"}],"about":[{"href":"https:\/\/infoecos.com.ar\/index.php\/wp-json\/wp\/v2\/types\/post"}],"author":[{"embeddable":true,"href":"https:\/\/infoecos.com.ar\/index.php\/wp-json\/wp\/v2\/users\/2"}],"replies":[{"embeddable":true,"href":"https:\/\/infoecos.com.ar\/index.php\/wp-json\/wp\/v2\/comments?post=72336"}],"version-history":[{"count":1,"href":"https:\/\/infoecos.com.ar\/index.php\/wp-json\/wp\/v2\/posts\/72336\/revisions"}],"predecessor-version":[{"id":72338,"href":"https:\/\/infoecos.com.ar\/index.php\/wp-json\/wp\/v2\/posts\/72336\/revisions\/72338"}],"wp:featuredmedia":[{"embeddable":true,"href":"https:\/\/infoecos.com.ar\/index.php\/wp-json\/wp\/v2\/media\/72337"}],"wp:attachment":[{"href":"https:\/\/infoecos.com.ar\/index.php\/wp-json\/wp\/v2\/media?parent=72336"}],"wp:term":[{"taxonomy":"category","embeddable":true,"href":"https:\/\/infoecos.com.ar\/index.php\/wp-json\/wp\/v2\/categories?post=72336"},{"taxonomy":"post_tag","embeddable":true,"href":"https:\/\/infoecos.com.ar\/index.php\/wp-json\/wp\/v2\/tags?post=72336"}],"curies":[{"name":"wp","href":"https:\/\/api.w.org\/{rel}","templated":true}]}}