{"id":72357,"date":"2021-01-06T18:27:14","date_gmt":"2021-01-06T21:27:14","guid":{"rendered":"http:\/\/infoecos.com.ar\/?p=72357"},"modified":"2021-01-06T18:27:17","modified_gmt":"2021-01-06T21:27:17","slug":"en-pehuajo-se-llevaran-a-cabo-operativos-para-garantizar-la-utilizacion-del-tapa-nariz-boca","status":"publish","type":"post","link":"https:\/\/infoecos.com.ar\/index.php\/en-pehuajo-se-llevaran-a-cabo-operativos-para-garantizar-la-utilizacion-del-tapa-nariz-boca\/","title":{"rendered":"En Pehuaj\u00f3 se llevar\u00e1n a cabo operativos para garantizar la utilizaci\u00f3n del tapa nariz-boca"},"content":{"rendered":"\n<p class=\"wp-block-paragraph\">Durante las jornadas del d\u00eda viernes y el d\u00eda s\u00e1bado, la municipalidad de Pehuaj\u00f3 llevar\u00e1 a cabo un operativo en la ciudad cabecera para, garantizar la utilizaci\u00f3n del tapa nariz-boca, en cumplimiento de las recomendaciones sanitarias para evitar la propagaci\u00f3n del coronavirus.\u00a0<\/p>\n\n\n\n<div class=\"wp-block-image\"><figure class=\"aligncenter size-medium\"><img loading=\"lazy\" decoding=\"async\" width=\"460\" height=\"316\" src=\"http:\/\/infoecos.com.ar\/wp-content\/uploads\/barbijos-460x316.jpg\" alt=\"\" class=\"wp-image-60658\" srcset=\"https:\/\/infoecos.com.ar\/wp-content\/uploads\/barbijos-460x316.jpg 460w, https:\/\/infoecos.com.ar\/wp-content\/uploads\/barbijos-920x631.jpg 920w, https:\/\/infoecos.com.ar\/wp-content\/uploads\/barbijos-768x527.jpg 768w, https:\/\/infoecos.com.ar\/wp-content\/uploads\/barbijos-1536x1054.jpg 1536w, https:\/\/infoecos.com.ar\/wp-content\/uploads\/barbijos-2048x1405.jpg 2048w, https:\/\/infoecos.com.ar\/wp-content\/uploads\/barbijos-1024x702.jpg 1024w\" sizes=\"auto, (max-width: 460px) 100vw, 460px\" \/><figcaption>Tapabocas o barbijos<\/figcaption><\/figure><\/div>\n\n\n\n<p class=\"wp-block-paragraph\">La medida se llevar\u00e1 a cabo en cumplimiento de la<strong>\u00a0Ordenanza N\u00ba 98\/20,\u00a0<\/strong>que establece la utilizaci\u00f3n obligatoria del tapa nariz &#8211; boca en el Partido de Pehuaj\u00f3. La misma se corresponde con las medidas implementadas por el gobierno nacional y provincial, de probada eficacia para reducir las posibilidades de contagio del virus que ha causado 19 muertes solo en el Partido de Pehuaj\u00f3.<\/p>\n\n\n\n<p class=\"wp-block-paragraph\">La misma dispone el uso obligatorio de tapaboca ser\u00e1 en la v\u00eda p\u00fablica, en el transporte privado cuando haya m\u00e1s de 2 personas, en todo tipo de locales, comercios, entidades, oficinas p\u00fablicas y cualquier otro espacio de acceso al p\u00fablico. Y para el incumplimiento establece:\u00a0\u00a0<strong>la sanci\u00f3n de multa, que ser\u00e1 graduada entre la suma de 10 UF hasta 50 UF en caso de incumplimiento o violaci\u00f3n de lo aqu\u00ed <strong>establecido, elev\u00e1ndose el monto a la suma de 100 UF en caso de reincidencia con la intervenci\u00f3n del juzgado de faltas municipal para la redacci\u00f3n de actas de infracci\u00f3n, y ejecuci\u00f3n de las multas que surjan a ra\u00edz de los incumplimientos detectados.<\/strong><\/strong><\/p>\n\n\n\n<p class=\"wp-block-paragraph\">Los operativos estar\u00e1n bajo la \u00f3rbita de la Secretar\u00eda de Seguridad que encabeza Walter Pelle, y tienen como prop\u00f3sito la utilizaci\u00f3n del TAPA NARIZ-BOCA como m\u00e9todo para detener los contagios<\/p>\n\n\n\n<p class=\"wp-block-paragraph\"><strong>A la fecha Pehuaj\u00f3 contabiliza 46 casos activos de coronavirus y 19 fallecidos desde el inicio de la pandemia. En este marco, desde la municipalidad de Pehuaj\u00f3 se solicita a todos los vecinos y todas las vecinas, que ante la presencia de alguno de los s\u00edntomas conocidos como: p\u00e9rdida de olfato o gusto, dolor de cabeza, malestar, dolor de garganta y fiebre, es sumamente importante resguardarse&nbsp;en domicilio y llamar al 107 para alertar al personal sanitario a los fines de evitar la propagaci\u00f3n del virus.<\/strong><\/p>\n","protected":false},"excerpt":{"rendered":"<p>La medida se llevar\u00e1 a cabo en cumplimiento de la Ordenanza N\u00ba 98\/20, que establece la utilizaci\u00f3n obligatoria del tapa nariz &#8211; boca en el Partido de Pehuaj\u00f3<\/p>\n","protected":false},"author":2,"featured_media":60658,"comment_status":"closed","ping_status":"open","sticky":false,"template":"","format":"standard","meta":{"footnotes":""},"categories":[49],"tags":[2552],"class_list":["post-72357","post","type-post","status-publish","format-standard","has-post-thumbnail","hentry","category-c3nota3","tag-para-aumentar-la-prevencion"],"featured_image_urls":{"full":["https:\/\/infoecos.com.ar\/wp-content\/uploads\/barbijos-scaled.jpg",2560,1756,false],"thumbnail":["https:\/\/infoecos.com.ar\/wp-content\/uploads\/barbijos-150x150.jpg",150,150,true],"medium":["https:\/\/infoecos.com.ar\/wp-content\/uploads\/barbijos-460x316.jpg",460,316,true],"medium_large":["https:\/\/infoecos.com.ar\/wp-content\/uploads\/barbijos-768x527.jpg",640,439,true],"large":["https:\/\/infoecos.com.ar\/wp-content\/uploads\/barbijos-920x631.jpg",640,439,true],"1536x1536":["https:\/\/infoecos.com.ar\/wp-content\/uploads\/barbijos-1536x1054.jpg",1536,1054,true],"2048x2048":["https:\/\/infoecos.com.ar\/wp-content\/uploads\/barbijos-2048x1405.jpg",2048,1405,true],"covernews-slider-full":["https:\/\/infoecos.com.ar\/wp-content\/uploads\/barbijos-1536x1020.jpg",1077,715,true],"covernews-slider-center":["https:\/\/infoecos.com.ar\/wp-content\/uploads\/barbijos-936x897.jpg",522,500,true],"covernews-featured":["https:\/\/infoecos.com.ar\/wp-content\/uploads\/barbijos-1024x702.jpg",1024,702,true],"covernews-medium":["https:\/\/infoecos.com.ar\/wp-content\/uploads\/barbijos-720x380.jpg",540,285,true],"covernews-medium-square":["https:\/\/infoecos.com.ar\/wp-content\/uploads\/barbijos-675x450.jpg",375,250,true]},"author_info":{"info":["Jorge Matheus"]},"category_info":"<a href=\"https:\/\/infoecos.com.ar\/index.php\/category\/c3nota3\/\" rel=\"category tag\">C3 N3<\/a>","tag_info":"C3 N3","comment_count":"0","_links":{"self":[{"href":"https:\/\/infoecos.com.ar\/index.php\/wp-json\/wp\/v2\/posts\/72357","targetHints":{"allow":["GET"]}}],"collection":[{"href":"https:\/\/infoecos.com.ar\/index.php\/wp-json\/wp\/v2\/posts"}],"about":[{"href":"https:\/\/infoecos.com.ar\/index.php\/wp-json\/wp\/v2\/types\/post"}],"author":[{"embeddable":true,"href":"https:\/\/infoecos.com.ar\/index.php\/wp-json\/wp\/v2\/users\/2"}],"replies":[{"embeddable":true,"href":"https:\/\/infoecos.com.ar\/index.php\/wp-json\/wp\/v2\/comments?post=72357"}],"version-history":[{"count":1,"href":"https:\/\/infoecos.com.ar\/index.php\/wp-json\/wp\/v2\/posts\/72357\/revisions"}],"predecessor-version":[{"id":72358,"href":"https:\/\/infoecos.com.ar\/index.php\/wp-json\/wp\/v2\/posts\/72357\/revisions\/72358"}],"wp:featuredmedia":[{"embeddable":true,"href":"https:\/\/infoecos.com.ar\/index.php\/wp-json\/wp\/v2\/media\/60658"}],"wp:attachment":[{"href":"https:\/\/infoecos.com.ar\/index.php\/wp-json\/wp\/v2\/media?parent=72357"}],"wp:term":[{"taxonomy":"category","embeddable":true,"href":"https:\/\/infoecos.com.ar\/index.php\/wp-json\/wp\/v2\/categories?post=72357"},{"taxonomy":"post_tag","embeddable":true,"href":"https:\/\/infoecos.com.ar\/index.php\/wp-json\/wp\/v2\/tags?post=72357"}],"curies":[{"name":"wp","href":"https:\/\/api.w.org\/{rel}","templated":true}]}}