{"id":72377,"date":"2021-01-07T13:16:47","date_gmt":"2021-01-07T16:16:47","guid":{"rendered":"http:\/\/infoecos.com.ar\/?p=72377"},"modified":"2021-01-08T01:34:18","modified_gmt":"2021-01-08T04:34:18","slug":"la-restriccion-nocturna-en-todo-el-pais-se-anunciara-esta-tarde","status":"publish","type":"post","link":"https:\/\/infoecos.com.ar\/index.php\/la-restriccion-nocturna-en-todo-el-pais-se-anunciara-esta-tarde\/","title":{"rendered":"En estas horas se conocer\u00e1 el decreto presidencial disponiendo restricciones para la circulaci\u00f3n nocturna"},"content":{"rendered":"\n<p class=\"wp-block-paragraph\">Se anunciar\u00e1 en estas horas la restricci\u00f3n nocturna en todo el pa\u00eds ante el aumento de casos de\u00a0<strong>coronavirus<\/strong>, por lo que se prohibir\u00e1 la circulaci\u00f3n comunitaria en determinados horarios. <\/p>\n\n\n\n<div class=\"wp-block-image\"><figure class=\"aligncenter size-medium\"><img loading=\"lazy\" decoding=\"async\" width=\"460\" height=\"258\" src=\"http:\/\/infoecos.com.ar\/wp-content\/uploads\/2021\/01\/cafierosantiago-460x258.jpg\" alt=\"\" class=\"wp-image-72378\" srcset=\"https:\/\/infoecos.com.ar\/wp-content\/uploads\/2021\/01\/cafierosantiago-460x258.jpg 460w, https:\/\/infoecos.com.ar\/wp-content\/uploads\/2021\/01\/cafierosantiago.jpg 600w\" sizes=\"auto, (max-width: 460px) 100vw, 460px\" \/><\/figure><\/div>\n\n\n\n<p class=\"wp-block-paragraph\">Ayer se confirm\u00f3 que la propuesta de Fern\u00e1ndez, consensuada con los gobernadores el mi\u00e9rcoles, se har\u00e1 efectiva. El anuncio oficial lo hizo el jefe de Gabinete,\u00a0Santiago Cafiero, quien brind\u00f3 una conferencia de prensa desde el Instituto Malbr\u00e1n. <\/p>\n\n\n\n<p class=\"wp-block-paragraph\">Anunci\u00f3 que comenzar\u00e1 a regir a partir de este viernes. A pesar de que a\u00fan no existe confirmaci\u00f3n oficial, se estima que el \u00abtoque de queda sanitario\u00bb comience a las 23:00 y finalice a las 6:00. Por otro lado, se prev\u00e9 que se establezca un piso de contagios a partir del cual los gobernadores podr\u00e1n pedir ser exceptuados de esta y otras medidas restrictivas.<\/p>\n\n\n\n<p class=\"wp-block-paragraph\">\u00abLa vacuna es una esperanza de dar vuelta la p\u00e1gina, pero reci\u00e9n se inicia y todav\u00eda falta; hay que seguir extremando las medidas de cuidado, sobre todo en encuentros sociales\u00bb ya que \u00abel riesgo est\u00e1 en los descuidos personales, eso hay que cuidar\u00bb, a\u00f1adi\u00f3.<\/p>\n\n\n\n<p class=\"wp-block-paragraph\">En otro orden, Cafiero dijo que las restricciones que ser\u00e1n anunciadas \u00abno van a alterar la temporada\u00bb de verano.<\/p>\n\n\n\n<p class=\"wp-block-paragraph\">\u00abQueremos que la temporada contin\u00fae y sea de cuidados. Queremos defender el trabajo, la producci\u00f3n y los comercios. Necesitamos que se extremen cuidados para que la temporada pueda continuar. La temporada no se va a ver alterada en lo m\u00e1s m\u00ednimo por esto\u00bb, aclar\u00f3.<\/p>\n\n\n\n<p class=\"wp-block-paragraph\">En horas de la noche de este jueves se supo que C\u00f3rdoba, Mendoza y CABA, no est\u00e1n demasiado de acuerdo con las medidas a anunciar. Por lo tanto, desde el Gobierno Nacional se hizo saber que cada jurisdicci\u00f3n podr\u00e1 definir qu\u00e9 medidas implementar.<\/p>\n","protected":false},"excerpt":{"rendered":"<p>Se confirm\u00f3 que la propuesta de Fern\u00e1ndez, consensuada con los gobernadores el mi\u00e9rcoles, se har\u00e1 efectiva, aunque cada jurisdicci\u00f3n podr\u00e1 definir qu\u00e9 medidas implementar<\/p>\n","protected":false},"author":2,"featured_media":72378,"comment_status":"closed","ping_status":"open","sticky":false,"template":"","format":"standard","meta":{"footnotes":""},"categories":[1612],"tags":[],"class_list":["post-72377","post","type-post","status-publish","format-standard","has-post-thumbnail","hentry","category-noticia-principal"],"featured_image_urls":{"full":["https:\/\/infoecos.com.ar\/wp-content\/uploads\/2021\/01\/cafierosantiago.jpg",600,337,false],"thumbnail":["https:\/\/infoecos.com.ar\/wp-content\/uploads\/2021\/01\/cafierosantiago-150x150.jpg",150,150,true],"medium":["https:\/\/infoecos.com.ar\/wp-content\/uploads\/2021\/01\/cafierosantiago-460x258.jpg",460,258,true],"medium_large":["https:\/\/infoecos.com.ar\/wp-content\/uploads\/2021\/01\/cafierosantiago.jpg",600,337,false],"large":["https:\/\/infoecos.com.ar\/wp-content\/uploads\/2021\/01\/cafierosantiago.jpg",600,337,false],"1536x1536":["https:\/\/infoecos.com.ar\/wp-content\/uploads\/2021\/01\/cafierosantiago.jpg",600,337,false],"2048x2048":["https:\/\/infoecos.com.ar\/wp-content\/uploads\/2021\/01\/cafierosantiago.jpg",600,337,false],"covernews-slider-full":["https:\/\/infoecos.com.ar\/wp-content\/uploads\/2021\/01\/cafierosantiago.jpg",600,337,false],"covernews-slider-center":["https:\/\/infoecos.com.ar\/wp-content\/uploads\/2021\/01\/cafierosantiago.jpg",600,337,false],"covernews-featured":["https:\/\/infoecos.com.ar\/wp-content\/uploads\/2021\/01\/cafierosantiago.jpg",600,337,false],"covernews-medium":["https:\/\/infoecos.com.ar\/wp-content\/uploads\/2021\/01\/cafierosantiago.jpg",540,303,false],"covernews-medium-square":["https:\/\/infoecos.com.ar\/wp-content\/uploads\/2021\/01\/cafierosantiago.jpg",400,225,false]},"author_info":{"info":["Jorge Matheus"]},"category_info":"<a href=\"https:\/\/infoecos.com.ar\/index.php\/category\/noticia-principal\/\" rel=\"category tag\">Noticia Principal<\/a>","tag_info":"Noticia Principal","comment_count":"0","_links":{"self":[{"href":"https:\/\/infoecos.com.ar\/index.php\/wp-json\/wp\/v2\/posts\/72377","targetHints":{"allow":["GET"]}}],"collection":[{"href":"https:\/\/infoecos.com.ar\/index.php\/wp-json\/wp\/v2\/posts"}],"about":[{"href":"https:\/\/infoecos.com.ar\/index.php\/wp-json\/wp\/v2\/types\/post"}],"author":[{"embeddable":true,"href":"https:\/\/infoecos.com.ar\/index.php\/wp-json\/wp\/v2\/users\/2"}],"replies":[{"embeddable":true,"href":"https:\/\/infoecos.com.ar\/index.php\/wp-json\/wp\/v2\/comments?post=72377"}],"version-history":[{"count":2,"href":"https:\/\/infoecos.com.ar\/index.php\/wp-json\/wp\/v2\/posts\/72377\/revisions"}],"predecessor-version":[{"id":72394,"href":"https:\/\/infoecos.com.ar\/index.php\/wp-json\/wp\/v2\/posts\/72377\/revisions\/72394"}],"wp:featuredmedia":[{"embeddable":true,"href":"https:\/\/infoecos.com.ar\/index.php\/wp-json\/wp\/v2\/media\/72378"}],"wp:attachment":[{"href":"https:\/\/infoecos.com.ar\/index.php\/wp-json\/wp\/v2\/media?parent=72377"}],"wp:term":[{"taxonomy":"category","embeddable":true,"href":"https:\/\/infoecos.com.ar\/index.php\/wp-json\/wp\/v2\/categories?post=72377"},{"taxonomy":"post_tag","embeddable":true,"href":"https:\/\/infoecos.com.ar\/index.php\/wp-json\/wp\/v2\/tags?post=72377"}],"curies":[{"name":"wp","href":"https:\/\/api.w.org\/{rel}","templated":true}]}}