{"id":72412,"date":"2021-01-08T16:21:23","date_gmt":"2021-01-08T19:21:23","guid":{"rendered":"http:\/\/infoecos.com.ar\/?p=72412"},"modified":"2021-01-12T16:01:13","modified_gmt":"2021-01-12T19:01:13","slug":"114-anos-de-carlos-casares-emotivo-discurso-de-walter-torchio","status":"publish","type":"post","link":"https:\/\/infoecos.com.ar\/index.php\/114-anos-de-carlos-casares-emotivo-discurso-de-walter-torchio\/","title":{"rendered":"114 a\u00f1os de Carlos Casares: emotivo discurso de Walter Torchio"},"content":{"rendered":"\n<p class=\"wp-block-paragraph\">Carlos Casares celebr\u00f3 sus 114 a\u00f1os. Este viernes se desarroll\u00f3 el acto central, donde hubo varios oradores que se refirieron a la historia de esa pujante ciudad de la regi\u00f3n. El profesor, Daniel Lombardo, narr\u00f3 hasta la gestaci\u00f3n gracias a la donaci\u00f3n de Antonio Maya, y posteriormente se refiri\u00f3 a la colonizaci\u00f3n de la comunidad jud\u00eda.<\/p>\n\n\n\n<div class=\"wp-block-image\"><figure class=\"aligncenter size-medium\"><img loading=\"lazy\" decoding=\"async\" width=\"1029\" height=\"683\" src=\"http:\/\/infoecos.com.ar\/wp-content\/uploads\/2021\/01\/5-460x305.jpg\" alt=\"\" class=\"wp-image-72413\" srcset=\"https:\/\/infoecos.com.ar\/wp-content\/uploads\/2021\/01\/5-460x305.jpg 460w, https:\/\/infoecos.com.ar\/wp-content\/uploads\/2021\/01\/5-920x611.jpg 920w, https:\/\/infoecos.com.ar\/wp-content\/uploads\/2021\/01\/5-768x510.jpg 768w, https:\/\/infoecos.com.ar\/wp-content\/uploads\/2021\/01\/5-1024x680.jpg 1024w, https:\/\/infoecos.com.ar\/wp-content\/uploads\/2021\/01\/5.jpg 1029w\" sizes=\"auto, (max-width: 1029px) 100vw, 1029px\" \/><\/figure><\/div>\n\n\n\n<p class=\"wp-block-paragraph\">El intendente municipal, Walter Torchio, expres\u00f3 su orgullo de ser un casarense de pura cepa y al referirse a la gesti\u00f3n municipal hizo hincapi\u00e9 en la obras a concretar. Destac\u00f3 que \u00abtenemos una propuesta; llegar al 2.023 con 100% de cloacas, agua potable y&nbsp; cero calles de tierras, lo cual es un desaf\u00edo\u00bb. \u00abHoy nos toca, ser los continuadores de aquel legado de construir, d\u00eda a d\u00eda, un Casares mejor de todos y para todos\u201d, apunt\u00f3.<\/p>\n\n\n\n<p class=\"wp-block-paragraph\">Debido a la situaci\u00f3n sanitaria el acto fue reducido, pero de toda maneras estuvieron representantes de las colectividades, espa\u00f1ola, italiana e israelita.<\/p>\n\n\n\n<p class=\"wp-block-paragraph\">Con relaci\u00f3n a la pandemia, Torchio se\u00f1al\u00f3 que \u201cagradezco a todos los que hoy luchan por hacer m\u00e1s grande a Carlos Casares y poder combatir a la pandemia que nos tiene complicados\u00bb<strong>. <\/strong><\/p>\n\n\n\n<div class=\"wp-block-image\"><figure class=\"aligncenter size-medium\"><img loading=\"lazy\" decoding=\"async\" width=\"460\" height=\"294\" src=\"http:\/\/infoecos.com.ar\/wp-content\/uploads\/2021\/01\/6-460x294.jpg\" alt=\"\" class=\"wp-image-72414\" srcset=\"https:\/\/infoecos.com.ar\/wp-content\/uploads\/2021\/01\/6-460x294.jpg 460w, https:\/\/infoecos.com.ar\/wp-content\/uploads\/2021\/01\/6-920x588.jpg 920w, https:\/\/infoecos.com.ar\/wp-content\/uploads\/2021\/01\/6-768x491.jpg 768w, https:\/\/infoecos.com.ar\/wp-content\/uploads\/2021\/01\/6-1024x655.jpg 1024w, https:\/\/infoecos.com.ar\/wp-content\/uploads\/2021\/01\/6.jpg 1029w\" sizes=\"auto, (max-width: 460px) 100vw, 460px\" \/><\/figure><\/div>\n\n\n\n<p class=\"wp-block-paragraph\">El mandatario comunal tuvo emotivas palabras en un tramo de su alocuci\u00f3n, al indicar que \u201csiento satisfacci\u00f3n por ser casarense, haberme criado, educado, desarrollado como persona y profesionalmente y hoy, tener la responsabilidad de ser Intendente. Por eso, al transitar las calles que son como mis propias venas y arterias porque siento la sangre de los casarenses y, \u00e9sta plaza San Mart\u00edn para m\u00ed es el coraz\u00f3n de la ciudad que es como si fuese mi propio coraz\u00f3n\u201d.<\/p>\n\n\n\n<p class=\"wp-block-paragraph\"><\/p>\n\n\n\n<p class=\"wp-block-paragraph\"><\/p>\n\n\n\n<p class=\"wp-block-paragraph\"><\/p>\n","protected":false},"excerpt":{"rendered":"<p>El profesor, Daniel Lombardo, narr\u00f3 hasta la gestaci\u00f3n gracias a la donaci\u00f3n de Antonio Maya, y posteriormente se refiri\u00f3 a la colonizaci\u00f3n de la comunidad jud\u00eda<\/p>\n","protected":false},"author":2,"featured_media":72415,"comment_status":"closed","ping_status":"open","sticky":false,"template":"","format":"standard","meta":{"footnotes":""},"categories":[42],"tags":[2436],"class_list":["post-72412","post","type-post","status-publish","format-standard","has-post-thumbnail","hentry","category-inferior3","tag-celebracion"],"featured_image_urls":{"full":["https:\/\/infoecos.com.ar\/wp-content\/uploads\/2021\/01\/2.jpg",1029,683,false],"thumbnail":["https:\/\/infoecos.com.ar\/wp-content\/uploads\/2021\/01\/2-150x150.jpg",150,150,true],"medium":["https:\/\/infoecos.com.ar\/wp-content\/uploads\/2021\/01\/2-460x305.jpg",460,305,true],"medium_large":["https:\/\/infoecos.com.ar\/wp-content\/uploads\/2021\/01\/2-768x510.jpg",640,425,true],"large":["https:\/\/infoecos.com.ar\/wp-content\/uploads\/2021\/01\/2-920x611.jpg",640,425,true],"1536x1536":["https:\/\/infoecos.com.ar\/wp-content\/uploads\/2021\/01\/2.jpg",1029,683,false],"2048x2048":["https:\/\/infoecos.com.ar\/wp-content\/uploads\/2021\/01\/2.jpg",1029,683,false],"covernews-slider-full":["https:\/\/infoecos.com.ar\/wp-content\/uploads\/2021\/01\/2.jpg",1029,683,false],"covernews-slider-center":["https:\/\/infoecos.com.ar\/wp-content\/uploads\/2021\/01\/2-936x683.jpg",685,500,true],"covernews-featured":["https:\/\/infoecos.com.ar\/wp-content\/uploads\/2021\/01\/2-1024x680.jpg",1024,680,true],"covernews-medium":["https:\/\/infoecos.com.ar\/wp-content\/uploads\/2021\/01\/2-720x380.jpg",540,285,true],"covernews-medium-square":["https:\/\/infoecos.com.ar\/wp-content\/uploads\/2021\/01\/2-675x450.jpg",375,250,true]},"author_info":{"info":["Jorge Matheus"]},"category_info":"<a href=\"https:\/\/infoecos.com.ar\/index.php\/category\/inferior3\/\" rel=\"category tag\">Bloque inferior - 3<\/a>","tag_info":"Bloque inferior - 3","comment_count":"0","_links":{"self":[{"href":"https:\/\/infoecos.com.ar\/index.php\/wp-json\/wp\/v2\/posts\/72412","targetHints":{"allow":["GET"]}}],"collection":[{"href":"https:\/\/infoecos.com.ar\/index.php\/wp-json\/wp\/v2\/posts"}],"about":[{"href":"https:\/\/infoecos.com.ar\/index.php\/wp-json\/wp\/v2\/types\/post"}],"author":[{"embeddable":true,"href":"https:\/\/infoecos.com.ar\/index.php\/wp-json\/wp\/v2\/users\/2"}],"replies":[{"embeddable":true,"href":"https:\/\/infoecos.com.ar\/index.php\/wp-json\/wp\/v2\/comments?post=72412"}],"version-history":[{"count":2,"href":"https:\/\/infoecos.com.ar\/index.php\/wp-json\/wp\/v2\/posts\/72412\/revisions"}],"predecessor-version":[{"id":72500,"href":"https:\/\/infoecos.com.ar\/index.php\/wp-json\/wp\/v2\/posts\/72412\/revisions\/72500"}],"wp:featuredmedia":[{"embeddable":true,"href":"https:\/\/infoecos.com.ar\/index.php\/wp-json\/wp\/v2\/media\/72415"}],"wp:attachment":[{"href":"https:\/\/infoecos.com.ar\/index.php\/wp-json\/wp\/v2\/media?parent=72412"}],"wp:term":[{"taxonomy":"category","embeddable":true,"href":"https:\/\/infoecos.com.ar\/index.php\/wp-json\/wp\/v2\/categories?post=72412"},{"taxonomy":"post_tag","embeddable":true,"href":"https:\/\/infoecos.com.ar\/index.php\/wp-json\/wp\/v2\/tags?post=72412"}],"curies":[{"name":"wp","href":"https:\/\/api.w.org\/{rel}","templated":true}]}}