{"id":72417,"date":"2021-01-08T16:38:05","date_gmt":"2021-01-08T19:38:05","guid":{"rendered":"http:\/\/infoecos.com.ar\/?p=72417"},"modified":"2021-01-11T01:59:31","modified_gmt":"2021-01-11T04:59:31","slug":"en-lincoln-se-inicio-la-primera-etapa-del-plan-de-vacunacion-contra-el-covid-19","status":"publish","type":"post","link":"https:\/\/infoecos.com.ar\/index.php\/en-lincoln-se-inicio-la-primera-etapa-del-plan-de-vacunacion-contra-el-covid-19\/","title":{"rendered":"En Lincoln se inici\u00f3 la primera etapa del Plan de Vacunaci\u00f3n contra el COVID-19"},"content":{"rendered":"\n<p class=\"wp-block-paragraph\">En el vacunatorio del Hospital de Lincoln, se inici\u00f3 la primera etapa del Plan de Vacunaci\u00f3n contra COVID-19 que alcanza a los trabajadores del sistema de salud con mayor grado de exposici\u00f3n al virus. De esta manera, en diferentes turnos, personal del sector de terapia intensiva, cl\u00ednica m\u00e9dica y guardia de emergencias recibieron la primera dosis de la vacuna Sputnik V.<\/p>\n\n\n\n<div class=\"wp-block-image\"><figure class=\"aligncenter size-medium\"><img loading=\"lazy\" decoding=\"async\" width=\"460\" height=\"307\" src=\"http:\/\/infoecos.com.ar\/wp-content\/uploads\/2021\/01\/IMG_5349-460x307.jpg\" alt=\"\" class=\"wp-image-72418\" srcset=\"https:\/\/infoecos.com.ar\/wp-content\/uploads\/2021\/01\/IMG_5349-460x307.jpg 460w, https:\/\/infoecos.com.ar\/wp-content\/uploads\/2021\/01\/IMG_5349-920x613.jpg 920w, https:\/\/infoecos.com.ar\/wp-content\/uploads\/2021\/01\/IMG_5349-768x512.jpg 768w, https:\/\/infoecos.com.ar\/wp-content\/uploads\/2021\/01\/IMG_5349-1024x682.jpg 1024w, https:\/\/infoecos.com.ar\/wp-content\/uploads\/2021\/01\/IMG_5349-675x450.jpg 675w, https:\/\/infoecos.com.ar\/wp-content\/uploads\/2021\/01\/IMG_5349.jpg 1280w\" sizes=\"auto, (max-width: 460px) 100vw, 460px\" \/><\/figure><\/div>\n\n\n\n<p class=\"wp-block-paragraph\">Durante la puesta en marcha de la primera etapa del \u201cPlan Estrat\u00e9gico de inmunizaci\u00f3n contra COVID-19\u201d estuvieron presentes el secretario de Salud, Sergio Lorenzo, y el responsable de vacunaci\u00f3n del Hospital, Guillermo Garc\u00eda.<\/p>\n\n\n\n<p class=\"wp-block-paragraph\">En ese marco, Lorenzo detall\u00f3 que la vacunaci\u00f3n \u201cse inici\u00f3 con el personal de mayor exposici\u00f3n en la atenci\u00f3n de pacientes de Covid, de acuerdo a las indicaciones que recibimos del Ministerio de Salud\u201d, e indic\u00f3 que \u201ctodo el personal de Salud, tanto p\u00fablico como privado, recibir\u00e1 la vacuna en el \u00fanico centro de vacunaci\u00f3n autorizado que es el del Hospital\u201d.<\/p>\n\n\n\n<p class=\"wp-block-paragraph\">A su vez, el encargado de la cartera de Salud municipal asegur\u00f3: \u201cEl servicio de vacunaci\u00f3n est\u00e1 preparado desde el primer d\u00eda para afrontar este desaf\u00edo y cumplir con nuestra necesidad que es inmunizar a la mayor cantidad de agentes\u201d.&nbsp;<\/p>\n\n\n\n<div class=\"wp-block-image\"><figure class=\"aligncenter size-medium\"><img loading=\"lazy\" decoding=\"async\" width=\"460\" height=\"307\" src=\"http:\/\/infoecos.com.ar\/wp-content\/uploads\/2021\/01\/IMG_5351-460x307.jpg\" alt=\"\" class=\"wp-image-72419\" srcset=\"https:\/\/infoecos.com.ar\/wp-content\/uploads\/2021\/01\/IMG_5351-460x307.jpg 460w, https:\/\/infoecos.com.ar\/wp-content\/uploads\/2021\/01\/IMG_5351-920x613.jpg 920w, https:\/\/infoecos.com.ar\/wp-content\/uploads\/2021\/01\/IMG_5351-768x512.jpg 768w, https:\/\/infoecos.com.ar\/wp-content\/uploads\/2021\/01\/IMG_5351-1024x682.jpg 1024w, https:\/\/infoecos.com.ar\/wp-content\/uploads\/2021\/01\/IMG_5351-675x450.jpg 675w, https:\/\/infoecos.com.ar\/wp-content\/uploads\/2021\/01\/IMG_5351.jpg 1280w\" sizes=\"auto, (max-width: 460px) 100vw, 460px\" \/><\/figure><\/div>\n\n\n\n<p class=\"wp-block-paragraph\">Por su parte, Guillermo Garc\u00eda, responsable de vacunaci\u00f3n del Hospital, se refiri\u00f3 a la conservaci\u00f3n de las dosis del medicamento y manifest\u00f3: \u201cLas vacunas llegaron en \u00f3ptimas condiciones y el sistema de fr\u00edo. Por nuestra parte, est\u00e1 totalmente asegurado con un sistema de control de temperatura con un term\u00f3metro digital y un monitoreo permanente que realiza el personal\u201d.&nbsp;<\/p>\n\n\n\n<p class=\"wp-block-paragraph\">En cuanto al desarrollo del programa de inmunizaci\u00f3n, Garc\u00eda afirm\u00f3 que funcionar\u00e1 \u201ccon dos o tres vacunadores por d\u00eda para cubrir lo m\u00e1s pronto posible la inmunizaci\u00f3n del personal que est\u00e1 en la primera l\u00ednea, y luego ir citando por prioridad de trabajo frente al COVID-19 a las terapias, las cl\u00ednicas y todos los centros de salud del partido de Lincoln\u201d.<\/p>\n","protected":false},"excerpt":{"rendered":"<p>Alcanza a los trabajadores del sistema de salud con mayor grado de exposici\u00f3n al virus<\/p>\n","protected":false},"author":2,"featured_media":72418,"comment_status":"closed","ping_status":"open","sticky":false,"template":"","format":"standard","meta":{"footnotes":""},"categories":[1325],"tags":[156],"class_list":["post-72417","post","type-post","status-publish","format-standard","has-post-thumbnail","hentry","category-c1nota6","tag-salud"],"featured_image_urls":{"full":["https:\/\/infoecos.com.ar\/wp-content\/uploads\/2021\/01\/IMG_5349.jpg",1280,853,false],"thumbnail":["https:\/\/infoecos.com.ar\/wp-content\/uploads\/2021\/01\/IMG_5349-150x150.jpg",150,150,true],"medium":["https:\/\/infoecos.com.ar\/wp-content\/uploads\/2021\/01\/IMG_5349-460x307.jpg",460,307,true],"medium_large":["https:\/\/infoecos.com.ar\/wp-content\/uploads\/2021\/01\/IMG_5349-768x512.jpg",640,427,true],"large":["https:\/\/infoecos.com.ar\/wp-content\/uploads\/2021\/01\/IMG_5349-920x613.jpg",640,426,true],"1536x1536":["https:\/\/infoecos.com.ar\/wp-content\/uploads\/2021\/01\/IMG_5349.jpg",1280,853,false],"2048x2048":["https:\/\/infoecos.com.ar\/wp-content\/uploads\/2021\/01\/IMG_5349.jpg",1280,853,false],"covernews-slider-full":["https:\/\/infoecos.com.ar\/wp-content\/uploads\/2021\/01\/IMG_5349.jpg",1073,715,false],"covernews-slider-center":["https:\/\/infoecos.com.ar\/wp-content\/uploads\/2021\/01\/IMG_5349-936x853.jpg",549,500,true],"covernews-featured":["https:\/\/infoecos.com.ar\/wp-content\/uploads\/2021\/01\/IMG_5349-1024x682.jpg",1024,682,true],"covernews-medium":["https:\/\/infoecos.com.ar\/wp-content\/uploads\/2021\/01\/IMG_5349-720x380.jpg",540,285,true],"covernews-medium-square":["https:\/\/infoecos.com.ar\/wp-content\/uploads\/2021\/01\/IMG_5349-675x450.jpg",375,250,true]},"author_info":{"info":["Jorge Matheus"]},"category_info":"<a href=\"https:\/\/infoecos.com.ar\/index.php\/category\/c1nota6\/\" rel=\"category tag\">C1 nota 6<\/a>","tag_info":"C1 nota 6","comment_count":"0","_links":{"self":[{"href":"https:\/\/infoecos.com.ar\/index.php\/wp-json\/wp\/v2\/posts\/72417","targetHints":{"allow":["GET"]}}],"collection":[{"href":"https:\/\/infoecos.com.ar\/index.php\/wp-json\/wp\/v2\/posts"}],"about":[{"href":"https:\/\/infoecos.com.ar\/index.php\/wp-json\/wp\/v2\/types\/post"}],"author":[{"embeddable":true,"href":"https:\/\/infoecos.com.ar\/index.php\/wp-json\/wp\/v2\/users\/2"}],"replies":[{"embeddable":true,"href":"https:\/\/infoecos.com.ar\/index.php\/wp-json\/wp\/v2\/comments?post=72417"}],"version-history":[{"count":2,"href":"https:\/\/infoecos.com.ar\/index.php\/wp-json\/wp\/v2\/posts\/72417\/revisions"}],"predecessor-version":[{"id":72499,"href":"https:\/\/infoecos.com.ar\/index.php\/wp-json\/wp\/v2\/posts\/72417\/revisions\/72499"}],"wp:featuredmedia":[{"embeddable":true,"href":"https:\/\/infoecos.com.ar\/index.php\/wp-json\/wp\/v2\/media\/72418"}],"wp:attachment":[{"href":"https:\/\/infoecos.com.ar\/index.php\/wp-json\/wp\/v2\/media?parent=72417"}],"wp:term":[{"taxonomy":"category","embeddable":true,"href":"https:\/\/infoecos.com.ar\/index.php\/wp-json\/wp\/v2\/categories?post=72417"},{"taxonomy":"post_tag","embeddable":true,"href":"https:\/\/infoecos.com.ar\/index.php\/wp-json\/wp\/v2\/tags?post=72417"}],"curies":[{"name":"wp","href":"https:\/\/api.w.org\/{rel}","templated":true}]}}