{"id":72421,"date":"2021-01-08T16:54:28","date_gmt":"2021-01-08T19:54:28","guid":{"rendered":"http:\/\/infoecos.com.ar\/?p=72421"},"modified":"2021-01-08T16:54:32","modified_gmt":"2021-01-08T19:54:32","slug":"mas-vacunas-a-olavarria-enviadas-por-el-gobierno-de-la-provincia-de-buenos-aires","status":"publish","type":"post","link":"https:\/\/infoecos.com.ar\/index.php\/mas-vacunas-a-olavarria-enviadas-por-el-gobierno-de-la-provincia-de-buenos-aires\/","title":{"rendered":"M\u00e1s vacunas a Olavarr\u00eda enviadas por el gobierno de la provincia de Buenos Aires"},"content":{"rendered":"\n<p class=\"wp-block-paragraph\">El Gobierno bonaerense envi\u00f3 al Municipio de Olavarr\u00eda&nbsp;<strong>otras 450 unidades para continuar la vacunaci\u00f3n<\/strong>&nbsp;de 1.700 trabajadores de la salud del distrito y se acord\u00f3 que el pr\u00f3ximo lunes llegar\u00e1n otras 450 dosis que ser\u00e1n conservadas en el hospital municipal Doctor H\u00e9ctor M. Cura, detall\u00f3 el Ministerio de Salud provincial.<\/p>\n\n\n\n<div class=\"wp-block-image\"><figure class=\"aligncenter size-medium\"><img loading=\"lazy\" decoding=\"async\" width=\"460\" height=\"305\" src=\"http:\/\/infoecos.com.ar\/wp-content\/uploads\/2021\/01\/Olavarri\u0301a-4-460x305.jpeg\" alt=\"\" class=\"wp-image-72422\" srcset=\"https:\/\/infoecos.com.ar\/wp-content\/uploads\/2021\/01\/Olavarri\u0301a-4-460x305.jpeg 460w, https:\/\/infoecos.com.ar\/wp-content\/uploads\/2021\/01\/Olavarri\u0301a-4-920x609.jpeg 920w, https:\/\/infoecos.com.ar\/wp-content\/uploads\/2021\/01\/Olavarri\u0301a-4-768x509.jpeg 768w, https:\/\/infoecos.com.ar\/wp-content\/uploads\/2021\/01\/Olavarri\u0301a-4-1024x678.jpeg 1024w, https:\/\/infoecos.com.ar\/wp-content\/uploads\/2021\/01\/Olavarri\u0301a-4.jpeg 1232w\" sizes=\"auto, (max-width: 460px) 100vw, 460px\" \/><\/figure><\/div>\n\n\n\n<p class=\"wp-block-paragraph\">Las vacunas recibidas fueron alojadas en otro sector del hospital de Oncolog\u00eda Luciano Fortabat, que fue acondicionado con dos freezers y una nueva red el\u00e9ctrica con grupo electr\u00f3geno autom\u00e1tico, precis\u00f3 la cartera.<\/p>\n\n\n\n<p class=\"wp-block-paragraph\">Adem\u00e1s,&nbsp;<strong>la unidad de conservaci\u00f3n cuenta con monitoreo online de la temperatura conectado a una central de alarma.<\/strong><\/p>\n\n\n\n<p class=\"wp-block-paragraph\">Las dosis, que reemplazan a las que quedaron inutilizadas en un hecho que investiga la Justicia, fueron recibidas hoy por el intendente Ezequiel Galli y la subsecretaria de Gesti\u00f3n de la Informaci\u00f3n, Educaci\u00f3n Permanente y Fiscalizaci\u00f3n del Ministerio de Salud provincial, Leticia Ceriani.<\/p>\n\n\n\n<div class=\"wp-block-image\"><figure class=\"aligncenter size-medium\"><img loading=\"lazy\" decoding=\"async\" width=\"460\" height=\"326\" src=\"http:\/\/infoecos.com.ar\/wp-content\/uploads\/2021\/01\/1-Olavarri\u0301a-460x326.jpeg\" alt=\"\" class=\"wp-image-72423\" srcset=\"https:\/\/infoecos.com.ar\/wp-content\/uploads\/2021\/01\/1-Olavarri\u0301a-460x326.jpeg 460w, https:\/\/infoecos.com.ar\/wp-content\/uploads\/2021\/01\/1-Olavarri\u0301a-920x651.jpeg 920w, https:\/\/infoecos.com.ar\/wp-content\/uploads\/2021\/01\/1-Olavarri\u0301a-768x544.jpeg 768w, https:\/\/infoecos.com.ar\/wp-content\/uploads\/2021\/01\/1-Olavarri\u0301a-1024x725.jpeg 1024w, https:\/\/infoecos.com.ar\/wp-content\/uploads\/2021\/01\/1-Olavarri\u0301a.jpeg 1062w\" sizes=\"auto, (max-width: 460px) 100vw, 460px\" \/><\/figure><\/div>\n\n\n\n<p class=\"wp-block-paragraph\"><strong>Durante una conferencia de prensa, el intendente Galli subray\u00f3 que todav\u00eda no hay informaci\u00f3n oficial sobre lo sucedido, pero se han hecho peritajes y se est\u00e1 avanzando en la investigaci\u00f3n judicial.<\/strong><\/p>\n\n\n\n<p class=\"wp-block-paragraph\">\u00abCelebramos que podamos trabajar articuladamente porque lograr que el personal de salud, que es el que est\u00e1 trabajando hace tantos meses y poniendo el cuerpo en contacto con el virus, se pueda vacunar, es un gran logro para todos\u00bb, detall\u00f3 el jefe comunal.<\/p>\n\n\n\n<p class=\"wp-block-paragraph\">Por \u00faltimo, remarc\u00f3 que \u00ablo importante es mirar para adelante y que no vuelva a suceder lo que pas\u00f3 con la primera partida, y que podamos pensar que a futuro es importante que la vacunaci\u00f3n sea exitosa para todos para que podamos salir de esta pandemia, porque \u00e9sta es la \u00fanica salida\u00bb, concluy\u00f3.<\/p>\n\n\n\n<div class=\"wp-block-image\"><figure class=\"aligncenter size-medium\"><img loading=\"lazy\" decoding=\"async\" width=\"460\" height=\"259\" src=\"http:\/\/infoecos.com.ar\/wp-content\/uploads\/2021\/01\/2-Olavarria-460x259.jpeg\" alt=\"\" class=\"wp-image-72424\" srcset=\"https:\/\/infoecos.com.ar\/wp-content\/uploads\/2021\/01\/2-Olavarria-460x259.jpeg 460w, https:\/\/infoecos.com.ar\/wp-content\/uploads\/2021\/01\/2-Olavarria-920x518.jpeg 920w, https:\/\/infoecos.com.ar\/wp-content\/uploads\/2021\/01\/2-Olavarria-768x432.jpeg 768w, https:\/\/infoecos.com.ar\/wp-content\/uploads\/2021\/01\/2-Olavarria-1024x576.jpeg 1024w, https:\/\/infoecos.com.ar\/wp-content\/uploads\/2021\/01\/2-Olavarria.jpeg 1280w\" sizes=\"auto, (max-width: 460px) 100vw, 460px\" \/><\/figure><\/div>\n\n\n\n<p class=\"wp-block-paragraph\">En la entrega, tambi\u00e9n se encontraron el director de la Regi\u00f3n Sanitaria IX, Ramiro Borzi, su asociada Norma Morello y el diputado provincial C\u00e9sar Valicenti.<\/p>\n","protected":false},"excerpt":{"rendered":"<p>Las vacunas recibidas fueron alojadas en otro sector del hospital de Oncolog\u00eda Luciano Fortabat, que fue acondicionado con dos freezers y una nueva red el\u00e9ctrica con grupo electr\u00f3geno autom\u00e1tico<\/p>\n","protected":false},"author":2,"featured_media":72425,"comment_status":"closed","ping_status":"open","sticky":false,"template":"","format":"standard","meta":{"footnotes":""},"categories":[47],"tags":[2562],"class_list":["post-72421","post","type-post","status-publish","format-standard","has-post-thumbnail","hentry","category-c3nota2","tag-otras-450-dosis"],"featured_image_urls":{"full":["https:\/\/infoecos.com.ar\/wp-content\/uploads\/2021\/01\/Olvarri\u0301a-3.jpeg",1280,720,false],"thumbnail":["https:\/\/infoecos.com.ar\/wp-content\/uploads\/2021\/01\/Olvarri\u0301a-3-150x150.jpeg",150,150,true],"medium":["https:\/\/infoecos.com.ar\/wp-content\/uploads\/2021\/01\/Olvarri\u0301a-3-460x259.jpeg",460,259,true],"medium_large":["https:\/\/infoecos.com.ar\/wp-content\/uploads\/2021\/01\/Olvarri\u0301a-3-768x432.jpeg",640,360,true],"large":["https:\/\/infoecos.com.ar\/wp-content\/uploads\/2021\/01\/Olvarri\u0301a-3-920x518.jpeg",640,360,true],"1536x1536":["https:\/\/infoecos.com.ar\/wp-content\/uploads\/2021\/01\/Olvarri\u0301a-3.jpeg",1280,720,false],"2048x2048":["https:\/\/infoecos.com.ar\/wp-content\/uploads\/2021\/01\/Olvarri\u0301a-3.jpeg",1280,720,false],"covernews-slider-full":["https:\/\/infoecos.com.ar\/wp-content\/uploads\/2021\/01\/Olvarri\u0301a-3.jpeg",1115,627,false],"covernews-slider-center":["https:\/\/infoecos.com.ar\/wp-content\/uploads\/2021\/01\/Olvarri\u0301a-3-936x720.jpeg",650,500,true],"covernews-featured":["https:\/\/infoecos.com.ar\/wp-content\/uploads\/2021\/01\/Olvarri\u0301a-3-1024x576.jpeg",1024,576,true],"covernews-medium":["https:\/\/infoecos.com.ar\/wp-content\/uploads\/2021\/01\/Olvarri\u0301a-3-720x380.jpeg",540,285,true],"covernews-medium-square":["https:\/\/infoecos.com.ar\/wp-content\/uploads\/2021\/01\/Olvarri\u0301a-3-675x450.jpeg",375,250,true]},"author_info":{"info":["Jorge Matheus"]},"category_info":"<a href=\"https:\/\/infoecos.com.ar\/index.php\/category\/c3nota2\/\" rel=\"category tag\">C3 N2<\/a>","tag_info":"C3 N2","comment_count":"0","_links":{"self":[{"href":"https:\/\/infoecos.com.ar\/index.php\/wp-json\/wp\/v2\/posts\/72421","targetHints":{"allow":["GET"]}}],"collection":[{"href":"https:\/\/infoecos.com.ar\/index.php\/wp-json\/wp\/v2\/posts"}],"about":[{"href":"https:\/\/infoecos.com.ar\/index.php\/wp-json\/wp\/v2\/types\/post"}],"author":[{"embeddable":true,"href":"https:\/\/infoecos.com.ar\/index.php\/wp-json\/wp\/v2\/users\/2"}],"replies":[{"embeddable":true,"href":"https:\/\/infoecos.com.ar\/index.php\/wp-json\/wp\/v2\/comments?post=72421"}],"version-history":[{"count":1,"href":"https:\/\/infoecos.com.ar\/index.php\/wp-json\/wp\/v2\/posts\/72421\/revisions"}],"predecessor-version":[{"id":72426,"href":"https:\/\/infoecos.com.ar\/index.php\/wp-json\/wp\/v2\/posts\/72421\/revisions\/72426"}],"wp:featuredmedia":[{"embeddable":true,"href":"https:\/\/infoecos.com.ar\/index.php\/wp-json\/wp\/v2\/media\/72425"}],"wp:attachment":[{"href":"https:\/\/infoecos.com.ar\/index.php\/wp-json\/wp\/v2\/media?parent=72421"}],"wp:term":[{"taxonomy":"category","embeddable":true,"href":"https:\/\/infoecos.com.ar\/index.php\/wp-json\/wp\/v2\/categories?post=72421"},{"taxonomy":"post_tag","embeddable":true,"href":"https:\/\/infoecos.com.ar\/index.php\/wp-json\/wp\/v2\/tags?post=72421"}],"curies":[{"name":"wp","href":"https:\/\/api.w.org\/{rel}","templated":true}]}}