{"id":72427,"date":"2021-01-09T16:27:33","date_gmt":"2021-01-09T19:27:33","guid":{"rendered":"http:\/\/infoecos.com.ar\/?p=72427"},"modified":"2021-01-11T01:29:50","modified_gmt":"2021-01-11T04:29:50","slug":"en-los-municipios-de-buenos-aires-que-esten-en-fase-3-y-4-restriccion-horaria-entre-la-1-y-las-6","status":"publish","type":"post","link":"https:\/\/infoecos.com.ar\/index.php\/en-los-municipios-de-buenos-aires-que-esten-en-fase-3-y-4-restriccion-horaria-entre-la-1-y-las-6\/","title":{"rendered":"En los municipios de Buenos Aires que est\u00e9n en Fase 3 y 4 restricci\u00f3n horaria entre la 1 y las 6"},"content":{"rendered":"\n<p>El Gobierno de la provincia de Buenos Aires inform\u00f3 este s\u00e1bado que a partir de este lunes entrar\u00e1n en vigencia una serie de medidas en consonancia con la publicaci\u00f3n del decreto n\u00famero 4\/2021 del Poder Ejecutivo Nacional.<\/p>\n\n\n\n<div class=\"wp-block-image\"><figure class=\"aligncenter size-medium\"><img loading=\"lazy\" decoding=\"async\" width=\"460\" height=\"306\" src=\"http:\/\/infoecos.com.ar\/wp-content\/uploads\/2020\/09\/casagobietrnobsa-460x306.jpg\" alt=\"\" class=\"wp-image-68637\" srcset=\"https:\/\/infoecos.com.ar\/wp-content\/uploads\/2020\/09\/casagobietrnobsa-460x306.jpg 460w, https:\/\/infoecos.com.ar\/wp-content\/uploads\/2020\/09\/casagobietrnobsa-675x450.jpg 675w, https:\/\/infoecos.com.ar\/wp-content\/uploads\/2020\/09\/casagobietrnobsa.jpg 760w\" sizes=\"(max-width: 460px) 100vw, 460px\" \/><\/figure><\/div>\n\n\n\n<p>La decisi\u00f3n gubernamental es la siguiente:<\/p>\n\n\n\n<p>1. Continuar empleando el sistema de fases vigente para la habilitaci\u00f3n de actividades y servicios en los 135 distritos de la provincia, de acuerdo con su situaci\u00f3n epidemiol\u00f3gica y sanitaria. En la actualidad 17 municipios se encuentran en Fase 5, 109 en Fase 4 y 9 en Fase 3.<\/p>\n\n\n\n<p>2. En los municipios que se encuentran en fases 3 y 4 se suspender\u00e1 entre las 01.00 y las 06.00 horas toda actividad comercial, art\u00edstica, deportiva, cultural, social y recreativa, exceptuando las actividades productivas manufactureras, agropecuarias y todas aquellas definidas como esenciales de acuerdo a la normativa vigente.<\/p>\n\n\n\n<p>3. Reducir las actividades sociales, recreativas y familiares a grupos de hasta 10 personas en espacios cerrados y abiertos.<\/p>\n\n\n\n<p>4. Restringir el uso de transporte de pasajeros urbano a personas alcanzadas por las actividades y servicios definidos como esenciales.<\/p>\n\n\n\n<p>5. Reforzar todos los controles, tanto provinciales como municipales, para disminuir la circulaci\u00f3n de personas en horarios nocturnos y evitar la realizaci\u00f3n de actividades no permitidas. Las denuncias de fiestas clandestinas se reciben a trav\u00e9s del 911 y de la l\u00ednea (221) 429-3386, dispuesta por el Ministerio de Seguridad, la cual funciona viernes, s\u00e1bados y domingos de 22.00 a 06.00 horas exclusivamente para este tipo de delitos.<\/p>\n\n\n\n<p>6. Habilitar a las autoridades municipales el control del cumplimiento de la obligaci\u00f3n de utilizar tapabocas, previsto en el Decreto N\u00b0 255\/2020 y modificatorios, y la aplicaci\u00f3n de las multas correspondientes, de acuerdo a lo establecido en el art\u00edculo 2 del Decreto-Ley N\u00b0 8841\/77 y modificatorias.<\/p>\n\n\n\n<p>7. En el caso de fiestas y\/o reuniones que vulneren lo permitido legalmente en el marco de las medidas de \u201caislamiento social preventivo y obligatorio\u201d y de \u201cdistanciamiento social preventivo y obligatorio\u201d en el \u00e1mbito de la provincia de Buenos Aires, adem\u00e1s de las sanciones previstas en el art. 205 del C\u00f3digo Penal, podr\u00e1n aplicarse multas de hasta tres millones trescientos sesenta y cuatro mil pesos ($3.364.000), tanto a los asistentes, organizadores como a los propietarios de los inmuebles donde se realicen<\/p>\n\n\n\n<p>8. El d\u00eda martes 12 de enero se actualizar\u00e1n las disposiciones en base a la nueva situaci\u00f3n epidemiol\u00f3gica y sanitaria de la provincia y sus 135 distritos.<\/p>\n","protected":false},"excerpt":{"rendered":"<p>El d\u00eda martes 12 de enero se actualizar\u00e1n las disposiciones en base a la nueva situaci\u00f3n epidemiol\u00f3gica y sanitaria de la provincia y sus 135 distritos<\/p>\n","protected":false},"author":2,"featured_media":68637,"comment_status":"closed","ping_status":"open","sticky":false,"template":"","format":"standard","meta":{"footnotes":""},"categories":[24],"tags":[2563],"class_list":["post-72427","post","type-post","status-publish","format-standard","has-post-thumbnail","hentry","category-c1nota3","tag-desde-el-lunes"],"yoast_head":"<!-- This site is optimized with the Yoast SEO plugin v23.4 - https:\/\/yoast.com\/wordpress\/plugins\/seo\/ -->\n<title>En los municipios de Buenos Aires que est\u00e9n en Fase 3 y 4 restricci\u00f3n horaria entre la 1 y las 6 - Infoecos<\/title>\n<meta name=\"robots\" content=\"index, follow, max-snippet:-1, max-image-preview:large, max-video-preview:-1\" \/>\n<link rel=\"canonical\" href=\"https:\/\/infoecos.com.ar\/index.php\/en-los-municipios-de-buenos-aires-que-esten-en-fase-3-y-4-restriccion-horaria-entre-la-1-y-las-6\/\" \/>\n<meta property=\"og:locale\" content=\"es_ES\" \/>\n<meta property=\"og:type\" content=\"article\" \/>\n<meta property=\"og:title\" content=\"En los municipios de Buenos Aires que est\u00e9n en Fase 3 y 4 restricci\u00f3n horaria entre la 1 y las 6 - Infoecos\" \/>\n<meta property=\"og:description\" content=\"El d\u00eda martes 12 de enero se actualizar\u00e1n las disposiciones en base a la nueva situaci\u00f3n epidemiol\u00f3gica y sanitaria de la provincia y sus 135 distritos\" \/>\n<meta property=\"og:url\" content=\"https:\/\/infoecos.com.ar\/index.php\/en-los-municipios-de-buenos-aires-que-esten-en-fase-3-y-4-restriccion-horaria-entre-la-1-y-las-6\/\" \/>\n<meta property=\"og:site_name\" content=\"Infoecos\" \/>\n<meta property=\"article:publisher\" content=\"https:\/\/www.facebook.com\/profile.php?id=100063200290284\" \/>\n<meta property=\"article:published_time\" content=\"2021-01-09T19:27:33+00:00\" \/>\n<meta property=\"article:modified_time\" content=\"2021-01-11T04:29:50+00:00\" \/>\n<meta property=\"og:image\" content=\"https:\/\/infoecos.com.ar\/wp-content\/uploads\/2020\/09\/casagobietrnobsa.jpg\" \/>\n\t<meta property=\"og:image:width\" content=\"760\" \/>\n\t<meta property=\"og:image:height\" content=\"506\" \/>\n\t<meta property=\"og:image:type\" content=\"image\/jpeg\" \/>\n<meta name=\"author\" content=\"Jorge Matheus\" \/>\n<meta name=\"twitter:card\" content=\"summary_large_image\" \/>\n<meta name=\"twitter:creator\" content=\"@infoecos\" \/>\n<meta name=\"twitter:site\" content=\"@infoecos\" \/>\n<meta name=\"twitter:label1\" content=\"Escrito por\" \/>\n\t<meta name=\"twitter:data1\" content=\"Jorge Matheus\" \/>\n\t<meta name=\"twitter:label2\" content=\"Tiempo de lectura\" \/>\n\t<meta name=\"twitter:data2\" content=\"2 minutos\" \/>\n<script type=\"application\/ld+json\" class=\"yoast-schema-graph\">{\"@context\":\"https:\/\/schema.org\",\"@graph\":[{\"@type\":\"Article\",\"@id\":\"https:\/\/infoecos.com.ar\/index.php\/en-los-municipios-de-buenos-aires-que-esten-en-fase-3-y-4-restriccion-horaria-entre-la-1-y-las-6\/#article\",\"isPartOf\":{\"@id\":\"https:\/\/infoecos.com.ar\/index.php\/en-los-municipios-de-buenos-aires-que-esten-en-fase-3-y-4-restriccion-horaria-entre-la-1-y-las-6\/\"},\"author\":{\"name\":\"Jorge Matheus\",\"@id\":\"https:\/\/infoecos.com.ar\/#\/schema\/person\/8f5ace5ce73b4b4aac4b7245aee6f191\"},\"headline\":\"En los municipios de Buenos Aires que est\u00e9n en Fase 3 y 4 restricci\u00f3n horaria entre la 1 y las 6\",\"datePublished\":\"2021-01-09T19:27:33+00:00\",\"dateModified\":\"2021-01-11T04:29:50+00:00\",\"mainEntityOfPage\":{\"@id\":\"https:\/\/infoecos.com.ar\/index.php\/en-los-municipios-de-buenos-aires-que-esten-en-fase-3-y-4-restriccion-horaria-entre-la-1-y-las-6\/\"},\"wordCount\":413,\"publisher\":{\"@id\":\"https:\/\/infoecos.com.ar\/#organization\"},\"image\":{\"@id\":\"https:\/\/infoecos.com.ar\/index.php\/en-los-municipios-de-buenos-aires-que-esten-en-fase-3-y-4-restriccion-horaria-entre-la-1-y-las-6\/#primaryimage\"},\"thumbnailUrl\":\"https:\/\/infoecos.com.ar\/wp-content\/uploads\/2020\/09\/casagobietrnobsa.jpg\",\"keywords\":[\"DESDE EL LUNES\"],\"articleSection\":[\"C1 N3\"],\"inLanguage\":\"es\"},{\"@type\":\"WebPage\",\"@id\":\"https:\/\/infoecos.com.ar\/index.php\/en-los-municipios-de-buenos-aires-que-esten-en-fase-3-y-4-restriccion-horaria-entre-la-1-y-las-6\/\",\"url\":\"https:\/\/infoecos.com.ar\/index.php\/en-los-municipios-de-buenos-aires-que-esten-en-fase-3-y-4-restriccion-horaria-entre-la-1-y-las-6\/\",\"name\":\"En los municipios de Buenos Aires que est\u00e9n en Fase 3 y 4 restricci\u00f3n horaria entre la 1 y las 6 - Infoecos\",\"isPartOf\":{\"@id\":\"https:\/\/infoecos.com.ar\/#website\"},\"primaryImageOfPage\":{\"@id\":\"https:\/\/infoecos.com.ar\/index.php\/en-los-municipios-de-buenos-aires-que-esten-en-fase-3-y-4-restriccion-horaria-entre-la-1-y-las-6\/#primaryimage\"},\"image\":{\"@id\":\"https:\/\/infoecos.com.ar\/index.php\/en-los-municipios-de-buenos-aires-que-esten-en-fase-3-y-4-restriccion-horaria-entre-la-1-y-las-6\/#primaryimage\"},\"thumbnailUrl\":\"https:\/\/infoecos.com.ar\/wp-content\/uploads\/2020\/09\/casagobietrnobsa.jpg\",\"datePublished\":\"2021-01-09T19:27:33+00:00\",\"dateModified\":\"2021-01-11T04:29:50+00:00\",\"breadcrumb\":{\"@id\":\"https:\/\/infoecos.com.ar\/index.php\/en-los-municipios-de-buenos-aires-que-esten-en-fase-3-y-4-restriccion-horaria-entre-la-1-y-las-6\/#breadcrumb\"},\"inLanguage\":\"es\",\"potentialAction\":[{\"@type\":\"ReadAction\",\"target\":[\"https:\/\/infoecos.com.ar\/index.php\/en-los-municipios-de-buenos-aires-que-esten-en-fase-3-y-4-restriccion-horaria-entre-la-1-y-las-6\/\"]}]},{\"@type\":\"ImageObject\",\"inLanguage\":\"es\",\"@id\":\"https:\/\/infoecos.com.ar\/index.php\/en-los-municipios-de-buenos-aires-que-esten-en-fase-3-y-4-restriccion-horaria-entre-la-1-y-las-6\/#primaryimage\",\"url\":\"https:\/\/infoecos.com.ar\/wp-content\/uploads\/2020\/09\/casagobietrnobsa.jpg\",\"contentUrl\":\"https:\/\/infoecos.com.ar\/wp-content\/uploads\/2020\/09\/casagobietrnobsa.jpg\",\"width\":760,\"height\":506},{\"@type\":\"BreadcrumbList\",\"@id\":\"https:\/\/infoecos.com.ar\/index.php\/en-los-municipios-de-buenos-aires-que-esten-en-fase-3-y-4-restriccion-horaria-entre-la-1-y-las-6\/#breadcrumb\",\"itemListElement\":[{\"@type\":\"ListItem\",\"position\":1,\"name\":\"Portada\",\"item\":\"https:\/\/infoecos.com.ar\/\"},{\"@type\":\"ListItem\",\"position\":2,\"name\":\"En los municipios de Buenos Aires que est\u00e9n en Fase 3 y 4 restricci\u00f3n horaria entre la 1 y las 6\"}]},{\"@type\":\"WebSite\",\"@id\":\"https:\/\/infoecos.com.ar\/#website\",\"url\":\"https:\/\/infoecos.com.ar\/\",\"name\":\"Infoecos\",\"description\":\"Noticias de trenque lauquen y la zona\",\"publisher\":{\"@id\":\"https:\/\/infoecos.com.ar\/#organization\"},\"alternateName\":\"Noticias\",\"potentialAction\":[{\"@type\":\"SearchAction\",\"target\":{\"@type\":\"EntryPoint\",\"urlTemplate\":\"https:\/\/infoecos.com.ar\/?s={search_term_string}\"},\"query-input\":{\"@type\":\"PropertyValueSpecification\",\"valueRequired\":true,\"valueName\":\"search_term_string\"}}],\"inLanguage\":\"es\"},{\"@type\":\"Organization\",\"@id\":\"https:\/\/infoecos.com.ar\/#organization\",\"name\":\"Infoecos\",\"alternateName\":\"Noticias\",\"url\":\"https:\/\/infoecos.com.ar\/\",\"logo\":{\"@type\":\"ImageObject\",\"inLanguage\":\"es\",\"@id\":\"https:\/\/infoecos.com.ar\/#\/schema\/logo\/image\/\",\"url\":\"https:\/\/infoecos.com.ar\/wp-content\/uploads\/2024\/03\/cropped-logo.png\",\"contentUrl\":\"https:\/\/infoecos.com.ar\/wp-content\/uploads\/2024\/03\/cropped-logo.png\",\"width\":374,\"height\":90,\"caption\":\"Infoecos\"},\"image\":{\"@id\":\"https:\/\/infoecos.com.ar\/#\/schema\/logo\/image\/\"},\"sameAs\":[\"https:\/\/www.facebook.com\/profile.php?id=100063200290284\",\"https:\/\/x.com\/infoecos\"]},{\"@type\":\"Person\",\"@id\":\"https:\/\/infoecos.com.ar\/#\/schema\/person\/8f5ace5ce73b4b4aac4b7245aee6f191\",\"name\":\"Jorge Matheus\",\"url\":\"https:\/\/infoecos.com.ar\/index.php\/author\/jomatheus\/\"}]}<\/script>\n<!-- \/ Yoast SEO plugin. -->","yoast_head_json":{"title":"En los municipios de Buenos Aires que est\u00e9n en Fase 3 y 4 restricci\u00f3n horaria entre la 1 y las 6 - Infoecos","robots":{"index":"index","follow":"follow","max-snippet":"max-snippet:-1","max-image-preview":"max-image-preview:large","max-video-preview":"max-video-preview:-1"},"canonical":"https:\/\/infoecos.com.ar\/index.php\/en-los-municipios-de-buenos-aires-que-esten-en-fase-3-y-4-restriccion-horaria-entre-la-1-y-las-6\/","og_locale":"es_ES","og_type":"article","og_title":"En los municipios de Buenos Aires que est\u00e9n en Fase 3 y 4 restricci\u00f3n horaria entre la 1 y las 6 - Infoecos","og_description":"El d\u00eda martes 12 de enero se actualizar\u00e1n las disposiciones en base a la nueva situaci\u00f3n epidemiol\u00f3gica y sanitaria de la provincia y sus 135 distritos","og_url":"https:\/\/infoecos.com.ar\/index.php\/en-los-municipios-de-buenos-aires-que-esten-en-fase-3-y-4-restriccion-horaria-entre-la-1-y-las-6\/","og_site_name":"Infoecos","article_publisher":"https:\/\/www.facebook.com\/profile.php?id=100063200290284","article_published_time":"2021-01-09T19:27:33+00:00","article_modified_time":"2021-01-11T04:29:50+00:00","og_image":[{"width":760,"height":506,"url":"https:\/\/infoecos.com.ar\/wp-content\/uploads\/2020\/09\/casagobietrnobsa.jpg","type":"image\/jpeg"}],"author":"Jorge Matheus","twitter_card":"summary_large_image","twitter_creator":"@infoecos","twitter_site":"@infoecos","twitter_misc":{"Escrito por":"Jorge Matheus","Tiempo de lectura":"2 minutos"},"schema":{"@context":"https:\/\/schema.org","@graph":[{"@type":"Article","@id":"https:\/\/infoecos.com.ar\/index.php\/en-los-municipios-de-buenos-aires-que-esten-en-fase-3-y-4-restriccion-horaria-entre-la-1-y-las-6\/#article","isPartOf":{"@id":"https:\/\/infoecos.com.ar\/index.php\/en-los-municipios-de-buenos-aires-que-esten-en-fase-3-y-4-restriccion-horaria-entre-la-1-y-las-6\/"},"author":{"name":"Jorge Matheus","@id":"https:\/\/infoecos.com.ar\/#\/schema\/person\/8f5ace5ce73b4b4aac4b7245aee6f191"},"headline":"En los municipios de Buenos Aires que est\u00e9n en Fase 3 y 4 restricci\u00f3n horaria entre la 1 y las 6","datePublished":"2021-01-09T19:27:33+00:00","dateModified":"2021-01-11T04:29:50+00:00","mainEntityOfPage":{"@id":"https:\/\/infoecos.com.ar\/index.php\/en-los-municipios-de-buenos-aires-que-esten-en-fase-3-y-4-restriccion-horaria-entre-la-1-y-las-6\/"},"wordCount":413,"publisher":{"@id":"https:\/\/infoecos.com.ar\/#organization"},"image":{"@id":"https:\/\/infoecos.com.ar\/index.php\/en-los-municipios-de-buenos-aires-que-esten-en-fase-3-y-4-restriccion-horaria-entre-la-1-y-las-6\/#primaryimage"},"thumbnailUrl":"https:\/\/infoecos.com.ar\/wp-content\/uploads\/2020\/09\/casagobietrnobsa.jpg","keywords":["DESDE EL LUNES"],"articleSection":["C1 N3"],"inLanguage":"es"},{"@type":"WebPage","@id":"https:\/\/infoecos.com.ar\/index.php\/en-los-municipios-de-buenos-aires-que-esten-en-fase-3-y-4-restriccion-horaria-entre-la-1-y-las-6\/","url":"https:\/\/infoecos.com.ar\/index.php\/en-los-municipios-de-buenos-aires-que-esten-en-fase-3-y-4-restriccion-horaria-entre-la-1-y-las-6\/","name":"En los municipios de Buenos Aires que est\u00e9n en Fase 3 y 4 restricci\u00f3n horaria entre la 1 y las 6 - Infoecos","isPartOf":{"@id":"https:\/\/infoecos.com.ar\/#website"},"primaryImageOfPage":{"@id":"https:\/\/infoecos.com.ar\/index.php\/en-los-municipios-de-buenos-aires-que-esten-en-fase-3-y-4-restriccion-horaria-entre-la-1-y-las-6\/#primaryimage"},"image":{"@id":"https:\/\/infoecos.com.ar\/index.php\/en-los-municipios-de-buenos-aires-que-esten-en-fase-3-y-4-restriccion-horaria-entre-la-1-y-las-6\/#primaryimage"},"thumbnailUrl":"https:\/\/infoecos.com.ar\/wp-content\/uploads\/2020\/09\/casagobietrnobsa.jpg","datePublished":"2021-01-09T19:27:33+00:00","dateModified":"2021-01-11T04:29:50+00:00","breadcrumb":{"@id":"https:\/\/infoecos.com.ar\/index.php\/en-los-municipios-de-buenos-aires-que-esten-en-fase-3-y-4-restriccion-horaria-entre-la-1-y-las-6\/#breadcrumb"},"inLanguage":"es","potentialAction":[{"@type":"ReadAction","target":["https:\/\/infoecos.com.ar\/index.php\/en-los-municipios-de-buenos-aires-que-esten-en-fase-3-y-4-restriccion-horaria-entre-la-1-y-las-6\/"]}]},{"@type":"ImageObject","inLanguage":"es","@id":"https:\/\/infoecos.com.ar\/index.php\/en-los-municipios-de-buenos-aires-que-esten-en-fase-3-y-4-restriccion-horaria-entre-la-1-y-las-6\/#primaryimage","url":"https:\/\/infoecos.com.ar\/wp-content\/uploads\/2020\/09\/casagobietrnobsa.jpg","contentUrl":"https:\/\/infoecos.com.ar\/wp-content\/uploads\/2020\/09\/casagobietrnobsa.jpg","width":760,"height":506},{"@type":"BreadcrumbList","@id":"https:\/\/infoecos.com.ar\/index.php\/en-los-municipios-de-buenos-aires-que-esten-en-fase-3-y-4-restriccion-horaria-entre-la-1-y-las-6\/#breadcrumb","itemListElement":[{"@type":"ListItem","position":1,"name":"Portada","item":"https:\/\/infoecos.com.ar\/"},{"@type":"ListItem","position":2,"name":"En los municipios de Buenos Aires que est\u00e9n en Fase 3 y 4 restricci\u00f3n horaria entre la 1 y las 6"}]},{"@type":"WebSite","@id":"https:\/\/infoecos.com.ar\/#website","url":"https:\/\/infoecos.com.ar\/","name":"Infoecos","description":"Noticias de trenque lauquen y la zona","publisher":{"@id":"https:\/\/infoecos.com.ar\/#organization"},"alternateName":"Noticias","potentialAction":[{"@type":"SearchAction","target":{"@type":"EntryPoint","urlTemplate":"https:\/\/infoecos.com.ar\/?s={search_term_string}"},"query-input":{"@type":"PropertyValueSpecification","valueRequired":true,"valueName":"search_term_string"}}],"inLanguage":"es"},{"@type":"Organization","@id":"https:\/\/infoecos.com.ar\/#organization","name":"Infoecos","alternateName":"Noticias","url":"https:\/\/infoecos.com.ar\/","logo":{"@type":"ImageObject","inLanguage":"es","@id":"https:\/\/infoecos.com.ar\/#\/schema\/logo\/image\/","url":"https:\/\/infoecos.com.ar\/wp-content\/uploads\/2024\/03\/cropped-logo.png","contentUrl":"https:\/\/infoecos.com.ar\/wp-content\/uploads\/2024\/03\/cropped-logo.png","width":374,"height":90,"caption":"Infoecos"},"image":{"@id":"https:\/\/infoecos.com.ar\/#\/schema\/logo\/image\/"},"sameAs":["https:\/\/www.facebook.com\/profile.php?id=100063200290284","https:\/\/x.com\/infoecos"]},{"@type":"Person","@id":"https:\/\/infoecos.com.ar\/#\/schema\/person\/8f5ace5ce73b4b4aac4b7245aee6f191","name":"Jorge Matheus","url":"https:\/\/infoecos.com.ar\/index.php\/author\/jomatheus\/"}]}},"featured_image_urls":{"full":["https:\/\/infoecos.com.ar\/wp-content\/uploads\/2020\/09\/casagobietrnobsa.jpg",760,506,false],"thumbnail":["https:\/\/infoecos.com.ar\/wp-content\/uploads\/2020\/09\/casagobietrnobsa-150x150.jpg",150,150,true],"medium":["https:\/\/infoecos.com.ar\/wp-content\/uploads\/2020\/09\/casagobietrnobsa-460x306.jpg",460,306,true],"medium_large":["https:\/\/infoecos.com.ar\/wp-content\/uploads\/2020\/09\/casagobietrnobsa.jpg",640,426,false],"large":["https:\/\/infoecos.com.ar\/wp-content\/uploads\/2020\/09\/casagobietrnobsa.jpg",640,426,false],"1536x1536":["https:\/\/infoecos.com.ar\/wp-content\/uploads\/2020\/09\/casagobietrnobsa.jpg",760,506,false],"2048x2048":["https:\/\/infoecos.com.ar\/wp-content\/uploads\/2020\/09\/casagobietrnobsa.jpg",760,506,false],"covernews-slider-full":["https:\/\/infoecos.com.ar\/wp-content\/uploads\/2020\/09\/casagobietrnobsa.jpg",760,506,false],"covernews-slider-center":["https:\/\/infoecos.com.ar\/wp-content\/uploads\/2020\/09\/casagobietrnobsa.jpg",751,500,false],"covernews-featured":["https:\/\/infoecos.com.ar\/wp-content\/uploads\/2020\/09\/casagobietrnobsa.jpg",760,506,false],"covernews-medium":["https:\/\/infoecos.com.ar\/wp-content\/uploads\/2020\/09\/casagobietrnobsa-720x380.jpg",540,285,true],"covernews-medium-square":["https:\/\/infoecos.com.ar\/wp-content\/uploads\/2020\/09\/casagobietrnobsa-675x450.jpg",375,250,true]},"author_info":{"info":["Jorge Matheus"]},"category_info":"<a href=\"https:\/\/infoecos.com.ar\/index.php\/category\/c1nota3\/\" rel=\"category tag\">C1 N3<\/a>","tag_info":"C1 N3","comment_count":"0","_links":{"self":[{"href":"https:\/\/infoecos.com.ar\/index.php\/wp-json\/wp\/v2\/posts\/72427"}],"collection":[{"href":"https:\/\/infoecos.com.ar\/index.php\/wp-json\/wp\/v2\/posts"}],"about":[{"href":"https:\/\/infoecos.com.ar\/index.php\/wp-json\/wp\/v2\/types\/post"}],"author":[{"embeddable":true,"href":"https:\/\/infoecos.com.ar\/index.php\/wp-json\/wp\/v2\/users\/2"}],"replies":[{"embeddable":true,"href":"https:\/\/infoecos.com.ar\/index.php\/wp-json\/wp\/v2\/comments?post=72427"}],"version-history":[{"count":2,"href":"https:\/\/infoecos.com.ar\/index.php\/wp-json\/wp\/v2\/posts\/72427\/revisions"}],"predecessor-version":[{"id":72479,"href":"https:\/\/infoecos.com.ar\/index.php\/wp-json\/wp\/v2\/posts\/72427\/revisions\/72479"}],"wp:featuredmedia":[{"embeddable":true,"href":"https:\/\/infoecos.com.ar\/index.php\/wp-json\/wp\/v2\/media\/68637"}],"wp:attachment":[{"href":"https:\/\/infoecos.com.ar\/index.php\/wp-json\/wp\/v2\/media?parent=72427"}],"wp:term":[{"taxonomy":"category","embeddable":true,"href":"https:\/\/infoecos.com.ar\/index.php\/wp-json\/wp\/v2\/categories?post=72427"},{"taxonomy":"post_tag","embeddable":true,"href":"https:\/\/infoecos.com.ar\/index.php\/wp-json\/wp\/v2\/tags?post=72427"}],"curies":[{"name":"wp","href":"https:\/\/api.w.org\/{rel}","templated":true}]}}