{"id":72429,"date":"2021-01-09T16:32:18","date_gmt":"2021-01-09T19:32:18","guid":{"rendered":"http:\/\/infoecos.com.ar\/?p=72429"},"modified":"2021-01-09T16:32:22","modified_gmt":"2021-01-09T19:32:22","slug":"150-casos-activos-en-el-distrito-de-trenque-lauquen-se-reportaron-este-sabado","status":"publish","type":"post","link":"https:\/\/infoecos.com.ar\/index.php\/150-casos-activos-en-el-distrito-de-trenque-lauquen-se-reportaron-este-sabado\/","title":{"rendered":"150 casos activos en el distrito de Trenque Lauquen se reportaron este s\u00e1bado"},"content":{"rendered":"\n<p class=\"wp-block-paragraph\">Con la confirmaci\u00f3n de 44 nuevos casos de Covid-19, 32 por hisopado y 12 por criterio o nexo epidemiol\u00f3gico seg\u00fan protocolo actualizado vigente, y la recuperaci\u00f3n de otras 19 personas, el n\u00famero de casos activos subi\u00f3 este s\u00e1bado de 125 a 150, inform\u00f3 la subsecretar\u00eda de Salud municipal de Trenque Lauquen, que adem\u00e1s report\u00f3 106 casos descartados sobre 138 testeos.<\/p>\n\n\n\n<div class=\"wp-block-image\"><figure class=\"aligncenter size-medium\"><img loading=\"lazy\" decoding=\"async\" width=\"460\" height=\"460\" src=\"http:\/\/infoecos.com.ar\/wp-content\/uploads\/2021\/01\/REPORTESABADO-460x460.jpg\" alt=\"\" class=\"wp-image-72430\" srcset=\"https:\/\/infoecos.com.ar\/wp-content\/uploads\/2021\/01\/REPORTESABADO-460x460.jpg 460w, https:\/\/infoecos.com.ar\/wp-content\/uploads\/2021\/01\/REPORTESABADO-920x920.jpg 920w, https:\/\/infoecos.com.ar\/wp-content\/uploads\/2021\/01\/REPORTESABADO-150x150.jpg 150w, https:\/\/infoecos.com.ar\/wp-content\/uploads\/2021\/01\/REPORTESABADO-768x769.jpg 768w, https:\/\/infoecos.com.ar\/wp-content\/uploads\/2021\/01\/REPORTESABADO-1024x1025.jpg 1024w, https:\/\/infoecos.com.ar\/wp-content\/uploads\/2021\/01\/REPORTESABADO.jpg 1279w\" sizes=\"auto, (max-width: 460px) 100vw, 460px\" \/><\/figure><\/div>\n\n\n\n<p class=\"wp-block-paragraph\">Cuarenta y dos (42) de los nuevos casos confirmados corresponden a Trenque Lauquen -31 por hisopado y 11 por criterio o nexo- y dos (2) a Treinta de Agosto \u2013uno (1) por testeo y uno (1) por nexo o criterio-.<\/p>\n\n\n\n<p class=\"wp-block-paragraph\">De los 150 casos activos, 140 pertenecen a la ciudad cabecera y diez (10) a Treinta de Agosto: ocho (8) se encuentran en el Hospital Municipal, seis (6) en el Centro Extrahospitalario que funciona en el ex Hotel Pailla Hu\u00e9 y 136 en sus domicilios particulares.<\/p>\n\n\n\n<p class=\"wp-block-paragraph\">Las personas recuperadas desde el comienzo de la pandemia hasta la fecha suman 1.288, incluidas las 19 que recibieron el alta en las \u00faltimas 24 horas, 17 de Trenque Lauquen y dos (2) de Treinta de Agosto. En el mismo per\u00edodo fueron descartados 2.964 casos, ya incorporados los 106 de hoy: 103 de la ciudad cabecera y tres (3) de Treinta de Agosto.<\/p>\n\n\n\n<p class=\"wp-block-paragraph\">Hay 121 casos sospechosos -112 de Trenque Lauquen y nueve (9) de Treinta de Agosto- y 328 personas en aislamiento -255 de Trenque Lauquen y 73 de Treinta de Agosto-.<\/p>\n","protected":false},"excerpt":{"rendered":"<p>De los 150 casos activos, 140 pertenecen a la ciudad cabecera y diez (10) a Treinta de Agosto: ocho (8) se encuentran en el Hospital Municipal, seis (6) en el Centro Extrahospitalario que funciona en el ex Hotel Pailla Hu\u00e9 y 136 en sus domicilios particulares<\/p>\n","protected":false},"author":2,"featured_media":59464,"comment_status":"closed","ping_status":"open","sticky":false,"template":"","format":"standard","meta":{"footnotes":""},"categories":[1613],"tags":[156],"class_list":["post-72429","post","type-post","status-publish","format-standard","has-post-thumbnail","hentry","category-noticia-secundaria","tag-salud"],"featured_image_urls":{"full":["https:\/\/infoecos.com.ar\/wp-content\/uploads\/IMG_20200323_191545.jpg",1600,1200,false],"thumbnail":["https:\/\/infoecos.com.ar\/wp-content\/uploads\/IMG_20200323_191545-150x150.jpg",150,150,true],"medium":["https:\/\/infoecos.com.ar\/wp-content\/uploads\/IMG_20200323_191545-460x345.jpg",460,345,true],"medium_large":["https:\/\/infoecos.com.ar\/wp-content\/uploads\/IMG_20200323_191545-768x576.jpg",640,480,true],"large":["https:\/\/infoecos.com.ar\/wp-content\/uploads\/IMG_20200323_191545-920x690.jpg",640,480,true],"1536x1536":["https:\/\/infoecos.com.ar\/wp-content\/uploads\/IMG_20200323_191545-1536x1152.jpg",1536,1152,true],"2048x2048":["https:\/\/infoecos.com.ar\/wp-content\/uploads\/IMG_20200323_191545.jpg",1600,1200,false],"covernews-slider-full":["https:\/\/infoecos.com.ar\/wp-content\/uploads\/IMG_20200323_191545-1536x1020.jpg",1077,715,true],"covernews-slider-center":["https:\/\/infoecos.com.ar\/wp-content\/uploads\/IMG_20200323_191545-936x897.jpg",522,500,true],"covernews-featured":["https:\/\/infoecos.com.ar\/wp-content\/uploads\/IMG_20200323_191545-1024x768.jpg",1024,768,true],"covernews-medium":["https:\/\/infoecos.com.ar\/wp-content\/uploads\/IMG_20200323_191545-720x380.jpg",540,285,true],"covernews-medium-square":["https:\/\/infoecos.com.ar\/wp-content\/uploads\/IMG_20200323_191545-675x450.jpg",375,250,true]},"author_info":{"info":["Jorge Matheus"]},"category_info":"<a href=\"https:\/\/infoecos.com.ar\/index.php\/category\/noticia-secundaria\/\" rel=\"category tag\">Noticia Secundaria<\/a>","tag_info":"Noticia Secundaria","comment_count":"0","_links":{"self":[{"href":"https:\/\/infoecos.com.ar\/index.php\/wp-json\/wp\/v2\/posts\/72429","targetHints":{"allow":["GET"]}}],"collection":[{"href":"https:\/\/infoecos.com.ar\/index.php\/wp-json\/wp\/v2\/posts"}],"about":[{"href":"https:\/\/infoecos.com.ar\/index.php\/wp-json\/wp\/v2\/types\/post"}],"author":[{"embeddable":true,"href":"https:\/\/infoecos.com.ar\/index.php\/wp-json\/wp\/v2\/users\/2"}],"replies":[{"embeddable":true,"href":"https:\/\/infoecos.com.ar\/index.php\/wp-json\/wp\/v2\/comments?post=72429"}],"version-history":[{"count":1,"href":"https:\/\/infoecos.com.ar\/index.php\/wp-json\/wp\/v2\/posts\/72429\/revisions"}],"predecessor-version":[{"id":72431,"href":"https:\/\/infoecos.com.ar\/index.php\/wp-json\/wp\/v2\/posts\/72429\/revisions\/72431"}],"wp:featuredmedia":[{"embeddable":true,"href":"https:\/\/infoecos.com.ar\/index.php\/wp-json\/wp\/v2\/media\/59464"}],"wp:attachment":[{"href":"https:\/\/infoecos.com.ar\/index.php\/wp-json\/wp\/v2\/media?parent=72429"}],"wp:term":[{"taxonomy":"category","embeddable":true,"href":"https:\/\/infoecos.com.ar\/index.php\/wp-json\/wp\/v2\/categories?post=72429"},{"taxonomy":"post_tag","embeddable":true,"href":"https:\/\/infoecos.com.ar\/index.php\/wp-json\/wp\/v2\/tags?post=72429"}],"curies":[{"name":"wp","href":"https:\/\/api.w.org\/{rel}","templated":true}]}}