{"id":72449,"date":"2021-01-11T00:21:34","date_gmt":"2021-01-11T03:21:34","guid":{"rendered":"http:\/\/infoecos.com.ar\/?p=72449"},"modified":"2021-01-11T00:32:44","modified_gmt":"2021-01-11T03:32:44","slug":"un-arbol-cayo-sobre-un-auto-en-la-ruta-65-a-la-altura-de-andant-y-murio-un-menor-de-edad","status":"publish","type":"post","link":"https:\/\/infoecos.com.ar\/index.php\/un-arbol-cayo-sobre-un-auto-en-la-ruta-65-a-la-altura-de-andant-y-murio-un-menor-de-edad\/","title":{"rendered":"Un \u00e1rbol cay\u00f3 sobre un auto en la Ruta 65 a la altura de Andant y muri\u00f3 un menor de edad"},"content":{"rendered":"\n<p class=\"wp-block-paragraph\">Un menor muri\u00f3 a ra\u00edz de un grave accidente ocurrido sobre la ruta provincial n\u00famero 65, mientras se registraba una fuerte tormenta.<\/p>\n\n\n\n<div class=\"wp-block-image\"><figure class=\"aligncenter size-medium\"><img loading=\"lazy\" decoding=\"async\" width=\"460\" height=\"345\" src=\"http:\/\/infoecos.com.ar\/wp-content\/uploads\/2021\/01\/radiomasdaireaux-460x345.jpg\" alt=\"\" class=\"wp-image-72450\" srcset=\"https:\/\/infoecos.com.ar\/wp-content\/uploads\/2021\/01\/radiomasdaireaux-460x345.jpg 460w, https:\/\/infoecos.com.ar\/wp-content\/uploads\/2021\/01\/radiomasdaireaux-920x690.jpg 920w, https:\/\/infoecos.com.ar\/wp-content\/uploads\/2021\/01\/radiomasdaireaux-768x576.jpg 768w, https:\/\/infoecos.com.ar\/wp-content\/uploads\/2021\/01\/radiomasdaireaux.jpg 960w\" sizes=\"auto, (max-width: 460px) 100vw, 460px\" \/><\/figure><\/div>\n\n\n\n<p class=\"wp-block-paragraph\">Un \u00e1rbol fue tirado por la fuerte tormenta, y en lo que podr\u00eda considerarse un hecho ins\u00f3lito cay\u00f3 sobre el veh\u00edculo en que se transportaba, el menor, junto a su familia.<\/p>\n\n\n\n<p class=\"wp-block-paragraph\">El hecho ocurri\u00f3 a unos 1.500 metros de Andant, entre Daireaux y Bonifacio.<\/p>\n\n\n\n<div class=\"wp-block-image\"><figure class=\"aligncenter size-medium\"><img loading=\"lazy\" decoding=\"async\" width=\"460\" height=\"345\" src=\"http:\/\/infoecos.com.ar\/wp-content\/uploads\/2021\/01\/radiomasdaireaux1-460x345.jpg\" alt=\"\" class=\"wp-image-72451\" srcset=\"https:\/\/infoecos.com.ar\/wp-content\/uploads\/2021\/01\/radiomasdaireaux1-460x345.jpg 460w, https:\/\/infoecos.com.ar\/wp-content\/uploads\/2021\/01\/radiomasdaireaux1-920x690.jpg 920w, https:\/\/infoecos.com.ar\/wp-content\/uploads\/2021\/01\/radiomasdaireaux1-768x576.jpg 768w, https:\/\/infoecos.com.ar\/wp-content\/uploads\/2021\/01\/radiomasdaireaux1.jpg 960w\" sizes=\"auto, (max-width: 460px) 100vw, 460px\" \/><\/figure><\/div>\n\n\n\n<p class=\"wp-block-paragraph\">Trabajaron en el lugar, Bomberos Voluntarios, Polic\u00eda, y personal de salud del Hospital Municipal.<\/p>\n\n\n\n<p class=\"wp-block-paragraph\"><strong>Fuentes: Radio M\u00e1s de Daireaux y redes sociales.<\/strong> <\/p>\n","protected":false},"excerpt":{"rendered":"<p>El hecho ocurri\u00f3 a unos 1.500 metros de Andant, entre Daireaux y Bonifacio<\/p>\n","protected":false},"author":2,"featured_media":72451,"comment_status":"closed","ping_status":"open","sticky":false,"template":"","format":"standard","meta":{"footnotes":""},"categories":[1613],"tags":[2566],"class_list":["post-72449","post","type-post","status-publish","format-standard","has-post-thumbnail","hentry","category-noticia-secundaria","tag-insolito-accidente"],"featured_image_urls":{"full":["https:\/\/infoecos.com.ar\/wp-content\/uploads\/2021\/01\/radiomasdaireaux1.jpg",960,720,false],"thumbnail":["https:\/\/infoecos.com.ar\/wp-content\/uploads\/2021\/01\/radiomasdaireaux1-150x150.jpg",150,150,true],"medium":["https:\/\/infoecos.com.ar\/wp-content\/uploads\/2021\/01\/radiomasdaireaux1-460x345.jpg",460,345,true],"medium_large":["https:\/\/infoecos.com.ar\/wp-content\/uploads\/2021\/01\/radiomasdaireaux1-768x576.jpg",640,480,true],"large":["https:\/\/infoecos.com.ar\/wp-content\/uploads\/2021\/01\/radiomasdaireaux1-920x690.jpg",640,480,true],"1536x1536":["https:\/\/infoecos.com.ar\/wp-content\/uploads\/2021\/01\/radiomasdaireaux1.jpg",960,720,false],"2048x2048":["https:\/\/infoecos.com.ar\/wp-content\/uploads\/2021\/01\/radiomasdaireaux1.jpg",960,720,false],"covernews-slider-full":["https:\/\/infoecos.com.ar\/wp-content\/uploads\/2021\/01\/radiomasdaireaux1.jpg",953,715,false],"covernews-slider-center":["https:\/\/infoecos.com.ar\/wp-content\/uploads\/2021\/01\/radiomasdaireaux1-936x720.jpg",650,500,true],"covernews-featured":["https:\/\/infoecos.com.ar\/wp-content\/uploads\/2021\/01\/radiomasdaireaux1.jpg",960,720,false],"covernews-medium":["https:\/\/infoecos.com.ar\/wp-content\/uploads\/2021\/01\/radiomasdaireaux1-720x380.jpg",540,285,true],"covernews-medium-square":["https:\/\/infoecos.com.ar\/wp-content\/uploads\/2021\/01\/radiomasdaireaux1-675x450.jpg",375,250,true]},"author_info":{"info":["Jorge Matheus"]},"category_info":"<a href=\"https:\/\/infoecos.com.ar\/index.php\/category\/noticia-secundaria\/\" rel=\"category tag\">Noticia Secundaria<\/a>","tag_info":"Noticia Secundaria","comment_count":"0","_links":{"self":[{"href":"https:\/\/infoecos.com.ar\/index.php\/wp-json\/wp\/v2\/posts\/72449","targetHints":{"allow":["GET"]}}],"collection":[{"href":"https:\/\/infoecos.com.ar\/index.php\/wp-json\/wp\/v2\/posts"}],"about":[{"href":"https:\/\/infoecos.com.ar\/index.php\/wp-json\/wp\/v2\/types\/post"}],"author":[{"embeddable":true,"href":"https:\/\/infoecos.com.ar\/index.php\/wp-json\/wp\/v2\/users\/2"}],"replies":[{"embeddable":true,"href":"https:\/\/infoecos.com.ar\/index.php\/wp-json\/wp\/v2\/comments?post=72449"}],"version-history":[{"count":2,"href":"https:\/\/infoecos.com.ar\/index.php\/wp-json\/wp\/v2\/posts\/72449\/revisions"}],"predecessor-version":[{"id":72461,"href":"https:\/\/infoecos.com.ar\/index.php\/wp-json\/wp\/v2\/posts\/72449\/revisions\/72461"}],"wp:featuredmedia":[{"embeddable":true,"href":"https:\/\/infoecos.com.ar\/index.php\/wp-json\/wp\/v2\/media\/72451"}],"wp:attachment":[{"href":"https:\/\/infoecos.com.ar\/index.php\/wp-json\/wp\/v2\/media?parent=72449"}],"wp:term":[{"taxonomy":"category","embeddable":true,"href":"https:\/\/infoecos.com.ar\/index.php\/wp-json\/wp\/v2\/categories?post=72449"},{"taxonomy":"post_tag","embeddable":true,"href":"https:\/\/infoecos.com.ar\/index.php\/wp-json\/wp\/v2\/tags?post=72449"}],"curies":[{"name":"wp","href":"https:\/\/api.w.org\/{rel}","templated":true}]}}