{"id":72453,"date":"2021-01-11T00:28:52","date_gmt":"2021-01-11T03:28:52","guid":{"rendered":"http:\/\/infoecos.com.ar\/?p=72453"},"modified":"2021-01-11T00:28:55","modified_gmt":"2021-01-11T03:28:55","slug":"una-vecina-de-pehuajo-murio-al-despistarse-en-ruta-nacional-numero-5","status":"publish","type":"post","link":"https:\/\/infoecos.com.ar\/index.php\/una-vecina-de-pehuajo-murio-al-despistarse-en-ruta-nacional-numero-5\/","title":{"rendered":"Una vecina de Pehuaj\u00f3 muri\u00f3 al despistarse en Ruta Nacional n\u00famero 5"},"content":{"rendered":"\n<p class=\"wp-block-paragraph\">En el kil\u00f3metro 368 de la Ruta Nacional n\u00famero 5, direcci\u00f3n Pehuaj\u00f3-Trenque Lauquen, una vecina de la primera de las ciudades mencionadas se despist\u00f3 y falleci\u00f3.<\/p>\n\n\n\n<div class=\"wp-block-image\"><figure class=\"aligncenter size-medium\"><img loading=\"lazy\" decoding=\"async\" width=\"460\" height=\"430\" src=\"http:\/\/infoecos.com.ar\/wp-content\/uploads\/2021\/01\/toyotaetios1-460x430.jpg\" alt=\"\" class=\"wp-image-72454\" srcset=\"https:\/\/infoecos.com.ar\/wp-content\/uploads\/2021\/01\/toyotaetios1-460x430.jpg 460w, https:\/\/infoecos.com.ar\/wp-content\/uploads\/2021\/01\/toyotaetios1.jpg 604w\" sizes=\"auto, (max-width: 460px) 100vw, 460px\" \/><\/figure><\/div>\n\n\n\n<p class=\"wp-block-paragraph\">El accidente se produjo a media tarde y, al cierre de esta edici\u00f3n de Infoecos, a\u00fan no hab\u00eda sido dado a conocer su identidad. Solo se pudo rescatar que resid\u00eda en la calle Echeverr\u00eda y que ten\u00eda 77 a\u00f1os.<\/p>\n\n\n\n<p class=\"wp-block-paragraph\">Actuaron los Bomberos Voluntarios de la ciudad pehuajense y de otras comunidades del distrito. <\/p>\n\n\n\n<div class=\"wp-block-image\"><figure class=\"aligncenter size-medium\"><img loading=\"lazy\" decoding=\"async\" width=\"338\" height=\"460\" src=\"http:\/\/infoecos.com.ar\/wp-content\/uploads\/2021\/01\/toyotaetios-338x460.jpg\" alt=\"\" class=\"wp-image-72455\" srcset=\"https:\/\/infoecos.com.ar\/wp-content\/uploads\/2021\/01\/toyotaetios-338x460.jpg 338w, https:\/\/infoecos.com.ar\/wp-content\/uploads\/2021\/01\/toyotaetios.jpg 359w\" sizes=\"auto, (max-width: 338px) 100vw, 338px\" \/><\/figure><\/div>\n\n\n\n<p class=\"wp-block-paragraph\">La violencia del impacto queda evidenciada en las fotograf\u00edas que se difundieron a trav\u00e9s de las redes sociales, a los pocos minutos de ocurrida la tragedia.<\/p>\n\n\n\n<p class=\"wp-block-paragraph\">La persona fallecida conduc\u00eda un Toyota Ethios. <\/p>\n\n\n\n<figure class=\"wp-block-gallery columns-3 is-cropped wp-block-gallery-1 is-layout-flex wp-block-gallery-is-layout-flex\"><ul class=\"blocks-gallery-grid\"><li class=\"blocks-gallery-item\"><figure><img loading=\"lazy\" decoding=\"async\" width=\"359\" height=\"489\" src=\"http:\/\/infoecos.com.ar\/wp-content\/uploads\/2021\/01\/toyotaetios-1.jpg\" alt=\"\" data-id=\"72456\" data-full-url=\"http:\/\/infoecos.com.ar\/wp-content\/uploads\/2021\/01\/toyotaetios-1.jpg\" data-link=\"http:\/\/infoecos.com.ar\/?attachment_id=72456\" class=\"wp-image-72456\" srcset=\"https:\/\/infoecos.com.ar\/wp-content\/uploads\/2021\/01\/toyotaetios-1.jpg 359w, https:\/\/infoecos.com.ar\/wp-content\/uploads\/2021\/01\/toyotaetios-1-338x460.jpg 338w\" sizes=\"auto, (max-width: 359px) 100vw, 359px\" \/><\/figure><\/li><li class=\"blocks-gallery-item\"><figure><img loading=\"lazy\" decoding=\"async\" width=\"604\" height=\"565\" src=\"http:\/\/infoecos.com.ar\/wp-content\/uploads\/2021\/01\/toyotaetios1-1.jpg\" alt=\"\" data-id=\"72457\" data-full-url=\"http:\/\/infoecos.com.ar\/wp-content\/uploads\/2021\/01\/toyotaetios1-1.jpg\" data-link=\"http:\/\/infoecos.com.ar\/?attachment_id=72457\" class=\"wp-image-72457\" srcset=\"https:\/\/infoecos.com.ar\/wp-content\/uploads\/2021\/01\/toyotaetios1-1.jpg 604w, https:\/\/infoecos.com.ar\/wp-content\/uploads\/2021\/01\/toyotaetios1-1-460x430.jpg 460w\" sizes=\"auto, (max-width: 604px) 100vw, 604px\" \/><\/figure><\/li><li class=\"blocks-gallery-item\"><figure><img loading=\"lazy\" decoding=\"async\" width=\"425\" height=\"920\" src=\"http:\/\/infoecos.com.ar\/wp-content\/uploads\/2021\/01\/toyotaetios2-425x920.jpg\" alt=\"\" data-id=\"72458\" data-full-url=\"http:\/\/infoecos.com.ar\/wp-content\/uploads\/2021\/01\/toyotaetios2.jpg\" data-link=\"http:\/\/infoecos.com.ar\/?attachment_id=72458\" class=\"wp-image-72458\" srcset=\"https:\/\/infoecos.com.ar\/wp-content\/uploads\/2021\/01\/toyotaetios2-425x920.jpg 425w, https:\/\/infoecos.com.ar\/wp-content\/uploads\/2021\/01\/toyotaetios2-212x460.jpg 212w, https:\/\/infoecos.com.ar\/wp-content\/uploads\/2021\/01\/toyotaetios2.jpg 640w\" sizes=\"auto, (max-width: 425px) 100vw, 425px\" \/><\/figure><\/li><\/ul><\/figure>\n","protected":false},"excerpt":{"rendered":"<p>El accidente se produjo a media tarde y, al cierre de esta edici\u00f3n de Infoecos, a\u00fan no hab\u00eda sido dado a conocer su identidad. Solo se pudo rescatar que resid\u00eda en la calle Echeverr\u00eda y que ten\u00eda 77 a\u00f1os<\/p>\n","protected":false},"author":2,"featured_media":72455,"comment_status":"closed","ping_status":"open","sticky":false,"template":"","format":"standard","meta":{"footnotes":""},"categories":[1613],"tags":[2567],"class_list":["post-72453","post","type-post","status-publish","format-standard","has-post-thumbnail","hentry","category-noticia-secundaria","tag-entre-pehuajo-y-trenque-lauquen"],"featured_image_urls":{"full":["https:\/\/infoecos.com.ar\/wp-content\/uploads\/2021\/01\/toyotaetios.jpg",359,489,false],"thumbnail":["https:\/\/infoecos.com.ar\/wp-content\/uploads\/2021\/01\/toyotaetios-150x150.jpg",150,150,true],"medium":["https:\/\/infoecos.com.ar\/wp-content\/uploads\/2021\/01\/toyotaetios-338x460.jpg",338,460,true],"medium_large":["https:\/\/infoecos.com.ar\/wp-content\/uploads\/2021\/01\/toyotaetios.jpg",359,489,false],"large":["https:\/\/infoecos.com.ar\/wp-content\/uploads\/2021\/01\/toyotaetios.jpg",359,489,false],"1536x1536":["https:\/\/infoecos.com.ar\/wp-content\/uploads\/2021\/01\/toyotaetios.jpg",359,489,false],"2048x2048":["https:\/\/infoecos.com.ar\/wp-content\/uploads\/2021\/01\/toyotaetios.jpg",359,489,false],"covernews-slider-full":["https:\/\/infoecos.com.ar\/wp-content\/uploads\/2021\/01\/toyotaetios.jpg",359,489,false],"covernews-slider-center":["https:\/\/infoecos.com.ar\/wp-content\/uploads\/2021\/01\/toyotaetios.jpg",359,489,false],"covernews-featured":["https:\/\/infoecos.com.ar\/wp-content\/uploads\/2021\/01\/toyotaetios.jpg",359,489,false],"covernews-medium":["https:\/\/infoecos.com.ar\/wp-content\/uploads\/2021\/01\/toyotaetios-359x380.jpg",321,340,true],"covernews-medium-square":["https:\/\/infoecos.com.ar\/wp-content\/uploads\/2021\/01\/toyotaetios-359x450.jpg",199,250,true]},"author_info":{"info":["Jorge Matheus"]},"category_info":"<a href=\"https:\/\/infoecos.com.ar\/index.php\/category\/noticia-secundaria\/\" rel=\"category tag\">Noticia Secundaria<\/a>","tag_info":"Noticia Secundaria","comment_count":"0","_links":{"self":[{"href":"https:\/\/infoecos.com.ar\/index.php\/wp-json\/wp\/v2\/posts\/72453","targetHints":{"allow":["GET"]}}],"collection":[{"href":"https:\/\/infoecos.com.ar\/index.php\/wp-json\/wp\/v2\/posts"}],"about":[{"href":"https:\/\/infoecos.com.ar\/index.php\/wp-json\/wp\/v2\/types\/post"}],"author":[{"embeddable":true,"href":"https:\/\/infoecos.com.ar\/index.php\/wp-json\/wp\/v2\/users\/2"}],"replies":[{"embeddable":true,"href":"https:\/\/infoecos.com.ar\/index.php\/wp-json\/wp\/v2\/comments?post=72453"}],"version-history":[{"count":1,"href":"https:\/\/infoecos.com.ar\/index.php\/wp-json\/wp\/v2\/posts\/72453\/revisions"}],"predecessor-version":[{"id":72459,"href":"https:\/\/infoecos.com.ar\/index.php\/wp-json\/wp\/v2\/posts\/72453\/revisions\/72459"}],"wp:featuredmedia":[{"embeddable":true,"href":"https:\/\/infoecos.com.ar\/index.php\/wp-json\/wp\/v2\/media\/72455"}],"wp:attachment":[{"href":"https:\/\/infoecos.com.ar\/index.php\/wp-json\/wp\/v2\/media?parent=72453"}],"wp:term":[{"taxonomy":"category","embeddable":true,"href":"https:\/\/infoecos.com.ar\/index.php\/wp-json\/wp\/v2\/categories?post=72453"},{"taxonomy":"post_tag","embeddable":true,"href":"https:\/\/infoecos.com.ar\/index.php\/wp-json\/wp\/v2\/tags?post=72453"}],"curies":[{"name":"wp","href":"https:\/\/api.w.org\/{rel}","templated":true}]}}