{"id":72462,"date":"2021-01-11T00:43:18","date_gmt":"2021-01-11T03:43:18","guid":{"rendered":"http:\/\/infoecos.com.ar\/?p=72462"},"modified":"2021-01-11T00:45:04","modified_gmt":"2021-01-11T03:45:04","slug":"inesperada-decision-del-gobierno-nacional-suspendio-la-medida-que-cerraba-las-exportaciones-de-maiz","status":"publish","type":"post","link":"https:\/\/infoecos.com.ar\/index.php\/inesperada-decision-del-gobierno-nacional-suspendio-la-medida-que-cerraba-las-exportaciones-de-maiz\/","title":{"rendered":"Inesperada decisi\u00f3n del Gobierno Nacional: suspendi\u00f3 la medida que cerraba las exportaciones de ma\u00edz"},"content":{"rendered":"\n<p class=\"wp-block-paragraph\">El Gobierno Nacional anunci\u00f3 a la medianoche de este domingo que resolvi\u00f3 suspender la medida que determin\u00f3 la convocatoria a un cese de comercializaci\u00f3n del sector agropecuario. Se trataba del cierre a las exportaciones de ma\u00edz.<\/p>\n\n\n\n<div class=\"wp-block-image\"><figure class=\"aligncenter size-medium\"><img decoding=\"async\" src=\"http:\/\/infoecos.com.ar\/wp-content\/uploads\/11-02-19-460x305.jpg\" alt=\"\" class=\"wp-image-53990\"\/><figcaption>Ma\u00edz<\/figcaption><\/figure><\/div>\n\n\n\n<p class=\"wp-block-paragraph\">El comunicado dado a conocer a \u00faltima hora es el siguiente y, seg\u00fan trascendi\u00f3, las entidades mantendr\u00e1n &#8211; pese a la decisi\u00f3n gubernamental &#8211; lo dispuesto hasta el mi\u00e9rcoles pr\u00f3ximo.<\/p>\n\n\n\n<p class=\"wp-block-paragraph\"><em><strong>\u201cLuego de intensas negociaciones entre el Ministerio de Agricultura, Ganader\u00eda y Pesca de la Naci\u00f3n y los representantes del Consejo Agroindustrial Argentino (CAA), incluidos representantes de Maizar, CIARA CEC, y de las producciones aviar, entre otras, en referencia a la situaci\u00f3n del mercado de ma\u00edz en la Rep\u00fablica Argentina, se alcanzaron acuerdos entre los distintos actores de la cadena agroindustrial de esta materia prima y se verifica el compromiso de los oferentes al abastecimiento del mercado con fluidez hasta el empalme con la campa\u00f1a 20\/21. Compromiso aceptado por los sectores demandantes de las cadenas productoras de alimentos de consumo.<\/strong><\/em><\/p>\n\n\n\n<p class=\"wp-block-paragraph\"><em><strong>Asimismo, es de preocupaci\u00f3n del Estado Nacional, el impacto de los precios de esta materia prima sobre las distintas cadenas de transformaci\u00f3n en alimentos de la mesa de los argentinos y argentinas.<\/strong><\/em><\/p>\n\n\n\n<p class=\"wp-block-paragraph\"><em><strong>En este sentido, el CAA tambi\u00e9n expres\u00f3 preocupaci\u00f3n similar, acord\u00e1ndose un cronograma de trabajo, con inicio el pr\u00f3ximo martes 12 del corriente, a los efectos de trabajar propuestas para desacoplar los precios internacionales de los dom\u00e9sticos.<\/strong><\/em><\/p>\n\n\n\n<p class=\"wp-block-paragraph\"><em><strong>Considerando desde el Gobierno Nacional que se alcanz\u00f3 el compromiso de garantizar la oferta de ma\u00edz a las distintas cadenas de producci\u00f3n, pero que resta a\u00fan resolver las condiciones de accesibilidad a dicha oferta no s\u00f3lo en t\u00e9rminos de cantidad sino tambi\u00e9n de precios, y atento al acuerdo del CAA, se decide dejar sin efecto provisoriamente la medida de suspensi\u00f3n de registros de DJVE de Ma\u00edz.<\/strong><\/em><\/p>\n\n\n\n<p class=\"wp-block-paragraph\"><em><strong>No obstante, durante el per\u00edodo de an\u00e1lisis de las alternativas para el logro de estos objetivos, mientras se alcanzan los consensos, el MAGyP, a trav\u00e9s de la Subsecretar\u00eda de Mercados realizar\u00e1 un monitoreo a fin de garantizar la disponibilidad para la demanda interna de ma\u00edz de la campa\u00f1a 19\/20. A tal efecto, las DJVE Ma\u00edz 19\/20 no podr\u00e1n superar las 30.000 toneladas diarias.\u00a0<\/strong><\/em><\/p>\n\n\n\n<p class=\"wp-block-paragraph\"><em><strong>Estar\u00e1n exceptuadas de este requerimiento las especialidades Flint y las org\u00e1nicas NOP.<\/strong><\/em><\/p>\n\n\n\n<p class=\"wp-block-paragraph\"><em><strong>En virtud del di\u00e1logo continuo y el trabajo virtuoso entre el sector productivo, de comercializaci\u00f3n y la industria representados por el CAA, con el Ministerio de Agricultura, se logr\u00f3 atender los diversos intereses sectoriales sin desatender los sociales\u201d.<\/strong><\/em><\/p>\n","protected":false},"excerpt":{"rendered":"<p>El comunicado dado a conocer a \u00faltima hora es el siguiente y, seg\u00fan trascendi\u00f3, las entidades mantendr\u00e1n &#8211; pese a la decisi\u00f3n gubernamental &#8211; la medida de fuerza<\/p>\n","protected":false},"author":2,"featured_media":53990,"comment_status":"closed","ping_status":"open","sticky":false,"template":"","format":"standard","meta":{"footnotes":""},"categories":[28],"tags":[155],"class_list":["post-72462","post","type-post","status-publish","format-standard","has-post-thumbnail","hentry","category-c1nota1","tag-politica"],"featured_image_urls":{"full":"","thumbnail":"","medium":"","medium_large":"","large":"","1536x1536":"","2048x2048":"","covernews-slider-full":"","covernews-slider-center":"","covernews-featured":"","covernews-medium":"","covernews-medium-square":""},"author_info":{"info":["Jorge Matheus"]},"category_info":"<a href=\"https:\/\/infoecos.com.ar\/index.php\/category\/c1nota1\/\" rel=\"category tag\">C1 N1<\/a>","tag_info":"C1 N1","comment_count":"0","_links":{"self":[{"href":"https:\/\/infoecos.com.ar\/index.php\/wp-json\/wp\/v2\/posts\/72462","targetHints":{"allow":["GET"]}}],"collection":[{"href":"https:\/\/infoecos.com.ar\/index.php\/wp-json\/wp\/v2\/posts"}],"about":[{"href":"https:\/\/infoecos.com.ar\/index.php\/wp-json\/wp\/v2\/types\/post"}],"author":[{"embeddable":true,"href":"https:\/\/infoecos.com.ar\/index.php\/wp-json\/wp\/v2\/users\/2"}],"replies":[{"embeddable":true,"href":"https:\/\/infoecos.com.ar\/index.php\/wp-json\/wp\/v2\/comments?post=72462"}],"version-history":[{"count":2,"href":"https:\/\/infoecos.com.ar\/index.php\/wp-json\/wp\/v2\/posts\/72462\/revisions"}],"predecessor-version":[{"id":72464,"href":"https:\/\/infoecos.com.ar\/index.php\/wp-json\/wp\/v2\/posts\/72462\/revisions\/72464"}],"wp:attachment":[{"href":"https:\/\/infoecos.com.ar\/index.php\/wp-json\/wp\/v2\/media?parent=72462"}],"wp:term":[{"taxonomy":"category","embeddable":true,"href":"https:\/\/infoecos.com.ar\/index.php\/wp-json\/wp\/v2\/categories?post=72462"},{"taxonomy":"post_tag","embeddable":true,"href":"https:\/\/infoecos.com.ar\/index.php\/wp-json\/wp\/v2\/tags?post=72462"}],"curies":[{"name":"wp","href":"https:\/\/api.w.org\/{rel}","templated":true}]}}